{"id":175754,"date":"2020-08-11T12:13:46","date_gmt":"2020-08-11T10:13:46","guid":{"rendered":"http:\/\/www.brundisium.net\/?p=175754"},"modified":"2020-08-11T12:13:46","modified_gmt":"2020-08-11T10:13:46","slug":"inaugurata-la-50a-mostra-fasanese-dellartigianato","status":"publish","type":"post","link":"https:\/\/www.brundisium.net\/index.php\/inaugurata-la-50a-mostra-fasanese-dellartigianato\/","title":{"rendered":"Inaugurata la 50\u00aa Mostra Fasanese dell\u2019artigianato"},"content":{"rendered":"<p>Da 70 anni l\u2019appuntamento per eccellenza dell\u2019estate silvana, la \u201cMostra Artigiana\u201d, poi divenuta \u201cMostra dell\u2019artigianato fasanese\u201d per trasformarsi definitivamente in \u201cMostra Fasanese dell\u2019Artigianato\u201d, \u00e8 il luogo in cui i diversi artigiani e artieri hanno avuto la possibilit\u00e0 di esporre le loro creazioni.<br \/>\nLa cerimonia di inaugurazione \u00e8 stata preceduta dal corteo storico di figuranti dell\u2019associazione Giugno Fasanese, che ha sfilato in lungo per viale Toledo; dallo spettacolo di fuoco offerto dall\u2019associazione MentiArdenti e dall\u2019accompagnamento musicale della banda Citt\u00e0 di Fasano \u201cIgnazio Ciaia\u201d.<br \/>\nComplice il fresco silvano un gran numero di pubblico ha assistito partecipe agli spettacoli di contorno di questa inaugurazione.<br \/>\nIl presentatore della serata, Mimmo Capozzi, responsabile della Comunicazione del Comune di Fasano, ha ripercorso brevemente la storia della Mostra, partendo da colui che ha ideato e realizzato la prima edizione, il compianto Aquilino Giannaccari.<\/p>\n<p>&nbsp;<\/p>\n<p>Prima del tradizionale taglio del nastro gli interventi istituzionali della console della Croazia per la Puglia e la Basilicata, Rosa Al\u00f2 e del presidente dell\u2019associazione \u201cU Mestre\u201d fondata per prendere le redini dell\u2019organizzazione della Mostra, Alfonso Belfiore. L\u2019assessore alle Attivit\u00e0 Produttive, Luana Amati, dopo aver porto i saluti del Sindaco Zaccaria, impossibilitato ad essere presente per sopraggiunti impegni istituzionali, ha cos\u00ec commentato:<\/p>\n<p>&nbsp;<\/p>\n<p>\u00ab Con la buona volont\u00e0 e l\u2019impegno di tutti siamo giunti all\u2019agognato traguardo della 50\u00aa edizione della Mostra Fasanese dell\u2019Artigianato, assolutamente incerto fino a qualche settimana fa.<br \/>\nNonostante le difficolt\u00e0, infatti, abbiamo fortemente voluto dare alla citt\u00e0 ed al territorio l\u2019opportunit\u00e0 di apprezzare il lavoro dei nostri artieri che continua ad esprimere un condensato della nobile tradizione artigiana fasanese.<br \/>\nUna bella integrazione tra la tradizione e l\u2019innovazione, dove, il tornare indietro non vuol dire andare all\u2019indietro ma trarre dalle risorse del passato gli stimoli per continuare ad esprimere le ricchezze autentiche di questo paese.<br \/>\nL\u2019opportunit\u00e0 della annuale Mostra \u00e8 utile, altres\u00ec, a riaffermare che operare, innovare, pensare in grande e non arrendersi mai sono elementi fondamentali per lo sviluppo dell\u2019Artigianato come d\u2019altronde, e pi\u00f9 in generale, della vita.<br \/>\nContinuiamo ad investire nella Mostra con l\u2019augurio di poter vedere in vetrina &#8211; magari in un prossimo futuro &#8211; tutte le attivit\u00e0 produttive di Fasano che vanno valorizzate perch\u00e9 la laboriosit\u00e0 dei Fasanesi possa riaffermarsi nonostante i difficili momenti che continuiamo a vivere. \u00bb<\/p>\n<p>&nbsp;<\/p>\n<p>Sono intervenuti anche il vicepresidente della provincia di Brindisi, Giuseppe Pace e il consigliere regionale e presidente della Commissione Bilancio della Regione Puglia, Fabiano Amati.<\/p>\n<p>&nbsp;<\/p>\n<p>L\u2019assessore alle Attivit\u00e0 Produttive ha presentato e ringraziato tutti coloro che hanno reso possibile questa edizione: l&#8217;associazione Giugno Fasanese, l\u2019associazione culturale MentiArdenti, la banda Citt\u00e0 di Fasano, l\u2019A.N.F.I., Giovanni Laguardia, l\u2019associazione Fatto in Bottega, l&#8217;Universit\u00e0 del Tempo Libero \u201cSan Francesco d&#8217;Assisi\u201d di Fasano, lo studio VGArchitetti che ha curato il progetto d&#8217;allestimento della fiera espositiva, l&#8217;Associazione Culturale Calliope, Tommaso Potenza, lo staff (Fabiola Gargiulo, Giovanna Di Tano, Maria Teresa Amato, Stefania Latorre e Valerio Bianco), l\u2019Ufficio Stampa e Comunicazione, Francesca Radesco, l\u2019associazione Pro Selva, il Lions Club, Gastronomia, tutti gli artisti e tutti gli artigiani.<br \/>\nDue illustri cittadini, Ciro Greco e Mos\u00e8 Schiavone, hanno regalato un omaggio canoro a cui \u00e8 seguita la benedizione da parte di don Carmelo.<br \/>\nA tagliare fattivamente il nastro \u00e8 stato il mastro fabbro Donato Amati, che ha cos\u00ec dato il via alla 50\u00aa edizione della Mostra.<br \/>\nNotevole la risposta dei visitatori per la prima serata, tutti rispettosi delle norme di distanziamento sociale atte a prevenire il diffondersi del contagio del virus COVID-19.<\/p>\n<p>&nbsp;<\/p>\n<p><em><strong>Ufficio Stampa Comune di Fasano<\/strong><\/em><\/p>\n","protected":false},"excerpt":{"rendered":"<p>Da 70 anni l\u2019appuntamento per eccellenza dell\u2019estate silvana, la \u201cMostra Artigiana\u201d, poi divenuta \u201cMostra dell\u2019artigianato fasanese\u201d per trasformarsi definitivamente in \u201cMostra Fasanese dell\u2019Artigianato\u201d, \u00e8 il luogo in cui i diversi artigiani e artieri hanno avuto la possibilit\u00e0 di esporre le loro creazioni. La cerimonia di inaugurazione \u00e8 stata preceduta dal corteo storico di figuranti dell\u2019associazione Giugno Fasanese, che ha sfilato in lungo per viale Toledo; dallo spettacolo di fuoco offerto dall\u2019associazione MentiArdenti e dall\u2019accompagnamento musicale della banda Citt\u00e0 di Fasano \u201cIgnazio Ciaia\u201d. Complice il fresco silvano un gran numero di pubblico ha assistito partecipe agli spettacoli di contorno di questa inaugurazione. Il presentatore della serata, Mimmo Capozzi, responsabile della Comunicazione del Comune di Fasano, ha ripercorso brevemente la storia della Mostra, partendo da colui che ha ideato e realizzato la prima edizione, il compianto Aquilino Giannaccari. &nbsp; Prima del tradizionale taglio del nastro gli interventi istituzionali della console della Croazia per la Puglia e la Basilicata, Rosa Al\u00f2 e del presidente dell\u2019associazione \u201cU Mestre\u201d fondata per prendere le redini dell\u2019organizzazione&#8230;<\/p>\n","protected":false},"author":2,"featured_media":175755,"comment_status":"open","ping_status":"closed","sticky":false,"template":"","format":"standard","meta":{"footnotes":""},"categories":[7],"tags":[],"class_list":["post-175754","post","type-post","status-publish","format-standard","has-post-thumbnail","hentry","category-news"],"_links":{"self":[{"href":"https:\/\/www.brundisium.net\/index.php\/wp-json\/wp\/v2\/posts\/175754","targetHints":{"allow":["GET"]}}],"collection":[{"href":"https:\/\/www.brundisium.net\/index.php\/wp-json\/wp\/v2\/posts"}],"about":[{"href":"https:\/\/www.brundisium.net\/index.php\/wp-json\/wp\/v2\/types\/post"}],"author":[{"embeddable":true,"href":"https:\/\/www.brundisium.net\/index.php\/wp-json\/wp\/v2\/users\/2"}],"replies":[{"embeddable":true,"href":"https:\/\/www.brundisium.net\/index.php\/wp-json\/wp\/v2\/comments?post=175754"}],"version-history":[{"count":1,"href":"https:\/\/www.brundisium.net\/index.php\/wp-json\/wp\/v2\/posts\/175754\/revisions"}],"predecessor-version":[{"id":175756,"href":"https:\/\/www.brundisium.net\/index.php\/wp-json\/wp\/v2\/posts\/175754\/revisions\/175756"}],"wp:featuredmedia":[{"embeddable":true,"href":"https:\/\/www.brundisium.net\/index.php\/wp-json\/wp\/v2\/media\/175755"}],"wp:attachment":[{"href":"https:\/\/www.brundisium.net\/index.php\/wp-json\/wp\/v2\/media?parent=175754"}],"wp:term":[{"taxonomy":"category","embeddable":true,"href":"https:\/\/www.brundisium.net\/index.php\/wp-json\/wp\/v2\/categories?post=175754"},{"taxonomy":"post_tag","embeddable":true,"href":"https:\/\/www.brundisium.net\/index.php\/wp-json\/wp\/v2\/tags?post=175754"}],"curies":[{"name":"wp","href":"https:\/\/api.w.org\/{rel}","templated":true}]}}