{"id":175887,"date":"2020-08-16T15:15:17","date_gmt":"2020-08-16T13:15:17","guid":{"rendered":"http:\/\/www.brundisium.net\/?p=175887"},"modified":"2020-08-16T14:17:29","modified_gmt":"2020-08-16T12:17:29","slug":"tutto-pronto-a-fasano-per-il-concerto-di-daniele-silvestri","status":"publish","type":"post","link":"https:\/\/www.brundisium.net\/index.php\/tutto-pronto-a-fasano-per-il-concerto-di-daniele-silvestri\/","title":{"rendered":"Tutto pronto a Fasano per il concerto di Daniele Silvestri"},"content":{"rendered":"<p>La macchina organizzativa del Comune di Fasano \u00e8 in piena azione per delineare gli ultimi dettagli per il main event dell\u2019estate fasanese, il concerto di Daniele Silvestri in piazza Ciaia il 22 agosto.<br \/>\nL\u2019accesso al pubblico, in un primo momento, era stato preventivato con posti in piedi, ma l\u2019attenzione massima dell\u2019Amministrazione comunale alle normative anti contagio del virus Covid19 hanno fatto optare per i posti a sedere, che permettono, come gi\u00e0 sperimentato nei precedenti eventi in piazza Ciaia, una maggiore garanzia di distanziamento sociale. <\/p>\n<p>Daniele Silvestri, romano classe 1968, \u00e8 uno dei cantautori pi\u00f9 proficui del panorama musicale italiano. I suoi dodici album sono ricercati, in cui egli sperimenta diversi generi musicali. Numerosi sono i suoi successi da \u201cL\u2019uomo col megafono\u201d (Sanremo Nuove Proposte- 1994); \u201cLe cose in comune\u201d (1995); \u201cHold me\u201d (1996); \u201cCohiba\u201d (1997);\u201cOcchi da Orientale\u201d (2000); \u201cSalir\u00f2\u201d (2002); \u201cKunta Kinte\u201d (2004); \u201cLa paranza\u201d, \u201cGino e l\u2019Alfetta\u201d, \u201cA me ricordi il mare\u201d (2007); \u201cIl viaggio (pochi grammi di coraggio)\u201d (2011); \u201cArgentovivo\u201d (feat. Rancore e Manuel Agnelli) (2019). Proprio nel 2019, Daniele Silvestri \u00e8 stato premiato con la Targa Tenco per il brano \u201cArgentovivo\u201d. <\/p>\n<p>Il tour \u201cLa cosa giusta TOUR 2020\u201d, comprende una serie di concerti, con il rispetto delle norme per contrastare la diffusione del Coronavirus, \u00e8 cominciato lo scorso 18 luglio da Villafranca di Verona (VR) e si concluder\u00e0 il 16 settembre a Lanciano.<br \/>\nDopo il lockdown Daniele Silvestri torna sul palco, con la sua band, sette straordinari musicisti: Piero Monterisi (batteria), Gabriele Lazzarotti (basso), Gianluca Misiti (tastiere e sintetizzatori), Daniele Fiaschi (chitarre), Marco Santoro (fagotto e tromba), Jose Ramon Caraballo Armas (tromba e percussioni), Duilio Galioto (tastiere).<\/p>\n<p>\u00abEbbene s\u00ec. \u2013 ha annunciato Silvestri &#8211; Si suona! Con seriet\u00e0 ovviamente, ma anche con entusiasmo, con attenzione ma con coraggio, con pudore ma con energia&#8230;in questa strana estate&#8230; si suona! Sicuramente sar\u00e0 diverso, pi\u00f9 complicato, anomalo. Sar\u00e0 una sfida. E proprio per questo sar\u00e0 forse pi\u00f9 emozionante, probabilmente irripetibile. Fatto sta che non vedo l\u2019ora\u00bb<\/p>\n<p>Ancora pochi biglietti disponibili, sono acquistabili sul portale www.ticketone.it<\/p>\n<p>Ufficio Stampa<br \/>\nCitt\u00e0 di Fasano<\/p>\n","protected":false},"excerpt":{"rendered":"<p>La macchina organizzativa del Comune di Fasano \u00e8 in piena azione per delineare gli ultimi dettagli per il main event dell\u2019estate fasanese, il concerto di Daniele Silvestri in piazza Ciaia il 22 agosto. L\u2019accesso al pubblico, in un primo momento, era stato preventivato con posti in piedi, ma l\u2019attenzione massima dell\u2019Amministrazione comunale alle normative anti contagio del virus Covid19 hanno fatto optare per i posti a sedere, che permettono, come gi\u00e0 sperimentato nei precedenti eventi in piazza Ciaia, una maggiore garanzia di distanziamento sociale. Daniele Silvestri, romano classe 1968, \u00e8 uno dei cantautori pi\u00f9 proficui del panorama musicale italiano. I suoi dodici album sono ricercati, in cui egli sperimenta diversi generi musicali. Numerosi sono i suoi successi da \u201cL\u2019uomo col megafono\u201d (Sanremo Nuove Proposte- 1994); \u201cLe cose in comune\u201d (1995); \u201cHold me\u201d (1996); \u201cCohiba\u201d (1997);\u201cOcchi da Orientale\u201d (2000); \u201cSalir\u00f2\u201d (2002); \u201cKunta Kinte\u201d (2004); \u201cLa paranza\u201d, \u201cGino e l\u2019Alfetta\u201d, \u201cA me ricordi il mare\u201d (2007); \u201cIl viaggio (pochi grammi di coraggio)\u201d (2011); \u201cArgentovivo\u201d (feat. Rancore e Manuel Agnelli) (2019). Proprio nel&#8230;<\/p>\n","protected":false},"author":2,"featured_media":175890,"comment_status":"open","ping_status":"closed","sticky":false,"template":"","format":"standard","meta":{"footnotes":""},"categories":[7],"tags":[],"class_list":["post-175887","post","type-post","status-publish","format-standard","has-post-thumbnail","hentry","category-news"],"_links":{"self":[{"href":"https:\/\/www.brundisium.net\/index.php\/wp-json\/wp\/v2\/posts\/175887","targetHints":{"allow":["GET"]}}],"collection":[{"href":"https:\/\/www.brundisium.net\/index.php\/wp-json\/wp\/v2\/posts"}],"about":[{"href":"https:\/\/www.brundisium.net\/index.php\/wp-json\/wp\/v2\/types\/post"}],"author":[{"embeddable":true,"href":"https:\/\/www.brundisium.net\/index.php\/wp-json\/wp\/v2\/users\/2"}],"replies":[{"embeddable":true,"href":"https:\/\/www.brundisium.net\/index.php\/wp-json\/wp\/v2\/comments?post=175887"}],"version-history":[{"count":1,"href":"https:\/\/www.brundisium.net\/index.php\/wp-json\/wp\/v2\/posts\/175887\/revisions"}],"predecessor-version":[{"id":175891,"href":"https:\/\/www.brundisium.net\/index.php\/wp-json\/wp\/v2\/posts\/175887\/revisions\/175891"}],"wp:featuredmedia":[{"embeddable":true,"href":"https:\/\/www.brundisium.net\/index.php\/wp-json\/wp\/v2\/media\/175890"}],"wp:attachment":[{"href":"https:\/\/www.brundisium.net\/index.php\/wp-json\/wp\/v2\/media?parent=175887"}],"wp:term":[{"taxonomy":"category","embeddable":true,"href":"https:\/\/www.brundisium.net\/index.php\/wp-json\/wp\/v2\/categories?post=175887"},{"taxonomy":"post_tag","embeddable":true,"href":"https:\/\/www.brundisium.net\/index.php\/wp-json\/wp\/v2\/tags?post=175887"}],"curies":[{"name":"wp","href":"https:\/\/api.w.org\/{rel}","templated":true}]}}