{"id":175915,"date":"2020-08-19T11:16:45","date_gmt":"2020-08-19T09:16:45","guid":{"rendered":"http:\/\/www.brundisium.net\/?p=175915"},"modified":"2020-08-19T11:16:45","modified_gmt":"2020-08-19T09:16:45","slug":"carmelo-grassi-ufficializza-la-candidatura-alla-regione","status":"publish","type":"post","link":"https:\/\/www.brundisium.net\/index.php\/carmelo-grassi-ufficializza-la-candidatura-alla-regione\/","title":{"rendered":"Carmelo Grassi ufficializza la candidatura alla Regione"},"content":{"rendered":"<p>Il Consiglio regionale della Puglia si avvia al suo rinnovo con le elezioni che si svolgeranno i prossimi 20 e 21 settembre. Brindisi ha l\u2019opportunit\u00e0 di scegliere una nuova rappresentanza all\u2019interno della Regione Puglia, con l\u2019intento di garantire una risposta certa alle tante necessit\u00e0 che la nostra provincia rappresenta.<\/p>\n<p>&nbsp;<\/p>\n<p>Carmelo Grassi, di Brindisi, \u00e8 un imprenditore noto su tutto il territorio nazionale per ruoli attivi e istituzionali nell\u2019ambito culturale. Componente del Consiglio Superiore dello Spettacolo per il Ministero della Cultura e del Turismo e gi\u00e0 coordinatore degli organismi partecipati della Regione Puglia, Grassi vanta un\u2019approfondita conoscenza della macchina amministrativa regionale e nazionale. Dopo un\u2019esperienza ultradecennale in veste di tecnico ed esperto dei processi artistico-culturali, oltre vent\u2019anni alla presidenza del Teatro Pubblico Pugliese e sedici in rappresentanza di tutti i circuiti teatrali italiani, Grassi ha deciso &#8211; per la prima volta &#8211; di mettere la propria esperienza al servizio dei cittadini della provincia di Brindisi candidandosi alla carica di consigliere regionale come indipendente nella lista del Pd.<\/p>\n<p>&nbsp;<\/p>\n<p>\u00abLa scelta di candidarmi &#8211; ha detto Carmelo Grassi &#8211; non \u00e8 stata semplice. La meditavo da tempo ma la recente emergenza sanitaria, che ha colpito tutti i settori professionali e sociali, ha accelerato la necessit\u00e0 di investire ufficialmente il mio impegno per il nostro territorio. Ho sempre ricoperto ruoli amministrativi e rappresentativi sedendomi accanto alla politica, ma in questo momento sento forte la responsabilit\u00e0 di intervenire pi\u00f9 attivamente in favore dei miei concittadini e gli abitanti della provincia tutta. La rappresentanza in Consiglio regionale costituisce un\u2019ulteriore opportunit\u00e0 in termini di prospettive di sviluppo e di investimento, che l\u2019ente regionale pu\u00f2 garantirci\u00bb.<\/p>\n<p>&nbsp;<\/p>\n<p>La provincia di Brindisi ha risorse inespresse o che non riesce a trasformare del tutto in nuova economia e benessere. La nostra cultura incarna una connessione tra paesaggio, memoria e identit\u00e0 che la rende un punto di forza straordinario. A questi aspetti si aggiunge una comunit\u00e0 capace di aprirsi al futuro, fatta di nuove ed estese inclusioni.<\/p>\n<p>&nbsp;<\/p>\n<p>\u00abAbbiamo bisogno di un modello riconoscibile che convinca tutti a crederci e a investire &#8211; ha continuato Grassi &#8211; a esaltare i nostri talenti e la bellezza della nostra terra. Brindisi non pu\u00f2 aspettare sempre che qualcuno arrivi dall\u2019esterno per offrirci soluzioni a misura di un singolo problema. Il nostro territorio \u00e8 un patrimonio tanto grande quanto complesso: dobbiamo averne cura. Dobbiamo avere cura delle persone rispondendo ai loro bisogni, cura delle imprese incentivando l\u2019economia, cura dei processi produttivi per proteggere lavoro e salute. Non ho un\u2019unica formula capace di risolvere tutti i problemi e tutti gli obiettivi, ma so che il benessere della comunit\u00e0 \u00e8 il motore principale per attivare e preservare tutte le eccellenze che ci contraddistinguono. Dobbiamo sentirci accolti per poter accogliere.<br \/>\nLa mia rappresentanza avr\u00e0 un senso unico: provare ad accrescere il benessere della comunit\u00e0, perch\u00e9 so che se si scioglie questo nodo il territorio sar\u00e0 pronto per qualsiasi sfida: nell\u2019economia, nelle famiglie, nel lavoro, nella formazione, nell\u2019ambiente, nella cultura, e nel turismo\u00bb.<\/p>\n<p>&nbsp;<\/p>\n<p>&nbsp;<\/p>\n<p><em><strong>Ufficio stampa Carmelo Grassi<\/strong><\/em><br \/>\n<em><strong>Candidato al Consiglio regionale di Puglia<\/strong><\/em><\/p>\n<p>&nbsp;<\/p>\n","protected":false},"excerpt":{"rendered":"<p>Il Consiglio regionale della Puglia si avvia al suo rinnovo con le elezioni che si svolgeranno i prossimi 20 e 21 settembre. Brindisi ha l\u2019opportunit\u00e0 di scegliere una nuova rappresentanza all\u2019interno della Regione Puglia, con l\u2019intento di garantire una risposta certa alle tante necessit\u00e0 che la nostra provincia rappresenta. &nbsp; Carmelo Grassi, di Brindisi, \u00e8 un imprenditore noto su tutto il territorio nazionale per ruoli attivi e istituzionali nell\u2019ambito culturale. Componente del Consiglio Superiore dello Spettacolo per il Ministero della Cultura e del Turismo e gi\u00e0 coordinatore degli organismi partecipati della Regione Puglia, Grassi vanta un\u2019approfondita conoscenza della macchina amministrativa regionale e nazionale. Dopo un\u2019esperienza ultradecennale in veste di tecnico ed esperto dei processi artistico-culturali, oltre vent\u2019anni alla presidenza del Teatro Pubblico Pugliese e sedici in rappresentanza di tutti i circuiti teatrali italiani, Grassi ha deciso &#8211; per la prima volta &#8211; di mettere la propria esperienza al servizio dei cittadini della provincia di Brindisi candidandosi alla carica di consigliere regionale come indipendente nella lista del Pd. &nbsp; \u00abLa scelta&#8230;<\/p>\n","protected":false},"author":2,"featured_media":175923,"comment_status":"open","ping_status":"closed","sticky":false,"template":"","format":"standard","meta":{"footnotes":""},"categories":[7],"tags":[],"class_list":["post-175915","post","type-post","status-publish","format-standard","has-post-thumbnail","hentry","category-news"],"_links":{"self":[{"href":"https:\/\/www.brundisium.net\/index.php\/wp-json\/wp\/v2\/posts\/175915","targetHints":{"allow":["GET"]}}],"collection":[{"href":"https:\/\/www.brundisium.net\/index.php\/wp-json\/wp\/v2\/posts"}],"about":[{"href":"https:\/\/www.brundisium.net\/index.php\/wp-json\/wp\/v2\/types\/post"}],"author":[{"embeddable":true,"href":"https:\/\/www.brundisium.net\/index.php\/wp-json\/wp\/v2\/users\/2"}],"replies":[{"embeddable":true,"href":"https:\/\/www.brundisium.net\/index.php\/wp-json\/wp\/v2\/comments?post=175915"}],"version-history":[{"count":1,"href":"https:\/\/www.brundisium.net\/index.php\/wp-json\/wp\/v2\/posts\/175915\/revisions"}],"predecessor-version":[{"id":175926,"href":"https:\/\/www.brundisium.net\/index.php\/wp-json\/wp\/v2\/posts\/175915\/revisions\/175926"}],"wp:featuredmedia":[{"embeddable":true,"href":"https:\/\/www.brundisium.net\/index.php\/wp-json\/wp\/v2\/media\/175923"}],"wp:attachment":[{"href":"https:\/\/www.brundisium.net\/index.php\/wp-json\/wp\/v2\/media?parent=175915"}],"wp:term":[{"taxonomy":"category","embeddable":true,"href":"https:\/\/www.brundisium.net\/index.php\/wp-json\/wp\/v2\/categories?post=175915"},{"taxonomy":"post_tag","embeddable":true,"href":"https:\/\/www.brundisium.net\/index.php\/wp-json\/wp\/v2\/tags?post=175915"}],"curies":[{"name":"wp","href":"https:\/\/api.w.org\/{rel}","templated":true}]}}