{"id":176004,"date":"2020-08-22T16:45:41","date_gmt":"2020-08-22T14:45:41","guid":{"rendered":"http:\/\/www.brundisium.net\/?p=176004"},"modified":"2020-08-22T13:48:57","modified_gmt":"2020-08-22T11:48:57","slug":"martedi-25-a-mesagne-il-concerto-di-chiara-civello","status":"publish","type":"post","link":"https:\/\/www.brundisium.net\/index.php\/martedi-25-a-mesagne-il-concerto-di-chiara-civello\/","title":{"rendered":"Marted\u00ec 25 a Mesagne il concerto di Chiara Civello"},"content":{"rendered":"<p>Si terr\u00e0 marted\u00ec 25 agosto alle 21:00 in Piazza Orsini Del Balzo a Mesagne, il concerto di Chiara Civello.<br \/>\nOrganizzato dall\u2019Associazione &#8220;Ricreazione&#8221; e la libreria &#8220;Spazio d\u2019Autore&#8221;, per il mese di marzo presso il Teatro Comunale,  e saltato a causa dell\u2019emergenza sanitaria, si recupera nel calendario degli appuntamenti dell\u2019estate mesagnese l\u2019evento musicale con protagonista la splendida voce di Chiara Civello.<br \/>\nIl quotidiano \u00abLa Repubblica\u00bb l\u2019ha recentemente definita \u00abla mosca bianca\u00bb: perfino nel suo paese d\u2019origine, dove in tredici anni di carriera sono usciti sei album di successo, Chiara Civello rimane un\u2019outsider. N\u00e9 pop, n\u00e9 jazz, lontanissima dalle classificazioni asettiche della musica leggera e avidamente aperta sul mondo, questa italiana spumeggiante potrebbe essere la figlia segreta di Ennio Morricone, di Michel Legrand e di Astrud Gilberto. Per Tony Bennett, Chiara Civello \u00e8 &#8220;la migliore cantante jazz della sua generazione&#8221;.<br \/>\nLa sua voce soave, la sua latinit\u00e0 particolare e il suo percorso fuori dal coro hanno sedotto Marc Collin, l\u2019inventore del gruppo Nouvelle Vague, che ha visto in lei la figura portante della nouvelle vague italiana. L\u2019ha perci\u00f2 inserita in Kwaidan, la sua etichetta di pop alternativo, e ha prodotto il disco Eclipse, offrendole in questo modo quel french touch che ancora mancava al suo pregevole percorso.<br \/>\nPerch\u00e9 se \u00e8 vero che Chiara Civello arriva in territorio vergine in Francia, \u00e8 anche vero che ha gi\u00e0 vissuto mille vite. Vanta perfino una serie di collaborazioni di prestigio dall\u2019altra parte dell\u2019Atlantico, da Burt Bacharach a Esperanza Spalding o Al Jarreau, da Chico Buarque a Gilberto Gil. Accompagner\u00e0 infatti quest\u2019ultimo in scena per tutta l\u2019estate nella sua tourn\u00e9e europea&#8230;<br \/>\nIperattiva, Chiara Civello \u00e8 un\u2019insaziabile raccoglitrice di suoni, sempre in partenza, e niente le piace di pi\u00f9 che addormentarsi la sera pensando a tutto quello che le resta ancora da scoprire. \u00c8 proprio lei a citare la sindrome di Wanderlust, quel virus del viaggio che l\u2019ha spinta ad attraversare l\u2019oceano all\u2019et\u00e0 di 18 anni, dopo aver vinto una borsa di studio al Berklee College of Music di Boston.  Da allora, ha costruito una carriera tra tre continenti, con un piede in Italia, uno negli Stati Uniti e il cuore in Brasile.<br \/>\nL&#8217;organizzazione informa che tutti i biglietti acquistati restano validi e l&#8217;assegnazione dei posti sar\u00e0 revisionata in base alla planimetria della nuova sede e alle norme anti-covid.<br \/>\nSono ancora disponibili dei biglietti; per l&#8217;acquisto dei biglietti, e per informazioni, si pu\u00f2 contattare il numero 338 90 44 095 <\/p>\n","protected":false},"excerpt":{"rendered":"<p>Si terr\u00e0 marted\u00ec 25 agosto alle 21:00 in Piazza Orsini Del Balzo a Mesagne, il concerto di Chiara Civello. Organizzato dall\u2019Associazione &#8220;Ricreazione&#8221; e la libreria &#8220;Spazio d\u2019Autore&#8221;, per il mese di marzo presso il Teatro Comunale, e saltato a causa dell\u2019emergenza sanitaria, si recupera nel calendario degli appuntamenti dell\u2019estate mesagnese l\u2019evento musicale con protagonista la splendida voce di Chiara Civello. Il quotidiano \u00abLa Repubblica\u00bb l\u2019ha recentemente definita \u00abla mosca bianca\u00bb: perfino nel suo paese d\u2019origine, dove in tredici anni di carriera sono usciti sei album di successo, Chiara Civello rimane un\u2019outsider. N\u00e9 pop, n\u00e9 jazz, lontanissima dalle classificazioni asettiche della musica leggera e avidamente aperta sul mondo, questa italiana spumeggiante potrebbe essere la figlia segreta di Ennio Morricone, di Michel Legrand e di Astrud Gilberto. Per Tony Bennett, Chiara Civello \u00e8 &#8220;la migliore cantante jazz della sua generazione&#8221;. La sua voce soave, la sua latinit\u00e0 particolare e il suo percorso fuori dal coro hanno sedotto Marc Collin, l\u2019inventore del gruppo Nouvelle Vague, che ha visto in lei la figura portante&#8230;<\/p>\n","protected":false},"author":2,"featured_media":168418,"comment_status":"open","ping_status":"closed","sticky":false,"template":"","format":"standard","meta":{"footnotes":""},"categories":[7],"tags":[],"class_list":["post-176004","post","type-post","status-publish","format-standard","has-post-thumbnail","hentry","category-news"],"_links":{"self":[{"href":"https:\/\/www.brundisium.net\/index.php\/wp-json\/wp\/v2\/posts\/176004","targetHints":{"allow":["GET"]}}],"collection":[{"href":"https:\/\/www.brundisium.net\/index.php\/wp-json\/wp\/v2\/posts"}],"about":[{"href":"https:\/\/www.brundisium.net\/index.php\/wp-json\/wp\/v2\/types\/post"}],"author":[{"embeddable":true,"href":"https:\/\/www.brundisium.net\/index.php\/wp-json\/wp\/v2\/users\/2"}],"replies":[{"embeddable":true,"href":"https:\/\/www.brundisium.net\/index.php\/wp-json\/wp\/v2\/comments?post=176004"}],"version-history":[{"count":1,"href":"https:\/\/www.brundisium.net\/index.php\/wp-json\/wp\/v2\/posts\/176004\/revisions"}],"predecessor-version":[{"id":176006,"href":"https:\/\/www.brundisium.net\/index.php\/wp-json\/wp\/v2\/posts\/176004\/revisions\/176006"}],"wp:featuredmedia":[{"embeddable":true,"href":"https:\/\/www.brundisium.net\/index.php\/wp-json\/wp\/v2\/media\/168418"}],"wp:attachment":[{"href":"https:\/\/www.brundisium.net\/index.php\/wp-json\/wp\/v2\/media?parent=176004"}],"wp:term":[{"taxonomy":"category","embeddable":true,"href":"https:\/\/www.brundisium.net\/index.php\/wp-json\/wp\/v2\/categories?post=176004"},{"taxonomy":"post_tag","embeddable":true,"href":"https:\/\/www.brundisium.net\/index.php\/wp-json\/wp\/v2\/tags?post=176004"}],"curies":[{"name":"wp","href":"https:\/\/api.w.org\/{rel}","templated":true}]}}