{"id":176062,"date":"2020-08-24T15:07:36","date_gmt":"2020-08-24T13:07:36","guid":{"rendered":"http:\/\/www.brundisium.net\/?p=176062"},"modified":"2020-08-24T15:07:36","modified_gmt":"2020-08-24T13:07:36","slug":"regionali-carmelo-grassi-pd-la-nostra-provincia-ha-bisogno-di-un-voto-utile","status":"publish","type":"post","link":"https:\/\/www.brundisium.net\/index.php\/regionali-carmelo-grassi-pd-la-nostra-provincia-ha-bisogno-di-un-voto-utile\/","title":{"rendered":"Regionali, Carmelo Grassi (PD): &#8220;La nostra provincia ha bisogno di un voto utile&#8221;"},"content":{"rendered":"<p>Si \u00e8 svolta questa mattina a Palazzo Virgilio a Brindisi la conferenza di presentazione della lista Pd per la provincia brindisina in vista delle elezioni regionali dei prossimi 20 e 21 settembre.<\/p>\n<p>&nbsp;<\/p>\n<p>Nel corso dell\u2019incontro Carmelo Grassi, tra i candidati al Consiglio regionale, ha richiamato le ragioni della sua scelta.<\/p>\n<p>\u00abIl territorio di Brindisi ha bisogno di una rappresentanza reale e propositiva, non \u00e8 pi\u00f9 il tempo di rimanere ai margini. Occorre lavorare a una prospettiva di centralit\u00e0 nelle politiche regionali.<\/p>\n<p>Abbiamo l\u2019opportunit\u00e0 di garantire continuit\u00e0 a un progetto politico che ha bisogno di compiersi, non possiamo permetterci di arretrare il tempo della Puglia a venti anni fa.<\/p>\n<p>Dopo aver lavorato a lungo al servizio dello spettacolo dal vivo e della cultura, provo adesso ad assumermi una nuova responsabilit\u00e0, nell\u2019idea di poter offrire al territorio maggiori opportunit\u00e0. La provincia di Brindisi deve diventare un\u2019emergenza per il governo regionale, ha bisogno di interventi in tutti i settori.<\/p>\n<p>&nbsp;<\/p>\n<p>Il mio appello \u00e8 al voto utile, un voto che possa generare una rappresentanza capace di determinare autentiche prospettive di crescita, di garantire la presenza del territorio nelle politiche della Regione, a dispetto di una possibile dispersione del voto che vanificherebbe ogni aspettativa.<\/p>\n<p>&nbsp;<\/p>\n<p>Le elezioni di settembre possono valere il cambio di direzione, mi auguro che la campagna elettorale sappia trasmettere alla comunit\u00e0 brindisina questa consapevolezza\u00bb.<\/p>\n<p>&nbsp;<\/p>\n<p>Ufficio stampa Carmelo Grassi<br \/>\nCandidato al Consiglio regionale di Puglia<\/p>\n","protected":false},"excerpt":{"rendered":"<p>Si \u00e8 svolta questa mattina a Palazzo Virgilio a Brindisi la conferenza di presentazione della lista Pd per la provincia brindisina in vista delle elezioni regionali dei prossimi 20 e 21 settembre. &nbsp; Nel corso dell\u2019incontro Carmelo Grassi, tra i candidati al Consiglio regionale, ha richiamato le ragioni della sua scelta. \u00abIl territorio di Brindisi ha bisogno di una rappresentanza reale e propositiva, non \u00e8 pi\u00f9 il tempo di rimanere ai margini. Occorre lavorare a una prospettiva di centralit\u00e0 nelle politiche regionali. Abbiamo l\u2019opportunit\u00e0 di garantire continuit\u00e0 a un progetto politico che ha bisogno di compiersi, non possiamo permetterci di arretrare il tempo della Puglia a venti anni fa. Dopo aver lavorato a lungo al servizio dello spettacolo dal vivo e della cultura, provo adesso ad assumermi una nuova responsabilit\u00e0, nell\u2019idea di poter offrire al territorio maggiori opportunit\u00e0. La provincia di Brindisi deve diventare un\u2019emergenza per il governo regionale, ha bisogno di interventi in tutti i settori. &nbsp; Il mio appello \u00e8 al voto utile, un voto che possa generare&#8230;<\/p>\n","protected":false},"author":2,"featured_media":175923,"comment_status":"open","ping_status":"closed","sticky":false,"template":"","format":"standard","meta":{"footnotes":""},"categories":[7],"tags":[],"class_list":["post-176062","post","type-post","status-publish","format-standard","has-post-thumbnail","hentry","category-news"],"_links":{"self":[{"href":"https:\/\/www.brundisium.net\/index.php\/wp-json\/wp\/v2\/posts\/176062","targetHints":{"allow":["GET"]}}],"collection":[{"href":"https:\/\/www.brundisium.net\/index.php\/wp-json\/wp\/v2\/posts"}],"about":[{"href":"https:\/\/www.brundisium.net\/index.php\/wp-json\/wp\/v2\/types\/post"}],"author":[{"embeddable":true,"href":"https:\/\/www.brundisium.net\/index.php\/wp-json\/wp\/v2\/users\/2"}],"replies":[{"embeddable":true,"href":"https:\/\/www.brundisium.net\/index.php\/wp-json\/wp\/v2\/comments?post=176062"}],"version-history":[{"count":1,"href":"https:\/\/www.brundisium.net\/index.php\/wp-json\/wp\/v2\/posts\/176062\/revisions"}],"predecessor-version":[{"id":176063,"href":"https:\/\/www.brundisium.net\/index.php\/wp-json\/wp\/v2\/posts\/176062\/revisions\/176063"}],"wp:featuredmedia":[{"embeddable":true,"href":"https:\/\/www.brundisium.net\/index.php\/wp-json\/wp\/v2\/media\/175923"}],"wp:attachment":[{"href":"https:\/\/www.brundisium.net\/index.php\/wp-json\/wp\/v2\/media?parent=176062"}],"wp:term":[{"taxonomy":"category","embeddable":true,"href":"https:\/\/www.brundisium.net\/index.php\/wp-json\/wp\/v2\/categories?post=176062"},{"taxonomy":"post_tag","embeddable":true,"href":"https:\/\/www.brundisium.net\/index.php\/wp-json\/wp\/v2\/tags?post=176062"}],"curies":[{"name":"wp","href":"https:\/\/api.w.org\/{rel}","templated":true}]}}