{"id":176074,"date":"2020-08-24T13:07:06","date_gmt":"2020-08-24T11:07:06","guid":{"rendered":"http:\/\/www.brundisium.net\/?p=176074"},"modified":"2020-08-24T15:39:00","modified_gmt":"2020-08-24T13:39:00","slug":"castellucci-cisl-opportunita-di-rilancio-dello-sviluppo-di-brindisi-e-di-taranto","status":"publish","type":"post","link":"https:\/\/www.brundisium.net\/index.php\/castellucci-cisl-opportunita-di-rilancio-dello-sviluppo-di-brindisi-e-di-taranto\/","title":{"rendered":"Castellucci (Cisl): &#8220;Opportunit\u00e0 di rilancio dello sviluppo di Brindisi e di Taranto&#8221;"},"content":{"rendered":"<p>L\u2019imprevedibilit\u00e0 di un futuro prossimo fortemente condizionato da dinamiche sociali e economiche preoccupanti e da scadenze politico-istituzionali, in un quadro di persistente pandemia da Covid19, rendono nei nostri territori di Brindisi e di Taranto oggettivamente incerta la ripresa post feriale di questo strano 2020.<br \/>\nI postumi del primo distanziamento sociale raccontano di un Paese che arranca, di progettualit\u00e0 di rilancio appena accennate, di incertezze manifeste circa l\u2019effettivo avvio dell\u2019anno scolastico 2020-2021 in sicurezza, di appuntamenti elettorali e referendari probabilmente a rischio, di uno stato di emergenza prorogato al 15 ottobre per le misure anti Covid19.<br \/>\nE, poi, di una economia che nel Mezzogiorno e in queste nostre province in particolare fatica e tarda ad allinearsi con quella delle aree pi\u00f9 forti del Paese, in tal modo determinando forti criticit\u00e0 sociali di cui il Governo nazionale al momento fatica a farsi carico.<br \/>\nCi attende, quindi, un autunno non facile; perci\u00f2 tutte le forze politiche, quelle sociali, imprenditoriali, associative, non devono abbassare la guardia ma riprendere in mano i propri destini rilanciando sia una vertenzialit\u00e0 per lo sviluppo economico strutturale di queste aree, sia per l\u2019appropriatezza dei servizi sociali e socio sanitari territoriali a vantaggio di tutti i cittadini, in particolare dei non autosufficienti.<br \/>\nI tempi ristretti con cui si sta per giungere all\u2019election day del 20-21 settembre, hanno amplificato in queste settimane in Puglia alleanze politiche, generando pi\u00f9 liste a sostegno dei vari candidati Presidenti ma adesso attendiamo altrettanto interesse nella presentazione di programmi e in seguito nell\u2019impegno concreto per affrontare e contrastare i problemi che insistono su questi territori.<br \/>\nRileviamo, quasi non bastasse, una visione finora parziale delle questioni da parte della politica ai vari livelli e registriamo sovente la scelta di prediligere interventi tampone mentre essa avrebbe l\u2019obbligo di comprendere compiutamente, parlando molto, molto di pi\u00f9 con i cittadini e contestualmente attivando un confronto serrato e di maggiore condivisione delle strategie con la rappresentanza sociale.<br \/>\nSi pensi, ad esempio, oltre alla questione lavoro, alla questione sanit\u00e0, alla corretta fruizione del diritto costituzionale alla salute e alla necessit\u00e0 che essa venga riportata al centro nelle dinamiche sociali ed economiche, in modo da poter cogliere i veri bisogni di una medicina territoriale esigibile, rivendicata insistentemente dal sindacato confederale, per determinare quell\u2019appropriatezza oggi non riscontrabile in maniera omogenea nei territori.<br \/>\nDa qui la necessit\u00e0, di ripartire con le due Asl territoriali dalle cabine di regia che fino ad oggi non hanno funzionato come, invece, avrebbero dovuto.<br \/>\nLa corrente fase pandemica su questi delicati argomenti ha rilanciato, a livello nazionale, il dibattito politico e sociale; anche in considerazione delle significative risorse finanziarie messe in campo, rispetto alle quali si procede con fatica e con l\u2019aggravio di una burocrazia spesso troppo invadente.<br \/>\nAnche questi bisogni si innestano in una situazione di disagio economico e sociale delle migliaia e migliaia di lavoratrici e lavoratori con le rispettive famiglie, per una crisi che rischia ormai di diventare strutturale, mentre nel frattempo numerose attivit\u00e0 economiche hanno ancora troppe difficolt\u00e0 a ripartire ed altre non ripartiranno mai pi\u00f9.<br \/>\nCome Cisl continueremo a proporre, sia per Taranto che per Brindisi, di concerto con le nostre Federazioni di categoria, la necessit\u00e0 di una riprogrammazione non unicamente difensiva dello sviluppo territoriale ed uno sforzo di progettualit\u00e0 con il pieno coinvolgimento e confronto delle parti sociali, di quelle professionali e delle Istituzioni locali.<\/p>\n<p>La necessit\u00e0 di tale rilancio va declinata contestualmente, rivendicando il mantenimento dell\u2019attuale forza lavoro e l\u2019assoluta opportunit\u00e0 di creare realmente lavoro aggiuntivo, in modo da poter offrire nuove opportunit\u00e0, atteso anche che la politica non pu\u00f2 decidere da sola, come spesso in questi anni ha agito.<br \/>\nVa rilanciato concretamente, perci\u00f2, il valore della partecipazione e della contrattazione sociale, a tutti i livelli, considerata l\u2019articolazione democratica, civile e sociale costituzionalmente regolate nel nostro Paese.<br \/>\nSullo sfondo del recente Decreto Agosto, positivi sono gli sgravi contributivi sul costo del lavoro concessi alle imprese insediate nel Mezzogiorno; misura sicuramente utile che, tuttavia, assumerebbe valenza strutturale di sostegno se fosse prolungata nel tempo.<br \/>\nOpportuna \u00e8 risultata anche nello stesso DL, la proroga degli ammortizzatori sociali ma in questa parte del Paese restano da consolidare le politiche attive del lavoro, come resta urgente mettere in campo progetti e iniziative produttive che attraggono nuovi investitori, capitalizzino e moltiplichino ogni euro delle ingenti risorse europee rese disponibili, con particolare riferimento al Fondo Sure, al Mes e al Recovery Fund.<br \/>\nE\u2019 questo dunque, il momento di investire celermente nel capitale umano, nella formazione, nella ricerca, in politiche creditizie sostenibili, nelle politiche abitative, nelle infrastrutture materiali e immateriali, nella banda larga e ultralarga, nel sistema 5G &#8211; per ridurre il digital divide territoriale &#8211; nell\u2019economia circolare e, per quanto ci riguarda, nelle tante realt\u00e0 produttive di eccellenza e nelle peculiarit\u00e0 sociali, economiche, produttive e culturali delle nostre aree.<br \/>\nPer il rilancio dei sistemi economici territoriali va recuperata, come pi\u00f9 volte abbiamo avuto modo di proporre anche la logica e la razionalit\u00e0 insita nei Patti territoriali, esperienze che qualche anno fa hanno esaltato i territori, concepiti come offerta di sistemi e di reti che possano consentire agli stessi territori di competere ai livelli sia nazionali che internazionali.<br \/>\nDi immediato impatto, per quanto riguarda l\u2019area territoriale di Taranto, permane la vertenza ex Ilva sulla quale auspichiamo urgente chiarezza da parte del Governo, un coinvolgimento esigente delle Organizzazioni sindacali ed una accelerazione dei processi di rilancio della siderurgia italiana, coniugati con l\u2019esigenza della salvaguardia, dell\u2019ambientalizzazione e della sicurezza interna ed esterna allo stabilimento ionico, della garanzia occupazionale per i lavoratori diretti, dei sistemi appalto e indotto e della ripresa produttiva del sito garantendone la sostenibilit\u00e0 ambientale.<br \/>\nQuanto all\u2019area territoriale di Brindisi tiene banco la questione della decarbonizzazione della Centrale Enel unitamente ai nuovi investimenti, alla garanzia della sostenibilit\u00e0 ambientale dei processi ed alla salvaguardia occupazionale diretta e indotta.<br \/>\nIn entrambe le aree altre priorit\u00e0 rivendicate si confermano il rilancio dei rispettivi sistemi portuali, con il settore del turismo, dell\u2019agricoltura di qualit\u00e0, i Contratti istituzionali di sviluppo, l\u2019accelerazione sulle Zone economiche speciali (Zes), l\u2019infrastrutturazione, il potenziamento senza pi\u00f9 perdita di tempo dei sistemi di trasporto via terra, ferro, aria, mare.<br \/>\nOccorre, in tutti i casi, portare al centro della discussione, in quanto non pi\u00f9 rinviabile, il patrimonio dei giovani e quindi le prospettive della presente generazione, investendo su di loro di pi\u00f9 e meglio affinch\u00e9 approdino ad un futuro umano e professionale rimanendo a Taranto e a Brindisi, contrariamente a quanto avvenuto negli ultimi decenni,<br \/>\nSu questi temi la Cisl Taranto Brindisi continuer\u00e0 ad offrire il proprio contributo di idee e di proposte, confidando in immediati confronti costruttivi.<\/p>\n<p>di Antonio Castellucci \u2013 Segretario Generale Cisl TA-BRL<\/p>\n","protected":false},"excerpt":{"rendered":"<p>L\u2019imprevedibilit\u00e0 di un futuro prossimo fortemente condizionato da dinamiche sociali e economiche preoccupanti e da scadenze politico-istituzionali, in un quadro di persistente pandemia da Covid19, rendono nei nostri territori di Brindisi e di Taranto oggettivamente incerta la ripresa post feriale di questo strano 2020. I postumi del primo distanziamento sociale raccontano di un Paese che arranca, di progettualit\u00e0 di rilancio appena accennate, di incertezze manifeste circa l\u2019effettivo avvio dell\u2019anno scolastico 2020-2021 in sicurezza, di appuntamenti elettorali e referendari probabilmente a rischio, di uno stato di emergenza prorogato al 15 ottobre per le misure anti Covid19. E, poi, di una economia che nel Mezzogiorno e in queste nostre province in particolare fatica e tarda ad allinearsi con quella delle aree pi\u00f9 forti del Paese, in tal modo determinando forti criticit\u00e0 sociali di cui il Governo nazionale al momento fatica a farsi carico. Ci attende, quindi, un autunno non facile; perci\u00f2 tutte le forze politiche, quelle sociali, imprenditoriali, associative, non devono abbassare la guardia ma riprendere in mano i propri destini rilanciando&#8230;<\/p>\n","protected":false},"author":2,"featured_media":175088,"comment_status":"open","ping_status":"closed","sticky":false,"template":"","format":"standard","meta":{"footnotes":""},"categories":[7],"tags":[],"class_list":["post-176074","post","type-post","status-publish","format-standard","has-post-thumbnail","hentry","category-news"],"_links":{"self":[{"href":"https:\/\/www.brundisium.net\/index.php\/wp-json\/wp\/v2\/posts\/176074","targetHints":{"allow":["GET"]}}],"collection":[{"href":"https:\/\/www.brundisium.net\/index.php\/wp-json\/wp\/v2\/posts"}],"about":[{"href":"https:\/\/www.brundisium.net\/index.php\/wp-json\/wp\/v2\/types\/post"}],"author":[{"embeddable":true,"href":"https:\/\/www.brundisium.net\/index.php\/wp-json\/wp\/v2\/users\/2"}],"replies":[{"embeddable":true,"href":"https:\/\/www.brundisium.net\/index.php\/wp-json\/wp\/v2\/comments?post=176074"}],"version-history":[{"count":1,"href":"https:\/\/www.brundisium.net\/index.php\/wp-json\/wp\/v2\/posts\/176074\/revisions"}],"predecessor-version":[{"id":176078,"href":"https:\/\/www.brundisium.net\/index.php\/wp-json\/wp\/v2\/posts\/176074\/revisions\/176078"}],"wp:featuredmedia":[{"embeddable":true,"href":"https:\/\/www.brundisium.net\/index.php\/wp-json\/wp\/v2\/media\/175088"}],"wp:attachment":[{"href":"https:\/\/www.brundisium.net\/index.php\/wp-json\/wp\/v2\/media?parent=176074"}],"wp:term":[{"taxonomy":"category","embeddable":true,"href":"https:\/\/www.brundisium.net\/index.php\/wp-json\/wp\/v2\/categories?post=176074"},{"taxonomy":"post_tag","embeddable":true,"href":"https:\/\/www.brundisium.net\/index.php\/wp-json\/wp\/v2\/tags?post=176074"}],"curies":[{"name":"wp","href":"https:\/\/api.w.org\/{rel}","templated":true}]}}