{"id":176396,"date":"2020-09-04T13:32:29","date_gmt":"2020-09-04T11:32:29","guid":{"rendered":"http:\/\/www.brundisium.net\/?p=176396"},"modified":"2020-09-04T13:32:29","modified_gmt":"2020-09-04T11:32:29","slug":"trasporto-scolastico-istituti-superiori-svolto-incontro-in-provincia","status":"publish","type":"post","link":"https:\/\/www.brundisium.net\/index.php\/trasporto-scolastico-istituti-superiori-svolto-incontro-in-provincia\/","title":{"rendered":"Trasporto scolastico istituti superiori: svolto incontro in Provincia"},"content":{"rendered":"<p>Si \u00e8 svolto questa mattina, presso il Salone di Rappresentanza della Provincia di Brindisi, un ulteriore incontro tra la struttura amministrativa dell\u2019Ente, che ha competenza per le Scuole secondarie di Secondo grado del territorio, i vari Dirigenti scolastici degli istituti superiori e la dirigenza della Societ\u00e0 Trasporti Pubblici locale. Scopo della riunione \u00e8 stato quello di fare il punto dello stato dell\u2019arte in merito alla pianificazione e alla programmazione step by step del servizio di trasporto degli studenti, raccogliendo altre indicazioni dai dirigenti scolastici in merito all\u2019orario di entrata e di uscita degli studenti e alla durata delle lezioni dei singoli istituti, in virt\u00f9 dell\u2019emergenza sanitaria da Covid 19 ancora in atto.<\/p>\n<p>\u201cDa qualche giorno \u2013 ha detto il presidente della Provincia di Brindisi, Riccardo Rossi &#8211; sono state rese note le linee guida emanate dal Governo in merito all\u2019organizzazione del servizio di trasporto degli studenti, prevedendo l\u2019\u201980% della capienza di ogni singolo autobus. Partendo da questo dato dobbiamo trovare, in accordo tra i soggetti interessati, le migliori condizioni e le pi\u00f9 idonee soluzioni in merito al trasporto degli studenti nelle varie scuole del nostro territorio.<\/p>\n<p>Tutti in Dirigenti scolastici si sono dimostrati favorevoli nel differenziare gli orari di ingresso con una percentuale di studenti alle ore 8.00 e la parte rimanente alle ore 9.00. Uguale differenziazione ci sar\u00e0 per gli orari di uscita. C\u2019\u00e8 inoltre una parte della scuola che si sta organizzando con la didattica a distanza per circa il 15-20% dell\u2019utenza, ovviamente a rotazione. Metteremo insieme tutti questi dati per stilare una pianificazione quanto pi\u00f9 efficace possibile per garantire gi\u00e0 dal 24 settembre una mobilit\u00e0 efficiente per il trasporto locale degli studenti\u201d.<\/p>\n<p>&nbsp;<\/p>\n<p>All\u2019incontro era anche presente la consigliera provinciale delegata, Valentina Nadia Fanigliulo. \u201cPur nella complessit\u00e0 oggettiva del momento &#8211; ha detto la consigliera Fanigliulo \u2013 la Provincia di Brindisi e tutti i soggetti interessati si stanno adoperando al massimo per venire incontro ad ogni tipo di esigenza. Auspico che si arrivi presto ad una soluzione congiunta e celere e ho notato, proprio per questo, che c\u2019\u00e8 collaborazione da parte di tutti per mettere sul tavolo delle soluzioni in grado di garantire la sicurezza tutti i ragazzi\u201d.<\/p>\n<p>&nbsp;<\/p>\n<p>Nei prossimi giorni sar\u00e0 convocato un altro incontro per raccogliere le indicazioni definitive sia da parte dei Dirigenti scolastici che da parte delle Aziende dei trasporti pubblici locali, STP e Sud Est, in merito alla differenziazione delle fasce orarie di partenza degli autobus.<\/p>\n","protected":false},"excerpt":{"rendered":"<p>Si \u00e8 svolto questa mattina, presso il Salone di Rappresentanza della Provincia di Brindisi, un ulteriore incontro tra la struttura amministrativa dell\u2019Ente, che ha competenza per le Scuole secondarie di Secondo grado del territorio, i vari Dirigenti scolastici degli istituti superiori e la dirigenza della Societ\u00e0 Trasporti Pubblici locale. Scopo della riunione \u00e8 stato quello di fare il punto dello stato dell\u2019arte in merito alla pianificazione e alla programmazione step by step del servizio di trasporto degli studenti, raccogliendo altre indicazioni dai dirigenti scolastici in merito all\u2019orario di entrata e di uscita degli studenti e alla durata delle lezioni dei singoli istituti, in virt\u00f9 dell\u2019emergenza sanitaria da Covid 19 ancora in atto. \u201cDa qualche giorno \u2013 ha detto il presidente della Provincia di Brindisi, Riccardo Rossi &#8211; sono state rese note le linee guida emanate dal Governo in merito all\u2019organizzazione del servizio di trasporto degli studenti, prevedendo l\u2019\u201980% della capienza di ogni singolo autobus. Partendo da questo dato dobbiamo trovare, in accordo tra i soggetti interessati, le migliori condizioni e&#8230;<\/p>\n","protected":false},"author":2,"featured_media":176397,"comment_status":"open","ping_status":"closed","sticky":false,"template":"","format":"standard","meta":{"footnotes":""},"categories":[7],"tags":[],"class_list":["post-176396","post","type-post","status-publish","format-standard","has-post-thumbnail","hentry","category-news"],"_links":{"self":[{"href":"https:\/\/www.brundisium.net\/index.php\/wp-json\/wp\/v2\/posts\/176396","targetHints":{"allow":["GET"]}}],"collection":[{"href":"https:\/\/www.brundisium.net\/index.php\/wp-json\/wp\/v2\/posts"}],"about":[{"href":"https:\/\/www.brundisium.net\/index.php\/wp-json\/wp\/v2\/types\/post"}],"author":[{"embeddable":true,"href":"https:\/\/www.brundisium.net\/index.php\/wp-json\/wp\/v2\/users\/2"}],"replies":[{"embeddable":true,"href":"https:\/\/www.brundisium.net\/index.php\/wp-json\/wp\/v2\/comments?post=176396"}],"version-history":[{"count":1,"href":"https:\/\/www.brundisium.net\/index.php\/wp-json\/wp\/v2\/posts\/176396\/revisions"}],"predecessor-version":[{"id":176398,"href":"https:\/\/www.brundisium.net\/index.php\/wp-json\/wp\/v2\/posts\/176396\/revisions\/176398"}],"wp:featuredmedia":[{"embeddable":true,"href":"https:\/\/www.brundisium.net\/index.php\/wp-json\/wp\/v2\/media\/176397"}],"wp:attachment":[{"href":"https:\/\/www.brundisium.net\/index.php\/wp-json\/wp\/v2\/media?parent=176396"}],"wp:term":[{"taxonomy":"category","embeddable":true,"href":"https:\/\/www.brundisium.net\/index.php\/wp-json\/wp\/v2\/categories?post=176396"},{"taxonomy":"post_tag","embeddable":true,"href":"https:\/\/www.brundisium.net\/index.php\/wp-json\/wp\/v2\/tags?post=176396"}],"curies":[{"name":"wp","href":"https:\/\/api.w.org\/{rel}","templated":true}]}}