{"id":176415,"date":"2020-09-05T23:38:39","date_gmt":"2020-09-05T21:38:39","guid":{"rendered":"http:\/\/www.brundisium.net\/?p=176415"},"modified":"2020-09-05T23:38:39","modified_gmt":"2020-09-05T21:38:39","slug":"festa-patronale-il-messaggio-del-sindaco-rossi","status":"publish","type":"post","link":"https:\/\/www.brundisium.net\/index.php\/festa-patronale-il-messaggio-del-sindaco-rossi\/","title":{"rendered":"Festa Patronale: il messaggio del Sindaco Rossi"},"content":{"rendered":"<p>Di seguito il testo integrale del discorso pronunciato dal sindaco Riccardo Rossi in occasione delle celebrazioni religiose dei Santi Patroni:<\/p>\n<p>Rivolgo un caro saluto a Sua Eccellenza l\u2019Arcivescovo Domenico Caliandro, a tutte le autorit\u00e0 civili e militari e a tutte e tutti voi cari concittadini che siete qui nel nostro splendido Duomo e che ci seguite nella diretta predisposta per consentire a tutti di seguire la cerimonia religiosa.<\/p>\n<p>L\u2019emergenza Covid ha, da ben sei mesi, inciso profondamente nelle nostre vite, imponendo come regole principali per poterlo contrastare la prudenza, la responsabilit\u00e0 di ciascuno e soprattutto il distanziamento sociale. Regole che ovviamente impediscono di vivere anche i tradizionali festeggiamenti dei nostri Santi Patroni San Teodoro e San Lorenzo secondo le nostre bellissime e sentitissime manifestazioni religiose e civili, caratterizzate da una grandissima partecipazione popolare.<\/p>\n<p>Nonostante tutto, abbiamo comunque voluto mantenere vivi alcuni riferimenti come il tosello con le statue dei Santi Patroni nel centro cittadino ed un percorso luminoso che simbolicamente unisce esso con il Duomo, dove ci troviamo per la celebrazione del Pontificale. E\u2019 il segno che non rinunciamo alla nostra storia e alle nostre tradizioni civili e religiose.<\/p>\n<p>Viviamo un tempo difficile, il lockdown che abbiamo vissuto ha provocato ferite profonde nel tessuto sociale ed economico della nostra citt\u00e0 come in tutto il Paese, le diseguaglianze sono aumentate ed interi settori produttivi \u2013 penso al commercio, ai precari spesso con partita Iva, ai professionisti, alle tantissime aziende con i loro lavoratori \u2013 si sono fermati ed i loro redditi azzerati.<\/p>\n<p>Accanto ai provvedimenti governativi per il parziale sostegno si \u00e8 quindi manifestata a Brindisi una grandissima solidariet\u00e0. Tantissimi in silenzio hanno aiutato i loro parenti, i vicini di casa, gli amici colpiti da questa emergenza. Tantissimi hanno donato e con l\u2019esperienza Brindisi Solidale, una rete nata tra parrocchie, associazioni di volontari ed amministrazione comunale, si \u00e8 cercato di sostenere chi era in difficolt\u00e0. Sono stati giorni di intenso lavoro in cui possiamo dire \u00e8 emerso il grande cuore della nostra comunit\u00e0. Quel \u201cRestare uniti\u201d non era una frase vuota e di circostanza, chi in prima linea raccogliendo e distribuendo generi di prima necessit\u00e0, chi donando e segnalando situazioni difficili; tutte e tutti abbiamo partecipato con generosit\u00e0, manifestando vicinanza e solidariet\u00e0 a chi era pi\u00f9 colpito.<\/p>\n<p>Sono anche i giorni in cui tanti con il loro lavoro hanno consentito alla gran parte di rispettare il lockdown, ovviamente i nostri medici e tutto il personale sanitario, le forze dell\u2019ordine ed accanto a loro chi raccoglie i rifiuti, chi lavora in supermercati e farmacie, chi lavora nei trasporti e nella logistica, un esercito di lavoratori e lavoratrici spesso dimenticato; sono stati definiti gli invisibili. Colgo l\u2019occasione per ringraziarli perch\u00e9 con coraggio e responsabilit\u00e0 hanno tenuto insieme l\u2019intero paese.<\/p>\n<p>Ci accingiamo oggi a vivere una nuova fase ad affrontare la ripresa autunnale con l\u2019obiettivo di convivere con il Covid seguendo le regole che ci siamo dati. Oggi vi \u00e8 una ripresa dei contagi in Italia ed in Puglia che preoccupa.<br \/>\nLa nostra Provincia e Citt\u00e0 in questo agosto fortunatamente sono le meno colpite e ad oggi abbiamo solo 2 persone positive in citt\u00e0, ma dobbiamo continuare ad essere prudenti e responsabili poich\u00e9 intorno a noi la ripresa dei contagi diviene preoccupante. In questi mesi si \u00e8 potenziato il nostro sistema sanitario con laboratori per l\u2019effettuazione dei tamponi, con i 28 posti aggiuntivi di terapia intensiva che ovviamente speriamo di continuare a non utilizzare. Certo ancora c\u2019\u00e8 da fare ma affrontiamo l\u2019autunno in una situazione migliore in termini di conoscenze, cure, organizzazione e strutture rispetto a quella di fine febbraio.<\/p>\n<p>La prima grande sfida che affrontiamo \u00e8 la riapertura della scuola. La scuola \u00e8, insieme alla sanit\u00e0, la principale delle nostre istituzioni. L\u00ec si costruisce il futuro, un futuro che non pu\u00f2 essere sottratto ai nostri figli. La scuola deve aprire in sicurezza per questo, insieme ai dirigenti scolastici e tutto il mondo della scuola, abbiamo lavorato duramente quest\u2019estate, in questi giorni si stanno completando tutti i lavori per realizzare nuove aule dove necessario, separare gli ingressi, razionalizzare gli orari di ingresso e uscita per consentire agli studenti di utilizzare il trasporto pubblico locale secondo quanto predisposto dalle linee guida governative. Un impegno corale importante per trovarci pronti a quel 24 settembre data di riapertura delle scuole.<\/p>\n<p>Un altro traguardo importante, cui giungeremo nei prossimi giorni, riguarda la chiusura dell\u2019emergenza abitativa di Parco Bove. Abbiamo definito con tutte le istituzioni i passi e le procedure per chiudere questa pagina indecorosa per una citt\u00e0 civile. Abbiamo per la prima volta definito una graduatoria per l\u2019assegnazione delle case di edilizia pubblica. Da oggi sar\u00e0 possibile assegnare le case in piena trasparenza e legalit\u00e0 interrompendo fenomeni illegali in cui spesso prevale il pi\u00f9 forte a scapito del pi\u00f9 debole.<br \/>\nNei prossimi giorni verranno assegnati i primi 50 appartamenti e sar\u00e0 riqualificato tutto il piazzale di Parco Bove: un\u2019opera anche altamente simbolica che chiude un\u2019epoca e ne apre una nuova anche con i progetti di rigenerazione del quartiere Paradiso avviati alla fase esecutiva. Cos\u00ec come con le opere di Street Art, di arte urbana si vuole riqualificare anche con l\u2019arte e la cultura.<\/p>\n<p>Siamo anche giunti al termine delle procedure per la realizzazione del Palaeventi per il quale attendiamo nei prossimi giorni la pubblicazione sulla Gazzetta ufficiale europea per un\u2019opera da oltre 16 milioni di euro che potr\u00e0 dare a Brindisi il Palaeventi pi\u00f9 importante non solo di Puglia ma dell\u2019intero Meridione.<\/p>\n<p>E poi la sfida pi\u00f9 grande \u00e8 accompagnare la nostra citt\u00e0 nel processo di trasformazione, anche qui vi \u00e8 un evento altamente simbolico che \u00e8 la chiusura della produzione di energia con il carbone: miglioriamo la qualit\u00e0 dell\u2019aria, liberiamo i polmoni da sostanze nocive. Qui la nuova sfida. Dobbiamo accompagnare questo processo, ormai irreversibile, con nuove attivit\u00e0 che garantiscano ambiente e lavoro, che consentano di mantenere i livelli occupazionali, che diano una speranza ed un orizzonte nuovo per Brindisi.<br \/>\nGli strumenti ci sono e sono tanti: dal Contratto Istituzionale di Sviluppo , al Recovery Fund, al Just Transition Fund. In questi mesi ne abbiamo parlato direttamente con il Presidente del Consiglio Conte, con i Ministri Provenzano e Boccia e con tantissimi altri esponenti del Governo. Stiamo cercando di costruire una rete importante che abbia la consapevolezza delle problematiche di Brindisi e che le assuma tra quelle prioritarie per il Paese. Le risposte sono incoraggianti, c\u2019\u00e8 una grande attenzione, i tavoli sono aperti.<\/p>\n<p>Ora tocca a noi, tocca alla nostra comunit\u00e0 essere unita, superare i personalismi e le sterili contrapposizioni, lavorare insieme su progetti concreti che porteremo sui tavoli che contano perch\u00e9 su quei tavoli deve contare la citt\u00e0 di Brindisi.<br \/>\nVoglio qui annunciare che gi\u00e0 dalla prossima settimana convocher\u00f2 tutte le organizzazioni datoriali e sindacali ed istituzionali per definire i progetti che vogliamo presentare per il Recovery Fund.<\/p>\n<p>Auguro a tutte e tutti noi di vivere pienamente questi giorni, di riconoscere nei nostri Santi Patroni San Teodoro e San Lorenzo delle figure che possano ispirarci: il soldato che difende principi e valori e la conoscenza e sapienza per affrontare il futuro.<\/p>\n","protected":false},"excerpt":{"rendered":"<p>Di seguito il testo integrale del discorso pronunciato dal sindaco Riccardo Rossi in occasione delle celebrazioni religiose dei Santi Patroni: Rivolgo un caro saluto a Sua Eccellenza l\u2019Arcivescovo Domenico Caliandro, a tutte le autorit\u00e0 civili e militari e a tutte e tutti voi cari concittadini che siete qui nel nostro splendido Duomo e che ci seguite nella diretta predisposta per consentire a tutti di seguire la cerimonia religiosa. L\u2019emergenza Covid ha, da ben sei mesi, inciso profondamente nelle nostre vite, imponendo come regole principali per poterlo contrastare la prudenza, la responsabilit\u00e0 di ciascuno e soprattutto il distanziamento sociale. Regole che ovviamente impediscono di vivere anche i tradizionali festeggiamenti dei nostri Santi Patroni San Teodoro e San Lorenzo secondo le nostre bellissime e sentitissime manifestazioni religiose e civili, caratterizzate da una grandissima partecipazione popolare. Nonostante tutto, abbiamo comunque voluto mantenere vivi alcuni riferimenti come il tosello con le statue dei Santi Patroni nel centro cittadino ed un percorso luminoso che simbolicamente unisce esso con il Duomo, dove ci troviamo per la&#8230;<\/p>\n","protected":false},"author":2,"featured_media":176416,"comment_status":"open","ping_status":"closed","sticky":false,"template":"","format":"standard","meta":{"footnotes":""},"categories":[7],"tags":[],"class_list":["post-176415","post","type-post","status-publish","format-standard","has-post-thumbnail","hentry","category-news"],"_links":{"self":[{"href":"https:\/\/www.brundisium.net\/index.php\/wp-json\/wp\/v2\/posts\/176415","targetHints":{"allow":["GET"]}}],"collection":[{"href":"https:\/\/www.brundisium.net\/index.php\/wp-json\/wp\/v2\/posts"}],"about":[{"href":"https:\/\/www.brundisium.net\/index.php\/wp-json\/wp\/v2\/types\/post"}],"author":[{"embeddable":true,"href":"https:\/\/www.brundisium.net\/index.php\/wp-json\/wp\/v2\/users\/2"}],"replies":[{"embeddable":true,"href":"https:\/\/www.brundisium.net\/index.php\/wp-json\/wp\/v2\/comments?post=176415"}],"version-history":[{"count":1,"href":"https:\/\/www.brundisium.net\/index.php\/wp-json\/wp\/v2\/posts\/176415\/revisions"}],"predecessor-version":[{"id":176417,"href":"https:\/\/www.brundisium.net\/index.php\/wp-json\/wp\/v2\/posts\/176415\/revisions\/176417"}],"wp:featuredmedia":[{"embeddable":true,"href":"https:\/\/www.brundisium.net\/index.php\/wp-json\/wp\/v2\/media\/176416"}],"wp:attachment":[{"href":"https:\/\/www.brundisium.net\/index.php\/wp-json\/wp\/v2\/media?parent=176415"}],"wp:term":[{"taxonomy":"category","embeddable":true,"href":"https:\/\/www.brundisium.net\/index.php\/wp-json\/wp\/v2\/categories?post=176415"},{"taxonomy":"post_tag","embeddable":true,"href":"https:\/\/www.brundisium.net\/index.php\/wp-json\/wp\/v2\/tags?post=176415"}],"curies":[{"name":"wp","href":"https:\/\/api.w.org\/{rel}","templated":true}]}}