{"id":176514,"date":"2020-09-09T18:38:30","date_gmt":"2020-09-09T16:38:30","guid":{"rendered":"http:\/\/www.brundisium.net\/?p=176514"},"modified":"2020-09-09T18:38:30","modified_gmt":"2020-09-09T16:38:30","slug":"sabato-a-brindisi-la-cerimonia-dello-smart-graduation-day","status":"publish","type":"post","link":"https:\/\/www.brundisium.net\/index.php\/sabato-a-brindisi-la-cerimonia-dello-smart-graduation-day\/","title":{"rendered":"Sabato a Brindisi la cerimonia dello Smart Graduation Day"},"content":{"rendered":"<p>Sabato 12 settembre, a partire dalle 18.30, in piazza Sottile De Falco si svolger\u00e0 la cerimonia dello Smart Graduation Day. Il Comune di Brindisi, infatti, ha aderito all&#8217;iniziativa \u201cPremio Laureati Covid\u201d dell&#8217;assessorato a Istruzione, Formazione e Lavoro della Regione Puglia, in collaborazione con ARTI Puglia e Anci Puglia, rivolto ai pugliesi che si sono laureati durante il lockdown.<\/p>\n<p>Sul sito del Comune, nel mese di agosto, \u00e8 stato lanciato il questionario per censire le studentesse e gli studenti, residenti a Brindisi, che hanno conseguito il titolo di laurea triennale o magistrale in modalit\u00e0 telematica da marzo 2020, in Universit\u00e0 e Istituzioni di Alta Formazione Artistica Musicale e Coreutica della Puglia e non.<\/p>\n<p>I 54 neo laureati che si sono registrati saranno omaggiati dal sindaco Riccardo Rossi nel corso della cerimonia &#8220;Smart Graduation Day&#8221; che, nella stessa giornata, si svolger\u00e0 anche in molti altri comuni pugliesi.<\/p>\n<p>Ad ognuno di loro sar\u00e0 donato un albero, come simbolo delle radici nel proprio territorio, che sar\u00e0 messo a dimora in citt\u00e0 dal personale comunale addetto. Gli alberi sono stati forniti da ANCI Puglia e Regione Puglia e ogni pianta riporter\u00e0 una targhetta con il nome del laureato. <\/p>\n<p>\u201cAbbiamo scelto di aderire a questa bellissima iniziativa di Anci Puglia e Regione Puglia &#8211; dichiara il sindaco Riccardo Rossi &#8211; perch\u00e8 vogliamo restituire il calore di tutta la nostra comunit\u00e0 ai ragazzi e alle ragazze che hanno concluso una tappa importantissima della loro vita durante i difficili mesi del lockdown. Lo Smart Graduation Day sar\u00e0 una festa della citt\u00e0\u201d.<\/p>\n","protected":false},"excerpt":{"rendered":"<p>Sabato 12 settembre, a partire dalle 18.30, in piazza Sottile De Falco si svolger\u00e0 la cerimonia dello Smart Graduation Day. Il Comune di Brindisi, infatti, ha aderito all&#8217;iniziativa \u201cPremio Laureati Covid\u201d dell&#8217;assessorato a Istruzione, Formazione e Lavoro della Regione Puglia, in collaborazione con ARTI Puglia e Anci Puglia, rivolto ai pugliesi che si sono laureati durante il lockdown. Sul sito del Comune, nel mese di agosto, \u00e8 stato lanciato il questionario per censire le studentesse e gli studenti, residenti a Brindisi, che hanno conseguito il titolo di laurea triennale o magistrale in modalit\u00e0 telematica da marzo 2020, in Universit\u00e0 e Istituzioni di Alta Formazione Artistica Musicale e Coreutica della Puglia e non. I 54 neo laureati che si sono registrati saranno omaggiati dal sindaco Riccardo Rossi nel corso della cerimonia &#8220;Smart Graduation Day&#8221; che, nella stessa giornata, si svolger\u00e0 anche in molti altri comuni pugliesi. Ad ognuno di loro sar\u00e0 donato un albero, come simbolo delle radici nel proprio territorio, che sar\u00e0 messo a dimora in citt\u00e0 dal personale comunale&#8230;<\/p>\n","protected":false},"author":2,"featured_media":175848,"comment_status":"open","ping_status":"closed","sticky":false,"template":"","format":"standard","meta":{"footnotes":""},"categories":[7],"tags":[],"class_list":["post-176514","post","type-post","status-publish","format-standard","has-post-thumbnail","hentry","category-news"],"_links":{"self":[{"href":"https:\/\/www.brundisium.net\/index.php\/wp-json\/wp\/v2\/posts\/176514","targetHints":{"allow":["GET"]}}],"collection":[{"href":"https:\/\/www.brundisium.net\/index.php\/wp-json\/wp\/v2\/posts"}],"about":[{"href":"https:\/\/www.brundisium.net\/index.php\/wp-json\/wp\/v2\/types\/post"}],"author":[{"embeddable":true,"href":"https:\/\/www.brundisium.net\/index.php\/wp-json\/wp\/v2\/users\/2"}],"replies":[{"embeddable":true,"href":"https:\/\/www.brundisium.net\/index.php\/wp-json\/wp\/v2\/comments?post=176514"}],"version-history":[{"count":1,"href":"https:\/\/www.brundisium.net\/index.php\/wp-json\/wp\/v2\/posts\/176514\/revisions"}],"predecessor-version":[{"id":176516,"href":"https:\/\/www.brundisium.net\/index.php\/wp-json\/wp\/v2\/posts\/176514\/revisions\/176516"}],"wp:featuredmedia":[{"embeddable":true,"href":"https:\/\/www.brundisium.net\/index.php\/wp-json\/wp\/v2\/media\/175848"}],"wp:attachment":[{"href":"https:\/\/www.brundisium.net\/index.php\/wp-json\/wp\/v2\/media?parent=176514"}],"wp:term":[{"taxonomy":"category","embeddable":true,"href":"https:\/\/www.brundisium.net\/index.php\/wp-json\/wp\/v2\/categories?post=176514"},{"taxonomy":"post_tag","embeddable":true,"href":"https:\/\/www.brundisium.net\/index.php\/wp-json\/wp\/v2\/tags?post=176514"}],"curies":[{"name":"wp","href":"https:\/\/api.w.org\/{rel}","templated":true}]}}