{"id":176693,"date":"2020-09-15T18:34:10","date_gmt":"2020-09-15T16:34:10","guid":{"rendered":"http:\/\/www.brundisium.net\/?p=176693"},"modified":"2020-09-15T18:34:10","modified_gmt":"2020-09-15T16:34:10","slug":"il-giovane-talento-fabio-mino-e-il-colpo-della-dinamo-basket-brindisi","status":"publish","type":"post","link":"https:\/\/www.brundisium.net\/index.php\/il-giovane-talento-fabio-mino-e-il-colpo-della-dinamo-basket-brindisi\/","title":{"rendered":"Il giovane talento Fabio Min\u00f2 \u00e8 il colpo della Dinamo Basket Brindisi"},"content":{"rendered":"<p>La Dinamo Basket Brindisi comunica con soddisfazione il tesseramento del giovane talento brindisino Fabio Min\u00f2, ala piccola di 196 cm per 88 kg.<\/p>\n<p>&nbsp;<\/p>\n<p>Nato il 16 agosto 2002 a Brindisi, inizia la sua carriera nelle giovanili dell\u2019Aurora Brindisi con la quale partecipa a diverse finali nazionali di categoria, conquistando anche la finale nazionale del torneo \u201cJoin the game \u2013 3vs3\u201d.<\/p>\n<p>&nbsp;<\/p>\n<p>Nel 2018\/2019 la prima esperienza senior in prestito alla New Virtus Mesagne in Serie D, importante occasione di crescita e maturazione che trover\u00e0 riscontro nella stagione successiva dove Min\u00f2 si divide in doppio tesseramento tra Aurora Brindisi in Serie D e Nuova Pallacanestro Nard\u00f2 con la quale disputa il campionato Under 18 Nazionale e viene aggregato al gruppo della squadra neretina partecipante al campionato di Serie B nazionale.<br \/>\nCon la formazione brindisina \u00e8 stato uno dei migliori under del campionato, chiudendo a 17,5 punti di media in 17 gare (secondo miglior marcatore della squadra), con un high score di 27 punti.<br \/>\nAnche con i salentini Min\u00f2 ha impressionato gli addetti ai lavori risultando il miglior marcatore della squadra con 11,5 punti di media, disputando un campionato difficile e affrontando le migliori formazioni del Sud Italia.<\/p>\n<p>&nbsp;<\/p>\n<p>Abile nello sfruttare blocchi e spazi per colpire dalla distanza grazie alla sua ottima mano, riesce ad essere concreto anche in post basso e a rimbalzo grazie alla fisicit\u00e0 e alle lunghe leve che lo contraddistinguono.<\/p>\n<p>&nbsp;<\/p>\n<p>Il commento del direttore sportivo Fabrizio Campagnoli: \u201cSiamo molto contenti che un prospetto come Fabio Min\u00f2 abbia accettato questa sfida. Ha enormi potenzialit\u00e0 sia fisiche e tecniche. Sono convinto che sar\u00e0 un anno importante per lui. Se sfrutta bene le sue carte pu\u00f2 fare molta strada. La Dinamo si conferma come una delle poche societ\u00e0 che puntano sui giovani non solo a parole ma anche nei fatti.\u201d<\/p>\n<p>&nbsp;<\/p>\n<p>La Dinamo Basket Brindisi ringrazia sentitamente l\u2019Aurora Brindisi per la gentilezza e la disponibilit\u00e0 mostrate per completare il tesseramento dell\u2019atleta.<\/p>\n<p>&nbsp;<\/p>\n<p>&nbsp;<\/p>\n<p><em><strong>Ufficio Comunicazione Dinamo Basket Brindisi<\/strong><\/em><\/p>\n","protected":false},"excerpt":{"rendered":"<p>La Dinamo Basket Brindisi comunica con soddisfazione il tesseramento del giovane talento brindisino Fabio Min\u00f2, ala piccola di 196 cm per 88 kg. &nbsp; Nato il 16 agosto 2002 a Brindisi, inizia la sua carriera nelle giovanili dell\u2019Aurora Brindisi con la quale partecipa a diverse finali nazionali di categoria, conquistando anche la finale nazionale del torneo \u201cJoin the game \u2013 3vs3\u201d. &nbsp; Nel 2018\/2019 la prima esperienza senior in prestito alla New Virtus Mesagne in Serie D, importante occasione di crescita e maturazione che trover\u00e0 riscontro nella stagione successiva dove Min\u00f2 si divide in doppio tesseramento tra Aurora Brindisi in Serie D e Nuova Pallacanestro Nard\u00f2 con la quale disputa il campionato Under 18 Nazionale e viene aggregato al gruppo della squadra neretina partecipante al campionato di Serie B nazionale. Con la formazione brindisina \u00e8 stato uno dei migliori under del campionato, chiudendo a 17,5 punti di media in 17 gare (secondo miglior marcatore della squadra), con un high score di 27 punti. Anche con i salentini Min\u00f2 ha impressionato&#8230;<\/p>\n","protected":false},"author":2,"featured_media":176695,"comment_status":"open","ping_status":"closed","sticky":false,"template":"","format":"standard","meta":{"footnotes":""},"categories":[13],"tags":[],"class_list":["post-176693","post","type-post","status-publish","format-standard","has-post-thumbnail","hentry","category-basket"],"_links":{"self":[{"href":"https:\/\/www.brundisium.net\/index.php\/wp-json\/wp\/v2\/posts\/176693","targetHints":{"allow":["GET"]}}],"collection":[{"href":"https:\/\/www.brundisium.net\/index.php\/wp-json\/wp\/v2\/posts"}],"about":[{"href":"https:\/\/www.brundisium.net\/index.php\/wp-json\/wp\/v2\/types\/post"}],"author":[{"embeddable":true,"href":"https:\/\/www.brundisium.net\/index.php\/wp-json\/wp\/v2\/users\/2"}],"replies":[{"embeddable":true,"href":"https:\/\/www.brundisium.net\/index.php\/wp-json\/wp\/v2\/comments?post=176693"}],"version-history":[{"count":1,"href":"https:\/\/www.brundisium.net\/index.php\/wp-json\/wp\/v2\/posts\/176693\/revisions"}],"predecessor-version":[{"id":176697,"href":"https:\/\/www.brundisium.net\/index.php\/wp-json\/wp\/v2\/posts\/176693\/revisions\/176697"}],"wp:featuredmedia":[{"embeddable":true,"href":"https:\/\/www.brundisium.net\/index.php\/wp-json\/wp\/v2\/media\/176695"}],"wp:attachment":[{"href":"https:\/\/www.brundisium.net\/index.php\/wp-json\/wp\/v2\/media?parent=176693"}],"wp:term":[{"taxonomy":"category","embeddable":true,"href":"https:\/\/www.brundisium.net\/index.php\/wp-json\/wp\/v2\/categories?post=176693"},{"taxonomy":"post_tag","embeddable":true,"href":"https:\/\/www.brundisium.net\/index.php\/wp-json\/wp\/v2\/tags?post=176693"}],"curies":[{"name":"wp","href":"https:\/\/api.w.org\/{rel}","templated":true}]}}