{"id":177024,"date":"2020-09-27T20:12:59","date_gmt":"2020-09-27T18:12:59","guid":{"rendered":"https:\/\/www.brundisium.net\/?p=177024"},"modified":"2020-09-27T20:12:59","modified_gmt":"2020-09-27T18:12:59","slug":"servizi-sociali-a-brindisi-lopinione-di-macchia-cgil","status":"publish","type":"post","link":"https:\/\/www.brundisium.net\/index.php\/servizi-sociali-a-brindisi-lopinione-di-macchia-cgil\/","title":{"rendered":"Servizi sociali a Brindisi: l&#8217;opinione di Macchia (Cgil)"},"content":{"rendered":"<p>La strana \u201cpartita\u201d che si sta giocando nell\u2019ambito dei servizi sociali del Comune di Brindisi tra funzione di \u201cprogrammazione e controllo\u201d, assegnata agli eletti del popolo e la funzione di \u201camministrazione attiva\u201d affidata al ruolo del funzionario dell\u2019Ente Locale (riforma Bassanini) se da un lato offre interessanti spunti di riflessione su chi esercita realmente il \u201cpotere esecutivo\u201d nella pubblica amministrazione dall\u2019altro invece si rischia che tale incomprensibile dicotomia rischi di far implodere in tutta la sua drammaticit\u00e0 i Servizi sociali e &#8211; come gi\u00e0 sta avvenendo \u2013 si riverberi sui Lavoratori interessati che vivono ormai da troppo tempo una dimensione lavorativa di assoluto precariato e di incertezza occupazionale.<\/p>\n<p>Ma nell\u2019attesa che la suddetta diatriba venga definita al pi\u00f9 presto, evitando tutti di finire nella perversa trappola della burocrazia, \u00e8 necessario provare a cambiare paradigma individuando una gestione associata e pubblica dei servizi sociali e socio sanitari comunali che vedano coinvolti gli Ambiti, la ASL e la Regione Puglia.<\/p>\n<p>In questi anni, si \u00e8 detto molto e scritto molto sul ruolo cruciale che i servizi sociali rivestono nel contesto attuale al fine di \u201cmantenere la massima coesione sociale\u201d e sulle conseguenze che la precariet\u00e0 lavorativa dei professionisti che operano sul sociale ha sulle vite personali, ma questo attiene ad una reiterata analisi politica quando invece occorre ormai passare ad una decisa elaborazione politico\/decisionale per una nuova fase programmatoria.<\/p>\n<p>Lo stato dell\u2019arte descritto impone, quindi, la necessit\u00e0 di interrogarsi sulle motivazioni per cui negli anni ci sia stata la tendenziale preferenza, da parte degli Enti Locali, di esternalizzare i Servizi Sociali, relegando i Comuni a divenire semplici \u201ccommittenti\u201d e non pi\u00f9 erogatori diretti di fondamentali servizi \u201ccore\u201d che erogano prestazioni delicate e complesse a persone particolarmente fragili e vulnerabili.<\/p>\n<p>Per questa ragione, \u00e8 necessario intercettare le risorse finanziarie disponibili, superando la scarsa capacit\u00e0 di spesa, nell\u2019osservanza dei principi di efficacia ed efficienza in un\u2019ottica universale ovvero nel rispetto dei Livelli Essenziali Prestazionali e dei Livelli Essenziali di Assistenza.<\/p>\n<p>\u00c8 giunto il momento che si convochi una cabina di regia che veda coinvolti tutti i soggetti Istituzionali preposti (Comuni\/Ambiti, Provincia, ASL, Regione e Parti Sociali) per tracciare un\u2019azione prospettica che traguardi &#8211; come gi\u00e0 sottolineato &#8211; una gestione pubblica dei servizi sociali, nelle forme operativamente percorribili gi\u00e0 adottate in ambito nazionale, che sia in grado di valorizzare le politiche di welfare territoriale e partecipato e che faccia uscire definitivamente i Lavoratori del sociale dal cono d\u2019ombra dalla condizione di estrema precariet\u00e0 che sta comportando significative conseguenze per l\u2019identit\u00e0, per la progettualit\u00e0, per la famiglia, per lo status sociale e pu\u00f2 porli in condizioni di vulnerabilit\u00e0.<\/p>\n<p>La CGIL Brindisi chieder\u00e0 alle Istituzioni preposte la convocazione urgente degli \u201c Stati Generali del Sociale\u201d per traguardare tali obiettivi che non possono pi\u00f9 essere disattesi, nella consapevolezza che ora \u00e8 giunto il momento di cambiare le scelte degli ultimi venti anni sul governo delle politiche sociali.<\/p>\n<p>&nbsp;<\/p>\n<p>Antonio Macchia<br \/>\nSegretario Generale CGIL Brindisi<\/p>\n","protected":false},"excerpt":{"rendered":"<p>La strana \u201cpartita\u201d che si sta giocando nell\u2019ambito dei servizi sociali del Comune di Brindisi tra funzione di \u201cprogrammazione e controllo\u201d, assegnata agli eletti del popolo e la funzione di \u201camministrazione attiva\u201d affidata al ruolo del funzionario dell\u2019Ente Locale (riforma Bassanini) se da un lato offre interessanti spunti di riflessione su chi esercita realmente il \u201cpotere esecutivo\u201d nella pubblica amministrazione dall\u2019altro invece si rischia che tale incomprensibile dicotomia rischi di far implodere in tutta la sua drammaticit\u00e0 i Servizi sociali e &#8211; come gi\u00e0 sta avvenendo \u2013 si riverberi sui Lavoratori interessati che vivono ormai da troppo tempo una dimensione lavorativa di assoluto precariato e di incertezza occupazionale. Ma nell\u2019attesa che la suddetta diatriba venga definita al pi\u00f9 presto, evitando tutti di finire nella perversa trappola della burocrazia, \u00e8 necessario provare a cambiare paradigma individuando una gestione associata e pubblica dei servizi sociali e socio sanitari comunali che vedano coinvolti gli Ambiti, la ASL e la Regione Puglia. In questi anni, si \u00e8 detto molto e scritto molto sul ruolo&#8230;<\/p>\n","protected":false},"author":2,"featured_media":107784,"comment_status":"open","ping_status":"closed","sticky":false,"template":"","format":"standard","meta":{"footnotes":""},"categories":[7],"tags":[],"class_list":["post-177024","post","type-post","status-publish","format-standard","has-post-thumbnail","hentry","category-news"],"_links":{"self":[{"href":"https:\/\/www.brundisium.net\/index.php\/wp-json\/wp\/v2\/posts\/177024","targetHints":{"allow":["GET"]}}],"collection":[{"href":"https:\/\/www.brundisium.net\/index.php\/wp-json\/wp\/v2\/posts"}],"about":[{"href":"https:\/\/www.brundisium.net\/index.php\/wp-json\/wp\/v2\/types\/post"}],"author":[{"embeddable":true,"href":"https:\/\/www.brundisium.net\/index.php\/wp-json\/wp\/v2\/users\/2"}],"replies":[{"embeddable":true,"href":"https:\/\/www.brundisium.net\/index.php\/wp-json\/wp\/v2\/comments?post=177024"}],"version-history":[{"count":1,"href":"https:\/\/www.brundisium.net\/index.php\/wp-json\/wp\/v2\/posts\/177024\/revisions"}],"predecessor-version":[{"id":177030,"href":"https:\/\/www.brundisium.net\/index.php\/wp-json\/wp\/v2\/posts\/177024\/revisions\/177030"}],"wp:featuredmedia":[{"embeddable":true,"href":"https:\/\/www.brundisium.net\/index.php\/wp-json\/wp\/v2\/media\/107784"}],"wp:attachment":[{"href":"https:\/\/www.brundisium.net\/index.php\/wp-json\/wp\/v2\/media?parent=177024"}],"wp:term":[{"taxonomy":"category","embeddable":true,"href":"https:\/\/www.brundisium.net\/index.php\/wp-json\/wp\/v2\/categories?post=177024"},{"taxonomy":"post_tag","embeddable":true,"href":"https:\/\/www.brundisium.net\/index.php\/wp-json\/wp\/v2\/tags?post=177024"}],"curies":[{"name":"wp","href":"https:\/\/api.w.org\/{rel}","templated":true}]}}