{"id":177558,"date":"2020-10-17T09:35:29","date_gmt":"2020-10-17T07:35:29","guid":{"rendered":"https:\/\/www.brundisium.net\/?p=177558"},"modified":"2020-10-23T08:16:56","modified_gmt":"2020-10-23T06:16:56","slug":"morte-metropolita-gennadios-il-cordoglio-della-curia-arcivescovile-di-brindisi-ostuni","status":"publish","type":"post","link":"https:\/\/www.brundisium.net\/index.php\/morte-metropolita-gennadios-il-cordoglio-della-curia-arcivescovile-di-brindisi-ostuni\/","title":{"rendered":"Morte metropolita Gennadios: il cordoglio della Curia Arcivescovile di Brindisi-Ostuni"},"content":{"rendered":"<p><a href=\"https:\/\/www.brundisium.net\/brun\/wp-content\/uploads\/2020\/10\/gennadios.jpeg\"><img loading=\"lazy\" decoding=\"async\" class=\"alignright size-medium wp-image-177562\" src=\"https:\/\/www.brundisium.net\/brun\/wp-content\/uploads\/2020\/10\/gennadios-207x300.jpeg\" alt=\"\" width=\"207\" height=\"300\" srcset=\"https:\/\/www.brundisium.net\/brun\/wp-content\/uploads\/2020\/10\/gennadios-207x300.jpeg 207w, https:\/\/www.brundisium.net\/brun\/wp-content\/uploads\/2020\/10\/gennadios-705x1024.jpeg 705w, https:\/\/www.brundisium.net\/brun\/wp-content\/uploads\/2020\/10\/gennadios-768x1115.jpeg 768w, https:\/\/www.brundisium.net\/brun\/wp-content\/uploads\/2020\/10\/gennadios-1058x1536.jpeg 1058w, https:\/\/www.brundisium.net\/brun\/wp-content\/uploads\/2020\/10\/gennadios.jpeg 1125w\" sizes=\"auto, (max-width: 207px) 100vw, 207px\" \/><\/a>E\u2019 giunta notizia della morte a Venezia, dove aveva la sua sede abituale presso la cattedrale di S.Giorgio dei Greci del metropolita Gennadios, arcivescovo della Chiesa ortodossa d\u2019Italia e Malta, a cui appartiene la parrocchia greco-ortodossa di via Indipendenza in Brindisi.<\/p>\n<p>&nbsp;<\/p>\n<p>Proprio a motivo di tale parrocchia ortodossa, l\u2019arcivescovo Gennadios \u00e8 stato diverse volte a Brindisi e in ogni circostanza si \u00e8 dimostrato amabile e fraterno nei rapporti con il nostro Arcivescovo, accogliente e paterno verso quei sacerdoti del nostro presbiterio che hanno avuto la gioia di conoscerlo pi\u00f9 da vicino, sensibile e grato per i segni di affetto e di onore che la nostra Diocesi gli ha riservato. Pochi anni fa, insieme a Lui, siamo stati felici di accogliere e rendere omaggio al Patriarca ecumenico Bartolomeo I, di passaggio da Brindisi, sia nel suo arrivo all\u2019aeroporto, sia nella sua sosta nella comunit\u00e0 di Bose a Ostuni. Gennadios quel giorno era raggiante! Egli, sempre mite, umile e benevolo, vedeva con i suoi occhi quanta strada era stata compiuta nel desiderio di superare ci\u00f2 che ci ha diviso e di ritrovare ci\u00f2 che gi\u00e0 ci unisce.<\/p>\n<p>&nbsp;<\/p>\n<p>Questi ricordi cos\u00ec cari ci rendono ora particolarmente commossi, al ricevere l\u2019annunzio della sua partenza da questo mondo. L\u2019 Arcivescovo mons. Caliandro ha inviato un messaggio di sincere condoglianze al protosincello dell\u2019arcidiocesi ortodossa d\u2019Italia, padre Evanghelos, che varie volte \u00e8 stato in mezzo a noi accompagnando il metropolita Gennadios. Tutti siamo invitati a pregare per la sua anima, perch\u00e9 riceva il premio delle sue fatiche apostoliche, e dal Cielo continui a favorire il cammino verso l\u2019unit\u00e0, come ha fatto per tanti anni e in tanti modi qui sulla terra.<\/p>\n<p>&nbsp;<\/p>\n","protected":false},"excerpt":{"rendered":"<p>E\u2019 giunta notizia della morte a Venezia, dove aveva la sua sede abituale presso la cattedrale di S.Giorgio dei Greci del metropolita Gennadios, arcivescovo della Chiesa ortodossa d\u2019Italia e Malta, a cui appartiene la parrocchia greco-ortodossa di via Indipendenza in Brindisi. &nbsp; Proprio a motivo di tale parrocchia ortodossa, l\u2019arcivescovo Gennadios \u00e8 stato diverse volte a Brindisi e in ogni circostanza si \u00e8 dimostrato amabile e fraterno nei rapporti con il nostro Arcivescovo, accogliente e paterno verso quei sacerdoti del nostro presbiterio che hanno avuto la gioia di conoscerlo pi\u00f9 da vicino, sensibile e grato per i segni di affetto e di onore che la nostra Diocesi gli ha riservato. Pochi anni fa, insieme a Lui, siamo stati felici di accogliere e rendere omaggio al Patriarca ecumenico Bartolomeo I, di passaggio da Brindisi, sia nel suo arrivo all\u2019aeroporto, sia nella sua sosta nella comunit\u00e0 di Bose a Ostuni. Gennadios quel giorno era raggiante! Egli, sempre mite, umile e benevolo, vedeva con i suoi occhi quanta strada era stata compiuta nel&#8230;<\/p>\n","protected":false},"author":2,"featured_media":145792,"comment_status":"open","ping_status":"closed","sticky":false,"template":"","format":"standard","meta":{"footnotes":""},"categories":[7],"tags":[],"class_list":["post-177558","post","type-post","status-publish","format-standard","has-post-thumbnail","hentry","category-news"],"_links":{"self":[{"href":"https:\/\/www.brundisium.net\/index.php\/wp-json\/wp\/v2\/posts\/177558","targetHints":{"allow":["GET"]}}],"collection":[{"href":"https:\/\/www.brundisium.net\/index.php\/wp-json\/wp\/v2\/posts"}],"about":[{"href":"https:\/\/www.brundisium.net\/index.php\/wp-json\/wp\/v2\/types\/post"}],"author":[{"embeddable":true,"href":"https:\/\/www.brundisium.net\/index.php\/wp-json\/wp\/v2\/users\/2"}],"replies":[{"embeddable":true,"href":"https:\/\/www.brundisium.net\/index.php\/wp-json\/wp\/v2\/comments?post=177558"}],"version-history":[{"count":1,"href":"https:\/\/www.brundisium.net\/index.php\/wp-json\/wp\/v2\/posts\/177558\/revisions"}],"predecessor-version":[{"id":177563,"href":"https:\/\/www.brundisium.net\/index.php\/wp-json\/wp\/v2\/posts\/177558\/revisions\/177563"}],"wp:featuredmedia":[{"embeddable":true,"href":"https:\/\/www.brundisium.net\/index.php\/wp-json\/wp\/v2\/media\/145792"}],"wp:attachment":[{"href":"https:\/\/www.brundisium.net\/index.php\/wp-json\/wp\/v2\/media?parent=177558"}],"wp:term":[{"taxonomy":"category","embeddable":true,"href":"https:\/\/www.brundisium.net\/index.php\/wp-json\/wp\/v2\/categories?post=177558"},{"taxonomy":"post_tag","embeddable":true,"href":"https:\/\/www.brundisium.net\/index.php\/wp-json\/wp\/v2\/tags?post=177558"}],"curies":[{"name":"wp","href":"https:\/\/api.w.org\/{rel}","templated":true}]}}