{"id":177742,"date":"2020-10-18T11:03:54","date_gmt":"2020-10-18T09:03:54","guid":{"rendered":"https:\/\/www.brundisium.net\/?p=177742"},"modified":"2020-10-19T16:06:31","modified_gmt":"2020-10-19T14:06:31","slug":"aresta-a-rossi-da-noi-proposte-includenti-facciamo-rete-nellinteresse-dei-cittadini","status":"publish","type":"post","link":"https:\/\/www.brundisium.net\/index.php\/aresta-a-rossi-da-noi-proposte-includenti-facciamo-rete-nellinteresse-dei-cittadini\/","title":{"rendered":"Aresta a Rossi: &#8220;da noi proposte includenti, facciamo rete nell&#8217;interesse dei cittadini&#8221;"},"content":{"rendered":"<p>\u201cVorrei tranquillizzare il sindaco Riccardo Rossi, non \u00e8 nostra intenzione contrapporre il capoluogo con gli altri comuni della nostra provincia. Sia sui fondi del Recovery Plan sia su quelli dei Contratti Istituzionali di Sviluppo siamo promotori di una proposta includente di tutti gli attori e i territori in grado di non sprecare questa straordinaria occasione. Nessuno disfa niente, tanto meno, come ho avuto modo di dichiarare nella mia relazione, gli eventuali livelli di accordo gi\u00e0 raggiunti tra il Governo e i comuni di Lecce e Brindisi. D\u2019altronde \u00e8 lo stesso Riccardo Rossi a ricordarsi di essere  presidente della provincia \u2013 ovvero rappresentante anche di tutti i comuni del brindisino \u2013 nell\u2019auspicare anche un CIS per l\u2019insieme del territorio.\u201d E\u2019 quanto afferma Giovanni Luca Aresta, deputato del M5S, promotore dell\u2019incontro istituzionale tenuto nel Palazzo della citt\u00e0 di Mesagne venerd\u00ec scorso, con il Sottosegretario di Stato alla Presidenza del Consiglio dei Ministri sen. Mauro Turco e le istituzioni e i rappresentanti delle associazioni produttive locali. <\/p>\n<p>\u201cBisogna abbassare il volume delle polemiche di campanile e sintonizzarsi sulla qualit\u00e0 delle proposte in campo \u2013 prosegue Aresta \u2013 e chiunque abbia incarichi di responsabilit\u00e0 li deve esercitare per fare rete, per unire e non per dividere. Le citt\u00e0 di Brindisi e di Lecce sono pi\u00f9 forti e non pi\u00f9 deboli se si rapportano con il resto del territorio, perch\u00e9 da questa crisi si esce solo se si \u00e8  uniti, nessuno si salva da solo.\u201d <\/p>\n<p>\u201cIl sindaco Rossi e tutti gli altri &#8211; conclude Aresta &#8211;  utilizzino per questi obiettivi i diversi parlamentari espressione della nostra comunit\u00e0. Personalmente sono sempre a disposizione di uno sforzo collegiale che non lasci indietro nessuno. Anche del sindaco Rossi se vuole. Abbiamo una sfida da condurre come Mezzogiorno per colmare il gap che esiste con gli altri Paesi europei e con il Nord Italia. Infrastrutture, digitalizzazione, centri di ricerca e di eccellenza, strutture portuali adeguate, rivoluzione verde, riequilibrio di genere, rilancio e qualificazione dell\u2019agricoltura, del turismo e della sanit\u00e0 di prossimit\u00e0 non devono rimanere belle parole su fogli di carta. Prima usciamo dalla logica dei confini del proprio orticello e prima saremo tutti in grado di rispondere ai bisogni concreti delle persone.\u201d<\/p>\n","protected":false},"excerpt":{"rendered":"<p>\u201cVorrei tranquillizzare il sindaco Riccardo Rossi, non \u00e8 nostra intenzione contrapporre il capoluogo con gli altri comuni della nostra provincia. Sia sui fondi del Recovery Plan sia su quelli dei Contratti Istituzionali di Sviluppo siamo promotori di una proposta includente di tutti gli attori e i territori in grado di non sprecare questa straordinaria occasione. Nessuno disfa niente, tanto meno, come ho avuto modo di dichiarare nella mia relazione, gli eventuali livelli di accordo gi\u00e0 raggiunti tra il Governo e i comuni di Lecce e Brindisi. D\u2019altronde \u00e8 lo stesso Riccardo Rossi a ricordarsi di essere presidente della provincia \u2013 ovvero rappresentante anche di tutti i comuni del brindisino \u2013 nell\u2019auspicare anche un CIS per l\u2019insieme del territorio.\u201d E\u2019 quanto afferma Giovanni Luca Aresta, deputato del M5S, promotore dell\u2019incontro istituzionale tenuto nel Palazzo della citt\u00e0 di Mesagne venerd\u00ec scorso, con il Sottosegretario di Stato alla Presidenza del Consiglio dei Ministri sen. Mauro Turco e le istituzioni e i rappresentanti delle associazioni produttive locali. \u201cBisogna abbassare il volume delle polemiche di&#8230;<\/p>\n","protected":false},"author":2,"featured_media":125710,"comment_status":"open","ping_status":"closed","sticky":false,"template":"","format":"standard","meta":{"footnotes":""},"categories":[7],"tags":[],"class_list":["post-177742","post","type-post","status-publish","format-standard","has-post-thumbnail","hentry","category-news"],"_links":{"self":[{"href":"https:\/\/www.brundisium.net\/index.php\/wp-json\/wp\/v2\/posts\/177742","targetHints":{"allow":["GET"]}}],"collection":[{"href":"https:\/\/www.brundisium.net\/index.php\/wp-json\/wp\/v2\/posts"}],"about":[{"href":"https:\/\/www.brundisium.net\/index.php\/wp-json\/wp\/v2\/types\/post"}],"author":[{"embeddable":true,"href":"https:\/\/www.brundisium.net\/index.php\/wp-json\/wp\/v2\/users\/2"}],"replies":[{"embeddable":true,"href":"https:\/\/www.brundisium.net\/index.php\/wp-json\/wp\/v2\/comments?post=177742"}],"version-history":[{"count":1,"href":"https:\/\/www.brundisium.net\/index.php\/wp-json\/wp\/v2\/posts\/177742\/revisions"}],"predecessor-version":[{"id":177743,"href":"https:\/\/www.brundisium.net\/index.php\/wp-json\/wp\/v2\/posts\/177742\/revisions\/177743"}],"wp:featuredmedia":[{"embeddable":true,"href":"https:\/\/www.brundisium.net\/index.php\/wp-json\/wp\/v2\/media\/125710"}],"wp:attachment":[{"href":"https:\/\/www.brundisium.net\/index.php\/wp-json\/wp\/v2\/media?parent=177742"}],"wp:term":[{"taxonomy":"category","embeddable":true,"href":"https:\/\/www.brundisium.net\/index.php\/wp-json\/wp\/v2\/categories?post=177742"},{"taxonomy":"post_tag","embeddable":true,"href":"https:\/\/www.brundisium.net\/index.php\/wp-json\/wp\/v2\/tags?post=177742"}],"curies":[{"name":"wp","href":"https:\/\/api.w.org\/{rel}","templated":true}]}}