{"id":177976,"date":"2020-10-24T10:46:10","date_gmt":"2020-10-24T08:46:10","guid":{"rendered":"https:\/\/www.brundisium.net\/?p=177976"},"modified":"2020-10-25T22:47:29","modified_gmt":"2020-10-25T21:47:29","slug":"nuovo-prefetto-il-saluto-di-mevoli-e-del-sindaco-errico","status":"publish","type":"post","link":"https:\/\/www.brundisium.net\/index.php\/nuovo-prefetto-il-saluto-di-mevoli-e-del-sindaco-errico\/","title":{"rendered":"Nuovo Prefetto: il saluto di Mevoli e del Sindaco Errico"},"content":{"rendered":"<p>Il sindaco di San Vito dei Normanni, Silvana Errico, ha inviato ieri una nota di saluto e benvenuto al nuovo Prefetto di Brindisi, la dott.ssa Carolina Bellantoni.<br \/>\nEcco il testo:<br \/>\n&#8220;A nome mio e della citt\u00e0 di San Vito dei Normanni le do il benvenuto per la nomina a Prefetto della nostra provincia.<br \/>\nIl momento difficile che viviamo non impedir\u00e0 di incontrarci per un saluto di benvenuto e certamente tante saranno anche le occasioni di confronto in sede provinciale che Ella non mancher\u00e0 di promuovere sia pure con le modalit\u00e0 che i tempi ci impongono.<br \/>\nTante sono le problematiche da condividere e da affrontare insieme e, sono certa, lo faremo con spirito di servizio e forte legame verso le Istituzioni che tutti serviamo con ruoli e modalit\u00e0 diverse, ma sempre per il bene della Comunit\u00e0 amministrata&#8221;.<\/p>\n<p>          La presente,<br \/>\nper porgere il benvenuto e gli auguri di buon lavoro, a nome personale e di tutta la Comunit\u00e0 politica di Fratelli d\u2019Italia,  al neo Prefetto di Brindisi, Dott.ssa Carolina Bellantoni.<\/p>\n<p>     La provincia di Brindisi e in particolare il capoluogo, sono \u201cterra di frontiera\u201d con la presenza di una criminalit\u00e0 pi\u00f9 o meno organizzata,  &#8211; che in un recente passato \u00e8 stata riconosciuta come \u201cquarta mafia\u201d, tanta era la sua capacit\u00e0 di imporsi sul territorio pugliese , e che pur piegata da indagini e arresti, prova periodicamente a rialzare la testa &#8211; , e con problematiche legate alle numerose strutture di accoglienza, tra CARA, CPR (ex CIE),  SPRAR e \u201cdormitorio comunale\u201d, che se pur ben gestite da forze dell\u2019ordine preparate professionalmente ed all\u2019altezza del compito, destano comunque inquietudine nella popolazione, soprattutto nelle zone di maggior concentrazione e di ritrovo. <\/p>\n<p>     La crisi industriale, in particolare del settore aereospazio  , e una disoccupazione giovanile e non con cifre importanti, rendono Brindisi un territorio \u201ccaldo\u201d, al quale \u00e8 importante dedicare tempo ed energie.<\/p>\n<p>     Siamo convinti che il Prefetto Bellantoni sapr\u00e0 affrontare con decisione i vari problemi sul tappeto, e nei prossimi giorni ci riserviamo di incontrarlo per una condivisione degli stessi.<\/p>\n<p>                                                                                                                             Cesare MEVOLI<br \/>\n                                                                                                                         Responsabile regionale<br \/>\n                                                                                                                       Co-Coordinatore cittadino<\/p>\n","protected":false},"excerpt":{"rendered":"<p>Il sindaco di San Vito dei Normanni, Silvana Errico, ha inviato ieri una nota di saluto e benvenuto al nuovo Prefetto di Brindisi, la dott.ssa Carolina Bellantoni. Ecco il testo: &#8220;A nome mio e della citt\u00e0 di San Vito dei Normanni le do il benvenuto per la nomina a Prefetto della nostra provincia. Il momento difficile che viviamo non impedir\u00e0 di incontrarci per un saluto di benvenuto e certamente tante saranno anche le occasioni di confronto in sede provinciale che Ella non mancher\u00e0 di promuovere sia pure con le modalit\u00e0 che i tempi ci impongono. Tante sono le problematiche da condividere e da affrontare insieme e, sono certa, lo faremo con spirito di servizio e forte legame verso le Istituzioni che tutti serviamo con ruoli e modalit\u00e0 diverse, ma sempre per il bene della Comunit\u00e0 amministrata&#8221;. La presente, per porgere il benvenuto e gli auguri di buon lavoro, a nome personale e di tutta la Comunit\u00e0 politica di Fratelli d\u2019Italia, al neo Prefetto di Brindisi, Dott.ssa Carolina Bellantoni. La provincia&#8230;<\/p>\n","protected":false},"author":2,"featured_media":177766,"comment_status":"open","ping_status":"closed","sticky":false,"template":"","format":"standard","meta":{"footnotes":""},"categories":[7],"tags":[],"class_list":["post-177976","post","type-post","status-publish","format-standard","has-post-thumbnail","hentry","category-news"],"_links":{"self":[{"href":"https:\/\/www.brundisium.net\/index.php\/wp-json\/wp\/v2\/posts\/177976","targetHints":{"allow":["GET"]}}],"collection":[{"href":"https:\/\/www.brundisium.net\/index.php\/wp-json\/wp\/v2\/posts"}],"about":[{"href":"https:\/\/www.brundisium.net\/index.php\/wp-json\/wp\/v2\/types\/post"}],"author":[{"embeddable":true,"href":"https:\/\/www.brundisium.net\/index.php\/wp-json\/wp\/v2\/users\/2"}],"replies":[{"embeddable":true,"href":"https:\/\/www.brundisium.net\/index.php\/wp-json\/wp\/v2\/comments?post=177976"}],"version-history":[{"count":1,"href":"https:\/\/www.brundisium.net\/index.php\/wp-json\/wp\/v2\/posts\/177976\/revisions"}],"predecessor-version":[{"id":177977,"href":"https:\/\/www.brundisium.net\/index.php\/wp-json\/wp\/v2\/posts\/177976\/revisions\/177977"}],"wp:featuredmedia":[{"embeddable":true,"href":"https:\/\/www.brundisium.net\/index.php\/wp-json\/wp\/v2\/media\/177766"}],"wp:attachment":[{"href":"https:\/\/www.brundisium.net\/index.php\/wp-json\/wp\/v2\/media?parent=177976"}],"wp:term":[{"taxonomy":"category","embeddable":true,"href":"https:\/\/www.brundisium.net\/index.php\/wp-json\/wp\/v2\/categories?post=177976"},{"taxonomy":"post_tag","embeddable":true,"href":"https:\/\/www.brundisium.net\/index.php\/wp-json\/wp\/v2\/tags?post=177976"}],"curies":[{"name":"wp","href":"https:\/\/api.w.org\/{rel}","templated":true}]}}