{"id":178084,"date":"2020-10-30T07:56:37","date_gmt":"2020-10-30T06:56:37","guid":{"rendered":"https:\/\/www.brundisium.net\/?p=178084"},"modified":"2020-10-30T11:59:37","modified_gmt":"2020-10-30T10:59:37","slug":"pubblicato-lavviso-pubblico-per-lelezione-del-primo-garante-delle-persone-con-disabilita","status":"publish","type":"post","link":"https:\/\/www.brundisium.net\/index.php\/pubblicato-lavviso-pubblico-per-lelezione-del-primo-garante-delle-persone-con-disabilita\/","title":{"rendered":"Pubblicato l\u2019Avviso Pubblico per l\u2019elezione del primo Garante delle persone con disabilit\u00e0"},"content":{"rendered":"<p>Francavilla Fontana \u00e8 pronta ad accogliere per la prima volta nella sua storia una figura istituzionale che avr\u00e0 il compito esclusivo di tutelare i diritti delle persone con disabilit\u00e0.<\/p>\n<p>Il percorso che ha condotto all\u2019introduzione di questo organo cittadino ha avuto inizio lo scorso dicembre con l\u2019approvazione in Consiglio Comunale del regolamento istitutivo del Garante delle persone con disabilit\u00e0.<\/p>\n<p>Nelle scorse ore \u00e8 stata avviata una procedura ad evidenza pubblica per raccogliere le candidature di coloro che sono interessati a ricoprire questo ruolo. Il Garante sar\u00e0 eletto dalla cittadinanza in una consultazione online e, come da regolamento, non percepir\u00e0 compensi per l\u2019attivit\u00e0 svolta.<\/p>\n<p>\u201cIn contemporanea con la prossima approvazione del piano per l\u2019eliminazione delle barriere architettoniche (PEBA), arriva il momento anche dell&#8217;elezione del Garante delle persone con disabilit\u00e0 \u2013 dichiara l\u2019Assessore alle Pari Opportunit\u00e0 Sergio Tatarano \u2013 Un nuovo traguardo per il riconoscimento dei diritti di una larga fetta di cittadinanza da troppo tempo discriminata e che tra poche settimane avr\u00e0 un punto di riferimento in pi\u00f9. La particolarit\u00e0 di Francavilla Fontana \u00e8 nella modalit\u00e0 di designazione della figura attraverso il voto diretto da parte di tutta la comunit\u00e0 francavillese, a conferma della duplice volont\u00e0 che accompagna le iniziative di questa Amministrazione: sperimentare ed aumentare i processi partecipativi e democratici.\u201d<\/p>\n<p>Potranno presentare la propria candidatura donne e uomini in possesso di una laurea in Giurisprudenza, Psicologia, Scienze Politiche, Scienze Sociali o che abbiano svolto per almeno tre anni attivit\u00e0 di tutela e salvaguardia dei diritti delle persone con disabilit\u00e0.<\/p>\n<p>Le candidature dovranno pervenire entro le ore 12.00 di luned\u00ec 16 novembre.<\/p>\n<p>\u201cSi avvia a conclusione un percorso avviato il 29 marzo 2019 con una mozione del Consigliere Pierangelo Taurisano, che ringrazio per questa felice intuizione \u2013 dichiara il Sindaco Antonello Denuzzo \u2013 con l\u2019elezione del Garante diamo una nuova centralit\u00e0 alla persona quale titolare di diritti, a prescindere dal suo stato di salute. Ritengo sia un passo importante per una Citt\u00e0 che ha intrapreso con coraggio il cammino dell\u2019inclusione e che non vuole arrendersi di fronte alle difficolt\u00e0 dettate da questo periodo storico particolarmente complesso.\u201d<\/p>\n<p>Grazie all\u2019introduzione di questa figura il Comune di Francavilla Fontana si allinea con la Convenzione delle Nazioni Unite sui diritti delle persone con disabilit\u00e0 e con La Legge regionale che prevede la figura del Garante.<\/p>\n<p>Tutti i dettagli relativi alle modalit\u00e0 di presentazione delle istanze sono disponibili sul sito internet www.comune.francavillafontana.br.it.<\/p>\n<p>&nbsp;<\/p>\n<p><strong>Comune di Francavilla Fontana<\/strong><\/p>\n","protected":false},"excerpt":{"rendered":"<p>Francavilla Fontana \u00e8 pronta ad accogliere per la prima volta nella sua storia una figura istituzionale che avr\u00e0 il compito esclusivo di tutelare i diritti delle persone con disabilit\u00e0. Il percorso che ha condotto all\u2019introduzione di questo organo cittadino ha avuto inizio lo scorso dicembre con l\u2019approvazione in Consiglio Comunale del regolamento istitutivo del Garante delle persone con disabilit\u00e0. Nelle scorse ore \u00e8 stata avviata una procedura ad evidenza pubblica per raccogliere le candidature di coloro che sono interessati a ricoprire questo ruolo. Il Garante sar\u00e0 eletto dalla cittadinanza in una consultazione online e, come da regolamento, non percepir\u00e0 compensi per l\u2019attivit\u00e0 svolta. \u201cIn contemporanea con la prossima approvazione del piano per l\u2019eliminazione delle barriere architettoniche (PEBA), arriva il momento anche dell&#8217;elezione del Garante delle persone con disabilit\u00e0 \u2013 dichiara l\u2019Assessore alle Pari Opportunit\u00e0 Sergio Tatarano \u2013 Un nuovo traguardo per il riconoscimento dei diritti di una larga fetta di cittadinanza da troppo tempo discriminata e che tra poche settimane avr\u00e0 un punto di riferimento in pi\u00f9. La particolarit\u00e0 di&#8230;<\/p>\n","protected":false},"author":2,"featured_media":162303,"comment_status":"open","ping_status":"closed","sticky":false,"template":"","format":"standard","meta":{"footnotes":""},"categories":[7],"tags":[],"class_list":["post-178084","post","type-post","status-publish","format-standard","has-post-thumbnail","hentry","category-news"],"_links":{"self":[{"href":"https:\/\/www.brundisium.net\/index.php\/wp-json\/wp\/v2\/posts\/178084","targetHints":{"allow":["GET"]}}],"collection":[{"href":"https:\/\/www.brundisium.net\/index.php\/wp-json\/wp\/v2\/posts"}],"about":[{"href":"https:\/\/www.brundisium.net\/index.php\/wp-json\/wp\/v2\/types\/post"}],"author":[{"embeddable":true,"href":"https:\/\/www.brundisium.net\/index.php\/wp-json\/wp\/v2\/users\/2"}],"replies":[{"embeddable":true,"href":"https:\/\/www.brundisium.net\/index.php\/wp-json\/wp\/v2\/comments?post=178084"}],"version-history":[{"count":1,"href":"https:\/\/www.brundisium.net\/index.php\/wp-json\/wp\/v2\/posts\/178084\/revisions"}],"predecessor-version":[{"id":178085,"href":"https:\/\/www.brundisium.net\/index.php\/wp-json\/wp\/v2\/posts\/178084\/revisions\/178085"}],"wp:featuredmedia":[{"embeddable":true,"href":"https:\/\/www.brundisium.net\/index.php\/wp-json\/wp\/v2\/media\/162303"}],"wp:attachment":[{"href":"https:\/\/www.brundisium.net\/index.php\/wp-json\/wp\/v2\/media?parent=178084"}],"wp:term":[{"taxonomy":"category","embeddable":true,"href":"https:\/\/www.brundisium.net\/index.php\/wp-json\/wp\/v2\/categories?post=178084"},{"taxonomy":"post_tag","embeddable":true,"href":"https:\/\/www.brundisium.net\/index.php\/wp-json\/wp\/v2\/tags?post=178084"}],"curies":[{"name":"wp","href":"https:\/\/api.w.org\/{rel}","templated":true}]}}