{"id":178560,"date":"2020-11-10T09:15:11","date_gmt":"2020-11-10T08:15:11","guid":{"rendered":"https:\/\/www.brundisium.net\/?p=178560"},"modified":"2020-11-10T09:39:52","modified_gmt":"2020-11-10T08:39:52","slug":"il-sindaco-matarrelli-lonorevole-aresta-e-il-consigliere-vizzino-alle-scuole-collaborazione-per-superare-insieme-lemergenza-sanitaria","status":"publish","type":"post","link":"https:\/\/www.brundisium.net\/index.php\/il-sindaco-matarrelli-lonorevole-aresta-e-il-consigliere-vizzino-alle-scuole-collaborazione-per-superare-insieme-lemergenza-sanitaria\/","title":{"rendered":"Il sindaco Matarrelli, l\u2019onorevole Aresta e il consigliere Vizzino alle scuole: \u201cCollaborazione per superare insieme l\u2019emergenza sanitaria\u201d"},"content":{"rendered":"<p>Ieri mattina il sindaco Toni Matarrelli, l\u2019onorevole Gianluca Aresta, l\u2019assessore ai Servizi Sociali Anna Maria Scalera e il consulente alle Politiche Scolastiche, Marco Cal\u00f2, si sono recati presso gli istituti scolastici della citt\u00e0 di Mesagne. Il consigliere regionale Mauro Vizzino, impegnato a Bari per impegni istituzionali gi\u00e0 assunti, durante la visita \u00e8 rimasto in contatto telefonico con il primo cittadino per ricevere aggiornamenti.<\/p>\n<p>L\u2019Amministrazione Comunale e il parlamentare mesagnese hanno inteso accertarsi della situazione attraverso un confronto diretto con genitori, dirigenti scolastici e docenti per offrire collaborazione e supporto affinch\u00e9, come ha ribadito il sindaco Matarrelli, \u201cil diritto allo studio sia a garantito a tutti allo stesso modo, tanto a coloro che intendono avvalersi della didattica in presenza quanto a chi ritiene di dover rimanere a casa, avvalendosi della cosiddetta Dad. Alla luce dell\u2019ultimo DPCM e dell\u2019ordinanza regionale dello scorso 6 novembre entrambe le possibilit\u00e0 sono garantite per legge\u201d.<\/p>\n<p>Durante l\u2019incontro con i dirigenti scolastici della scuola media \u201cMaterdona \u2013 Moro\u201d, del primo e secondo circolo didattico \u201cGiosu\u00e8 Carducci\u201d e \u201cGiovanni XXIII\u201d \u2013 i professori Salvatore Fiore, Cosimo Marcello Castellano e Daniele Guccione \u2013 \u00e8 emerso che le scuole si stanno adoperando per garantire, con uno sforzo organizzativo che \u00e8 in fase di perfezionamento, le lezioni in presenza e con didattica a distanza, nel rispetto della modalit\u00e0 sincrona e con la medesima offerta formativa. \u201cIl momento che stiamo vivendo \u00e8 eccezionale, legato ad una pandemia le cui conseguenze vanno gestite con buonsenso e spirito di coesione, elementi fondamentali per garantire il miglior controllo dell\u2019emergenza anche in tema di svolgimento delle attivit\u00e0 didattiche\u201d, ha commentato l\u2019onorevole Aresta.<\/p>\n<p>Il Comune di Mesagne ha programmato gli interventi che, a partire dai prossimi giorni, serviranno a potenziare la rete internet. L\u2019efficientamento dei sistemi informatici fornir\u00e0 maggiore qualit\u00e0 e adeguata velocit\u00e0 ai collegamenti necessari per la didattica a distanza.<\/p>\n","protected":false},"excerpt":{"rendered":"<p>Ieri mattina il sindaco Toni Matarrelli, l\u2019onorevole Gianluca Aresta, l\u2019assessore ai Servizi Sociali Anna Maria Scalera e il consulente alle Politiche Scolastiche, Marco Cal\u00f2, si sono recati presso gli istituti scolastici della citt\u00e0 di Mesagne. Il consigliere regionale Mauro Vizzino, impegnato a Bari per impegni istituzionali gi\u00e0 assunti, durante la visita \u00e8 rimasto in contatto telefonico con il primo cittadino per ricevere aggiornamenti. L\u2019Amministrazione Comunale e il parlamentare mesagnese hanno inteso accertarsi della situazione attraverso un confronto diretto con genitori, dirigenti scolastici e docenti per offrire collaborazione e supporto affinch\u00e9, come ha ribadito il sindaco Matarrelli, \u201cil diritto allo studio sia a garantito a tutti allo stesso modo, tanto a coloro che intendono avvalersi della didattica in presenza quanto a chi ritiene di dover rimanere a casa, avvalendosi della cosiddetta Dad. Alla luce dell\u2019ultimo DPCM e dell\u2019ordinanza regionale dello scorso 6 novembre entrambe le possibilit\u00e0 sono garantite per legge\u201d. Durante l\u2019incontro con i dirigenti scolastici della scuola media \u201cMaterdona \u2013 Moro\u201d, del primo e secondo circolo didattico \u201cGiosu\u00e8 Carducci\u201d e&#8230;<\/p>\n","protected":false},"author":2,"featured_media":178564,"comment_status":"open","ping_status":"closed","sticky":false,"template":"","format":"standard","meta":{"footnotes":""},"categories":[7],"tags":[],"class_list":["post-178560","post","type-post","status-publish","format-standard","has-post-thumbnail","hentry","category-news"],"_links":{"self":[{"href":"https:\/\/www.brundisium.net\/index.php\/wp-json\/wp\/v2\/posts\/178560","targetHints":{"allow":["GET"]}}],"collection":[{"href":"https:\/\/www.brundisium.net\/index.php\/wp-json\/wp\/v2\/posts"}],"about":[{"href":"https:\/\/www.brundisium.net\/index.php\/wp-json\/wp\/v2\/types\/post"}],"author":[{"embeddable":true,"href":"https:\/\/www.brundisium.net\/index.php\/wp-json\/wp\/v2\/users\/2"}],"replies":[{"embeddable":true,"href":"https:\/\/www.brundisium.net\/index.php\/wp-json\/wp\/v2\/comments?post=178560"}],"version-history":[{"count":1,"href":"https:\/\/www.brundisium.net\/index.php\/wp-json\/wp\/v2\/posts\/178560\/revisions"}],"predecessor-version":[{"id":178565,"href":"https:\/\/www.brundisium.net\/index.php\/wp-json\/wp\/v2\/posts\/178560\/revisions\/178565"}],"wp:featuredmedia":[{"embeddable":true,"href":"https:\/\/www.brundisium.net\/index.php\/wp-json\/wp\/v2\/media\/178564"}],"wp:attachment":[{"href":"https:\/\/www.brundisium.net\/index.php\/wp-json\/wp\/v2\/media?parent=178560"}],"wp:term":[{"taxonomy":"category","embeddable":true,"href":"https:\/\/www.brundisium.net\/index.php\/wp-json\/wp\/v2\/categories?post=178560"},{"taxonomy":"post_tag","embeddable":true,"href":"https:\/\/www.brundisium.net\/index.php\/wp-json\/wp\/v2\/tags?post=178560"}],"curies":[{"name":"wp","href":"https:\/\/api.w.org\/{rel}","templated":true}]}}