{"id":178717,"date":"2020-11-12T17:11:39","date_gmt":"2020-11-12T16:11:39","guid":{"rendered":"https:\/\/www.brundisium.net\/?p=178717"},"modified":"2020-11-13T17:13:41","modified_gmt":"2020-11-13T16:13:41","slug":"confcommercio-avvia-fase-di-confronto-con-le-amministrazioni-comunali-della-provincia-di-brindisi","status":"publish","type":"post","link":"https:\/\/www.brundisium.net\/index.php\/confcommercio-avvia-fase-di-confronto-con-le-amministrazioni-comunali-della-provincia-di-brindisi\/","title":{"rendered":"ConfCommercio avvia fase di confronto con le Amministrazioni comunali della provincia di Brindisi"},"content":{"rendered":"<p>Ha sortito gi\u00e0 i primi effetti positivi l\u2019iniziativa assunta dalla Confcommercio di Brindisi di chiedere l\u2019avvio di una fase di confronto a tutte le Amministrazioni comunali della provincia, con l\u2019obiettivo di individuare ogni intervento possibile (e quindi di competenza comunale) nell\u2019ambito delle limitazioni imposte con i vari DPCM.<\/p>\n<p>&nbsp;<\/p>\n<p>Nei giorni scorsi la Presidente di Confcommercio Anna Rita Montanaro ed il delegato comunale Donato Pistola hanno incontrato l\u2019Assessore alle Attivit\u00e0 Produttive del Comune di Fasano Luana Amati. Il confronto \u00e8 stato utile per fare il punto sulle iniziative assunte dal Comune di Fasano per fronteggiare questo momento cos\u00ec difficile per il commercio, a partire da un alleggerimento delle tassazioni di competenza comunale e dal rinvio di alcune scadenze. Per quanto riguarda le iniziative natalizie, invece, l\u2019assessore Amati ha confermato la disponibilit\u00e0 del Comune a far installare le luminarie ed a promuovere altre iniziative, ovviamente nel pieno rispetto delle limitazioni imposte e nella consapevolezza di dover evitare assembramenti. E\u2019 in fase di approfondimento, inoltre, la possibilit\u00e0 di differenziare gli orari di apertura delle attivit\u00e0 commerciali, proprio allo scopo di evitare affollamenti. Una attenzione particolare sar\u00e0 rivolta anche alla possibilit\u00e0 di favorire la consegna a domicilio, a vantaggio delle attivit\u00e0 commerciali della citt\u00e0.<\/p>\n<p>&nbsp;<\/p>\n<p>A Francavilla Fontana, invece, il direttore di Confcommercio Angelo Colella ed il delegato comunale Oronzo Incalza hanno incontrato il Sindaco Antonello De Nuzzo, l\u2019Assessore alle Attivit\u00e0 Produttive Domenico Magliola e l\u2019Assessore alle Finanze Antonella Iurlaro.<\/p>\n<p>&nbsp;<\/p>\n<p>Nel corso dell\u2019incontro gli amministratori francavillesi hanno ribadito di aver messo a diposizione un milione di euro di fondi comunali per dimezzare la Tari a tutte le imprese che operano nel territorio. Una detassazione che va ad aggiungersi ai benefici gi\u00e0 previsti nell\u2019ambito dell\u2019applicazione della Tosap.<\/p>\n<p>&nbsp;<\/p>\n<p>Per quanto riguarda, invece, le iniziative natalizie, il Sindaco e gli Assessori presenti hanno confermato la volont\u00e0 di allargare l\u2019area in cui verranno installate le luminarie, con l\u2019obiettivo di coinvolgere pi\u00f9 strade e quindi evitare assembramenti. Ovviamente le iniziative di animazione risentiranno delle limitazioni imposte con il DPCM che sar\u00e0 in vigore in quel periodo. Gli amministratori comunali, poi, hanno garantito la massima collaborazione per favorire la nascita di una struttura per le consegne a domicilio. Il tutto, con l\u2019obiettivo di contrastare le grandi multinazionali del commercio on-line.<\/p>\n<p>&nbsp;<\/p>\n<p>Sia a Fasano che a Francavilla, in ogni caso, la Confcommercio ha confermato la propria disponibilit\u00e0 a mettere in campo iniziative promozionali \u2013 in collaborazione con le Amministrazioni Comunali \u2013 per dar vita a campagne di sensibilizzazione volte a favorire l\u2019acquisto nelle attivit\u00e0 commerciali situate nelle singole realt\u00e0 cittadine.<\/p>\n<p>Il confronto, ovviamente, proseguir\u00e0 nei prossimi giorni. Previsti incontri anche con gli amministratori di altri comuni della provincia di Brindisi.<\/p>\n<p>&nbsp;<\/p>\n<p><strong>CONFCOMMERCIO BRINDISI<\/strong><\/p>\n","protected":false},"excerpt":{"rendered":"<p>Ha sortito gi\u00e0 i primi effetti positivi l\u2019iniziativa assunta dalla Confcommercio di Brindisi di chiedere l\u2019avvio di una fase di confronto a tutte le Amministrazioni comunali della provincia, con l\u2019obiettivo di individuare ogni intervento possibile (e quindi di competenza comunale) nell\u2019ambito delle limitazioni imposte con i vari DPCM. &nbsp; Nei giorni scorsi la Presidente di Confcommercio Anna Rita Montanaro ed il delegato comunale Donato Pistola hanno incontrato l\u2019Assessore alle Attivit\u00e0 Produttive del Comune di Fasano Luana Amati. Il confronto \u00e8 stato utile per fare il punto sulle iniziative assunte dal Comune di Fasano per fronteggiare questo momento cos\u00ec difficile per il commercio, a partire da un alleggerimento delle tassazioni di competenza comunale e dal rinvio di alcune scadenze. Per quanto riguarda le iniziative natalizie, invece, l\u2019assessore Amati ha confermato la disponibilit\u00e0 del Comune a far installare le luminarie ed a promuovere altre iniziative, ovviamente nel pieno rispetto delle limitazioni imposte e nella consapevolezza di dover evitare assembramenti. E\u2019 in fase di approfondimento, inoltre, la possibilit\u00e0 di differenziare gli orari di&#8230;<\/p>\n","protected":false},"author":2,"featured_media":163710,"comment_status":"open","ping_status":"closed","sticky":false,"template":"","format":"standard","meta":{"footnotes":""},"categories":[7],"tags":[],"class_list":["post-178717","post","type-post","status-publish","format-standard","has-post-thumbnail","hentry","category-news"],"_links":{"self":[{"href":"https:\/\/www.brundisium.net\/index.php\/wp-json\/wp\/v2\/posts\/178717","targetHints":{"allow":["GET"]}}],"collection":[{"href":"https:\/\/www.brundisium.net\/index.php\/wp-json\/wp\/v2\/posts"}],"about":[{"href":"https:\/\/www.brundisium.net\/index.php\/wp-json\/wp\/v2\/types\/post"}],"author":[{"embeddable":true,"href":"https:\/\/www.brundisium.net\/index.php\/wp-json\/wp\/v2\/users\/2"}],"replies":[{"embeddable":true,"href":"https:\/\/www.brundisium.net\/index.php\/wp-json\/wp\/v2\/comments?post=178717"}],"version-history":[{"count":1,"href":"https:\/\/www.brundisium.net\/index.php\/wp-json\/wp\/v2\/posts\/178717\/revisions"}],"predecessor-version":[{"id":178719,"href":"https:\/\/www.brundisium.net\/index.php\/wp-json\/wp\/v2\/posts\/178717\/revisions\/178719"}],"wp:featuredmedia":[{"embeddable":true,"href":"https:\/\/www.brundisium.net\/index.php\/wp-json\/wp\/v2\/media\/163710"}],"wp:attachment":[{"href":"https:\/\/www.brundisium.net\/index.php\/wp-json\/wp\/v2\/media?parent=178717"}],"wp:term":[{"taxonomy":"category","embeddable":true,"href":"https:\/\/www.brundisium.net\/index.php\/wp-json\/wp\/v2\/categories?post=178717"},{"taxonomy":"post_tag","embeddable":true,"href":"https:\/\/www.brundisium.net\/index.php\/wp-json\/wp\/v2\/tags?post=178717"}],"curies":[{"name":"wp","href":"https:\/\/api.w.org\/{rel}","templated":true}]}}