{"id":178738,"date":"2020-11-14T08:02:54","date_gmt":"2020-11-14T07:02:54","guid":{"rendered":"https:\/\/www.brundisium.net\/?p=178738"},"modified":"2020-11-14T08:02:54","modified_gmt":"2020-11-14T07:02:54","slug":"il-cooking-show-di-xfood-domenica-15-novembre-su-rai-due","status":"publish","type":"post","link":"https:\/\/www.brundisium.net\/index.php\/il-cooking-show-di-xfood-domenica-15-novembre-su-rai-due\/","title":{"rendered":"Il cooking Show di XFood domenica 15 novembre su Rai due"},"content":{"rendered":"<p>Domenica 15 novembre su RAI 2 alle 9.15 e venerd\u00ec 20 novembre in replica alle 24,55 circa andr\u00e0 in onda una nuova puntata di \u201cO anche no\u201d, il programma dedicato all\u2019inclusione e alla solidariet\u00e0 realizzato con RAI PER IL SOCIALE.<br \/>\nDurante la trasmissione la conduttrice, Paola Severini Melograni, parler\u00e0 del ristorante sociale XFood di San Vito dei Normanni e del cooking show realizzato nelle cucine dello stesso.<br \/>\nUn appuntamento imperdibile, dove cucina e inclusione sociale faranno da padrone.<br \/>\nLa conduttrice si collegher\u00e0 inoltre con il New Mexico per intervistare Tim Harris, un giovane con la sindrome di Down che ha fondato e gestito un ristorante di successo per poi diventare un importante \u201ccoach motivazionale\u201d.<br \/>\n\u201cO anche no\u201d \u00e8 scritto da Paola Severini Melograni e Maurizio Gianotti. La regia \u00e8 di Davide Vaval\u00e0.<\/p>\n","protected":false},"excerpt":{"rendered":"<p>Domenica 15 novembre su RAI 2 alle 9.15 e venerd\u00ec 20 novembre in replica alle 24,55 circa andr\u00e0 in onda una nuova puntata di \u201cO anche no\u201d, il programma dedicato all\u2019inclusione e alla solidariet\u00e0 realizzato con RAI PER IL SOCIALE. Durante la trasmissione la conduttrice, Paola Severini Melograni, parler\u00e0 del ristorante sociale XFood di San Vito dei Normanni e del cooking show realizzato nelle cucine dello stesso. Un appuntamento imperdibile, dove cucina e inclusione sociale faranno da padrone. La conduttrice si collegher\u00e0 inoltre con il New Mexico per intervistare Tim Harris, un giovane con la sindrome di Down che ha fondato e gestito un ristorante di successo per poi diventare un importante \u201ccoach motivazionale\u201d. \u201cO anche no\u201d \u00e8 scritto da Paola Severini Melograni e Maurizio Gianotti. La regia \u00e8 di Davide Vaval\u00e0.<\/p>\n","protected":false},"author":2,"featured_media":178739,"comment_status":"open","ping_status":"closed","sticky":false,"template":"","format":"standard","meta":{"footnotes":""},"categories":[7],"tags":[],"class_list":["post-178738","post","type-post","status-publish","format-standard","has-post-thumbnail","hentry","category-news"],"_links":{"self":[{"href":"https:\/\/www.brundisium.net\/index.php\/wp-json\/wp\/v2\/posts\/178738","targetHints":{"allow":["GET"]}}],"collection":[{"href":"https:\/\/www.brundisium.net\/index.php\/wp-json\/wp\/v2\/posts"}],"about":[{"href":"https:\/\/www.brundisium.net\/index.php\/wp-json\/wp\/v2\/types\/post"}],"author":[{"embeddable":true,"href":"https:\/\/www.brundisium.net\/index.php\/wp-json\/wp\/v2\/users\/2"}],"replies":[{"embeddable":true,"href":"https:\/\/www.brundisium.net\/index.php\/wp-json\/wp\/v2\/comments?post=178738"}],"version-history":[{"count":1,"href":"https:\/\/www.brundisium.net\/index.php\/wp-json\/wp\/v2\/posts\/178738\/revisions"}],"predecessor-version":[{"id":178740,"href":"https:\/\/www.brundisium.net\/index.php\/wp-json\/wp\/v2\/posts\/178738\/revisions\/178740"}],"wp:featuredmedia":[{"embeddable":true,"href":"https:\/\/www.brundisium.net\/index.php\/wp-json\/wp\/v2\/media\/178739"}],"wp:attachment":[{"href":"https:\/\/www.brundisium.net\/index.php\/wp-json\/wp\/v2\/media?parent=178738"}],"wp:term":[{"taxonomy":"category","embeddable":true,"href":"https:\/\/www.brundisium.net\/index.php\/wp-json\/wp\/v2\/categories?post=178738"},{"taxonomy":"post_tag","embeddable":true,"href":"https:\/\/www.brundisium.net\/index.php\/wp-json\/wp\/v2\/tags?post=178738"}],"curies":[{"name":"wp","href":"https:\/\/api.w.org\/{rel}","templated":true}]}}