{"id":178777,"date":"2020-11-14T13:29:39","date_gmt":"2020-11-14T12:29:39","guid":{"rendered":"https:\/\/www.brundisium.net\/?p=178777"},"modified":"2020-11-14T17:30:53","modified_gmt":"2020-11-14T16:30:53","slug":"covid-a-francavilla-audizione-del-sindaco-denuzzo-nella-conferenza-dei-capigruppo","status":"publish","type":"post","link":"https:\/\/www.brundisium.net\/index.php\/covid-a-francavilla-audizione-del-sindaco-denuzzo-nella-conferenza-dei-capigruppo\/","title":{"rendered":"Covid a Francavilla: audizione del Sindaco Denuzzo nella Conferenza dei Capigruppo"},"content":{"rendered":"<p>Sabato 14 novembre si \u00e8 tenuta una conferenza straordinaria dei Capigruppo consiliari alla presenza del Sindaco Antonello Denuzzo.<\/p>\n<p>L\u2019incontro, sollecitato nelle scorse ore dalle opposizioni, \u00e8 stato convocato dal Presidente del Consiglio Comunale Domenico Attanasi per garantire un tavolo di confronto con il Sindaco circa la situazione epidemiologica a Francavilla Fontana.<\/p>\n<p>Unico assente all\u2019incontro, giustificato per impegni istituzionali, il Consigliere Regionale Maurizio Bruno. Al tavolo telematico erano presenti Francesco Amelio, Cosimo Tardio, Dario Mancino, Anna Tagliente, Antonio Andrisano, Anna Ferreri, Luigi Galiano, Giuseppe Ricchiuti e Stefano Voccoli.<\/p>\n<p>Il Sindaco Antonello Denuzzo ha fornito delucidazioni rispetto alle varie questioni poste dai Consiglieri Comunali.<\/p>\n<p>In primis si \u00e8 discusso di scuola. L\u2019argomento, su cui nelle scorse settimane \u00e8 stata aperta una lunga discussione anche sui social, \u00e8 stato illustrato dal Sindaco con dati alla mano. Rispetto al numero complessivo degli attualmente positivi in Citt\u00e0, \u00e8 del 6,4% il numero di studentesse e studenti tra i 3 e i 13 anni coinvolti. Se a questo dato si sommano le percentuali elevate di utilizzo della didattica a distanza, si evince che attualmente la scuola rappresenta un luogo sicuro e lo strumento dell\u2019ordinanza di chiusura del Sindaco risulterebbe sproporzionato rispetto al rischio reale. Per avere una istantanea ancora pi\u00f9 chiara della situazione il Sindaco ha avviato una interlocuzione con la ASL per ottenere uno screening con test antigenici sulla popolazione scolastica.<\/p>\n<p>L\u2019altro capitolo largamente affrontato \u00e8 stato quello relativo alle attivit\u00e0 produttive. Il Sindaco ha chiarito che in questi giorni \u00e8 stato avviato un confronto con le associazioni di categoria. Al momento, a parte la sospensione dei mercati di Campagna Amica e dell\u2019antiquariato, non sono state assunte ulteriori determinazioni rispetto a quelle previste dal dpcm. Occorre salvaguardare un bilanciamento degli interessi che consenta di tutelare il lavoro. Anche in questa seconda ondata l\u2019Amministrazione Comunale far\u00e0 la sua parte, proseguendo con quanto gi\u00e0 fatto nei mesi scorsi con il piano di sostegno alle attivit\u00e0 produttive da 1 milione di euro.<\/p>\n<p>Sul versante dei controlli, \u00e8 stato avviato un rafforzamento del presidio del territorio da parte della Polizia Locale. Il primo risultato \u00e8 il numero di verbali elevati per il mancato rispetto delle norme di sicurezza. Al controllo ordinario si sta aggiungendo quello in borghese che consente di verificare con maggiore accuratezza l&#8217;eventuale violazione delle norme imposte dal dpcm.<\/p>\n<p>Inoltre, ogni settimana si rinnovano con la Prefettura gli incontri del Comitato per l\u2019Ordine Pubblico e la Sicurezza che vedono la partecipazione oltre che dei Sindaci, del Questore, dei vertici di Carabinieri e Guardia di Finanza e della Direzione Generale dell&#8217;ASL.<\/p>\n<p>Al termine dell\u2019incontro il Sindaco si \u00e8 dichiarato disponibile ad incontrare nuovamente i Capigruppo per fornire ulteriori chiarimenti.<\/p>\n<p>&nbsp;<\/p>\n<p>&nbsp;<\/p>\n<p>Comune di Francavilla Fontana<\/p>\n","protected":false},"excerpt":{"rendered":"<p>Sabato 14 novembre si \u00e8 tenuta una conferenza straordinaria dei Capigruppo consiliari alla presenza del Sindaco Antonello Denuzzo. L\u2019incontro, sollecitato nelle scorse ore dalle opposizioni, \u00e8 stato convocato dal Presidente del Consiglio Comunale Domenico Attanasi per garantire un tavolo di confronto con il Sindaco circa la situazione epidemiologica a Francavilla Fontana. Unico assente all\u2019incontro, giustificato per impegni istituzionali, il Consigliere Regionale Maurizio Bruno. Al tavolo telematico erano presenti Francesco Amelio, Cosimo Tardio, Dario Mancino, Anna Tagliente, Antonio Andrisano, Anna Ferreri, Luigi Galiano, Giuseppe Ricchiuti e Stefano Voccoli. Il Sindaco Antonello Denuzzo ha fornito delucidazioni rispetto alle varie questioni poste dai Consiglieri Comunali. In primis si \u00e8 discusso di scuola. L\u2019argomento, su cui nelle scorse settimane \u00e8 stata aperta una lunga discussione anche sui social, \u00e8 stato illustrato dal Sindaco con dati alla mano. Rispetto al numero complessivo degli attualmente positivi in Citt\u00e0, \u00e8 del 6,4% il numero di studentesse e studenti tra i 3 e i 13 anni coinvolti. Se a questo dato si sommano le percentuali elevate di utilizzo&#8230;<\/p>\n","protected":false},"author":2,"featured_media":172960,"comment_status":"open","ping_status":"closed","sticky":false,"template":"","format":"standard","meta":{"footnotes":""},"categories":[7],"tags":[],"class_list":["post-178777","post","type-post","status-publish","format-standard","has-post-thumbnail","hentry","category-news"],"_links":{"self":[{"href":"https:\/\/www.brundisium.net\/index.php\/wp-json\/wp\/v2\/posts\/178777","targetHints":{"allow":["GET"]}}],"collection":[{"href":"https:\/\/www.brundisium.net\/index.php\/wp-json\/wp\/v2\/posts"}],"about":[{"href":"https:\/\/www.brundisium.net\/index.php\/wp-json\/wp\/v2\/types\/post"}],"author":[{"embeddable":true,"href":"https:\/\/www.brundisium.net\/index.php\/wp-json\/wp\/v2\/users\/2"}],"replies":[{"embeddable":true,"href":"https:\/\/www.brundisium.net\/index.php\/wp-json\/wp\/v2\/comments?post=178777"}],"version-history":[{"count":1,"href":"https:\/\/www.brundisium.net\/index.php\/wp-json\/wp\/v2\/posts\/178777\/revisions"}],"predecessor-version":[{"id":178778,"href":"https:\/\/www.brundisium.net\/index.php\/wp-json\/wp\/v2\/posts\/178777\/revisions\/178778"}],"wp:featuredmedia":[{"embeddable":true,"href":"https:\/\/www.brundisium.net\/index.php\/wp-json\/wp\/v2\/media\/172960"}],"wp:attachment":[{"href":"https:\/\/www.brundisium.net\/index.php\/wp-json\/wp\/v2\/media?parent=178777"}],"wp:term":[{"taxonomy":"category","embeddable":true,"href":"https:\/\/www.brundisium.net\/index.php\/wp-json\/wp\/v2\/categories?post=178777"},{"taxonomy":"post_tag","embeddable":true,"href":"https:\/\/www.brundisium.net\/index.php\/wp-json\/wp\/v2\/tags?post=178777"}],"curies":[{"name":"wp","href":"https:\/\/api.w.org\/{rel}","templated":true}]}}