{"id":178832,"date":"2020-11-16T13:38:19","date_gmt":"2020-11-16T12:38:19","guid":{"rendered":"https:\/\/www.brundisium.net\/?p=178832"},"modified":"2020-11-16T13:38:19","modified_gmt":"2020-11-16T12:38:19","slug":"il-presidente-di-torre-guaceto-entra-nel-consiglio-di-federparchi","status":"publish","type":"post","link":"https:\/\/www.brundisium.net\/index.php\/il-presidente-di-torre-guaceto-entra-nel-consiglio-di-federparchi\/","title":{"rendered":"Il presidente di Torre Guaceto entra nel Consiglio di Federparchi"},"content":{"rendered":"<p>Torre Guaceto entra nel Consiglio direttivo di Federparchi. Il presidente del Consorzio di Gestione dell\u2019Area Marina Protetta e Riserva Naturale dello Stato, Corrado Tarantino, \u00e8 stato nominato consigliere.<br \/>\nLa designazione di Tarantino, votata all\u2019unanimit\u00e0, \u00e8 avvenuta nell\u2019ambito dell\u2019ultima riunione nazionale. Entrano con lui Francesco Tarantini, presidente del Parco Nazionale dell\u2019Alta Murgia, e Salvatore Ruiu del parco regionale Tepilora.<br \/>\n\u201cSono particolarmente soddisfatto dell\u2019ingresso nel direttivo nazionale di Federparchi di Corrado Tarantino, presidente di una delle aree marine pi\u00f9 prestigiose d\u2019Italia, quella di Torre Guaceto &#8211; ha commentato la nomina, Giampiero Sammuri, presidente della federazione -, Conoscendolo personalmente, sono certo che sapr\u00e0 dare un contributo importante ai nostri lavori di livello nazionale\u201d.<br \/>\nNel dettaglio, come suggerisce il nome, Federparchi \u00e8 la federazione italiana dei parchi e delle riserve naturali, l\u2019associazione di categoria che riunisce e rappresenta gli Enti gestori delle aree protette naturali italiane e facilita i rapporti tra le realt\u00e0 locali ed il ministero dell\u2019Ambiente.<br \/>\nLa nomina di Tarantino \u00e8 grande motivo di orgoglio per il Consorzio di Gestione di Torre Guaceto che, cos\u00ec, avr\u00e0 voce, per via diretta nell\u2019importante realt\u00e0 associativa con respiro nazionale ed europeo.<br \/>\n\u201cNon posso non esprimere tutta la mia soddisfazione per la nomina nel direttivo nazionale di Federparchi &#8211; ha commentato Tarantino -, \u00c8 evidente che questa sia un riconoscimento per il lavoro fin qui svolto e per l\u2019importanza che Torre Guaceto ormai riveste nel sistema delle aree protette italiane. Questi risultati si raggiungono solo quando c\u2019\u00e8 lavoro di squadra. Per questo, tale risultato lo voglio condividere con l\u2019intero Consiglio di Amministrazione e con quanti lavorano nel Consorzio, dalla direzione ai dipendenti tutti. Questa \u00e8 un\u2019opportunit\u00e0 per continuare a far crescere Torre Guaceto e con essa l\u2019intero territorio sulla strada di un modello di sviluppo che sia sempre pi\u00f9 rispettoso dell\u2019ambiente. Ringrazio il presidente Sammuri e Federparchi per questa importante opportunit\u00e0\u201d.<\/p>\n<p>&nbsp;<\/p>\n<p>COMUNICAZIONE CONSORZIO DI GESTIONE DI TORRE GUACETO<\/p>\n","protected":false},"excerpt":{"rendered":"<p>Torre Guaceto entra nel Consiglio direttivo di Federparchi. Il presidente del Consorzio di Gestione dell\u2019Area Marina Protetta e Riserva Naturale dello Stato, Corrado Tarantino, \u00e8 stato nominato consigliere. La designazione di Tarantino, votata all\u2019unanimit\u00e0, \u00e8 avvenuta nell\u2019ambito dell\u2019ultima riunione nazionale. Entrano con lui Francesco Tarantini, presidente del Parco Nazionale dell\u2019Alta Murgia, e Salvatore Ruiu del parco regionale Tepilora. \u201cSono particolarmente soddisfatto dell\u2019ingresso nel direttivo nazionale di Federparchi di Corrado Tarantino, presidente di una delle aree marine pi\u00f9 prestigiose d\u2019Italia, quella di Torre Guaceto &#8211; ha commentato la nomina, Giampiero Sammuri, presidente della federazione -, Conoscendolo personalmente, sono certo che sapr\u00e0 dare un contributo importante ai nostri lavori di livello nazionale\u201d. Nel dettaglio, come suggerisce il nome, Federparchi \u00e8 la federazione italiana dei parchi e delle riserve naturali, l\u2019associazione di categoria che riunisce e rappresenta gli Enti gestori delle aree protette naturali italiane e facilita i rapporti tra le realt\u00e0 locali ed il ministero dell\u2019Ambiente. La nomina di Tarantino \u00e8 grande motivo di orgoglio per il Consorzio di Gestione di Torre&#8230;<\/p>\n","protected":false},"author":2,"featured_media":178835,"comment_status":"open","ping_status":"closed","sticky":false,"template":"","format":"standard","meta":{"footnotes":""},"categories":[7],"tags":[],"class_list":["post-178832","post","type-post","status-publish","format-standard","has-post-thumbnail","hentry","category-news"],"_links":{"self":[{"href":"https:\/\/www.brundisium.net\/index.php\/wp-json\/wp\/v2\/posts\/178832","targetHints":{"allow":["GET"]}}],"collection":[{"href":"https:\/\/www.brundisium.net\/index.php\/wp-json\/wp\/v2\/posts"}],"about":[{"href":"https:\/\/www.brundisium.net\/index.php\/wp-json\/wp\/v2\/types\/post"}],"author":[{"embeddable":true,"href":"https:\/\/www.brundisium.net\/index.php\/wp-json\/wp\/v2\/users\/2"}],"replies":[{"embeddable":true,"href":"https:\/\/www.brundisium.net\/index.php\/wp-json\/wp\/v2\/comments?post=178832"}],"version-history":[{"count":1,"href":"https:\/\/www.brundisium.net\/index.php\/wp-json\/wp\/v2\/posts\/178832\/revisions"}],"predecessor-version":[{"id":178836,"href":"https:\/\/www.brundisium.net\/index.php\/wp-json\/wp\/v2\/posts\/178832\/revisions\/178836"}],"wp:featuredmedia":[{"embeddable":true,"href":"https:\/\/www.brundisium.net\/index.php\/wp-json\/wp\/v2\/media\/178835"}],"wp:attachment":[{"href":"https:\/\/www.brundisium.net\/index.php\/wp-json\/wp\/v2\/media?parent=178832"}],"wp:term":[{"taxonomy":"category","embeddable":true,"href":"https:\/\/www.brundisium.net\/index.php\/wp-json\/wp\/v2\/categories?post=178832"},{"taxonomy":"post_tag","embeddable":true,"href":"https:\/\/www.brundisium.net\/index.php\/wp-json\/wp\/v2\/tags?post=178832"}],"curies":[{"name":"wp","href":"https:\/\/api.w.org\/{rel}","templated":true}]}}