{"id":178842,"date":"2020-11-17T11:56:50","date_gmt":"2020-11-17T10:56:50","guid":{"rendered":"https:\/\/www.brundisium.net\/?p=178842"},"modified":"2020-11-17T11:56:50","modified_gmt":"2020-11-17T10:56:50","slug":"brindisi-lassessore-derrico-si-dimette","status":"publish","type":"post","link":"https:\/\/www.brundisium.net\/index.php\/brindisi-lassessore-derrico-si-dimette\/","title":{"rendered":"Brindisi: l&#8217;Assessore D&#8217;Errico si dimette"},"content":{"rendered":"<p>Non mi ci trovo. Non mi ci trovo pi\u00f9.<\/p>\n<p>Lascio l\u2019incarico assessorile dopo poco pi\u00f9 di due anni con il rammarico della consapevolezza di aver avviato un importante percorso di \u201cnormalizzazione\u201d di settori che in passato sono stati oggetto di attenzione giornalistica e talvolta della magistratura ma di non poter portare a termine i processi avviati.<\/p>\n<p>Il bilancio previsionale \u00e8 l\u2019atto politico pi\u00f9 importante di una comunit\u00e0; non \u00e8 atto ragioneristico.<\/p>\n<p>\u00c8 l\u2019atto in cui si condensano prospettive, visioni, soluzioni alle difficolt\u00e0 di una citt\u00e0 che le istanze dei cittadini e delle parti sociali portano in se.<\/p>\n<p>Il bilancio previsionale dovrebbe portare in se un progetto di sviluppo e di crescita facendo leva sulla storia, sui punti di forza, sulle infrastrutture della citt\u00e0.<\/p>\n<p>Il bilancio previsionale, in quanto prospettiva per la citt\u00e0, dovrebbe avere la massima condivisione con i cittadini, coordinati in tutte le loro manifestazioni, e con tutti gli stakeholder, ossia con tutti coloro i quali sono direttamente o indirettamente coinvolti in un progetto di citt\u00e0.<\/p>\n<p>Questo, per\u00f2, non \u00e8 il mio bilancio; non \u00e8 il bilancio che avrei voluto per la mia citt\u00e0.<\/p>\n<p>Auguro ai miei colleghi di svolgere con responsabilit\u00e0 la propria funzione pubblica mettendo a frutto le loro competenze, le capacit\u00e0 ed il legame entusiasta con questa citt\u00e0, riconoscendo in loro la mia stessa passione politica.<\/p>\n<p>Ringrazio con affetto tutti i dirigenti, i funzionari ed i dipendenti che con me hanno condiviso lo spirito del cambiamento, la tensione al miglioramento; ognuno di loro esempio di generosit\u00e0 ed abnegazione.<\/p>\n<p>Grazie di cuore per la crescita umana e politica che mi \u00e8 stata regalata.<\/p>\n<p>&nbsp;<\/p>\n<p><em><strong>Cristiano D&#8217;Errico<\/strong><\/em><\/p>\n","protected":false},"excerpt":{"rendered":"<p>Non mi ci trovo. Non mi ci trovo pi\u00f9. Lascio l\u2019incarico assessorile dopo poco pi\u00f9 di due anni con il rammarico della consapevolezza di aver avviato un importante percorso di \u201cnormalizzazione\u201d di settori che in passato sono stati oggetto di attenzione giornalistica e talvolta della magistratura ma di non poter portare a termine i processi avviati. Il bilancio previsionale \u00e8 l\u2019atto politico pi\u00f9 importante di una comunit\u00e0; non \u00e8 atto ragioneristico. \u00c8 l\u2019atto in cui si condensano prospettive, visioni, soluzioni alle difficolt\u00e0 di una citt\u00e0 che le istanze dei cittadini e delle parti sociali portano in se. Il bilancio previsionale dovrebbe portare in se un progetto di sviluppo e di crescita facendo leva sulla storia, sui punti di forza, sulle infrastrutture della citt\u00e0. Il bilancio previsionale, in quanto prospettiva per la citt\u00e0, dovrebbe avere la massima condivisione con i cittadini, coordinati in tutte le loro manifestazioni, e con tutti gli stakeholder, ossia con tutti coloro i quali sono direttamente o indirettamente coinvolti in un progetto di citt\u00e0. Questo, per\u00f2, non&#8230;<\/p>\n","protected":false},"author":2,"featured_media":119899,"comment_status":"open","ping_status":"closed","sticky":false,"template":"","format":"standard","meta":{"footnotes":""},"categories":[7],"tags":[],"class_list":["post-178842","post","type-post","status-publish","format-standard","has-post-thumbnail","hentry","category-news"],"_links":{"self":[{"href":"https:\/\/www.brundisium.net\/index.php\/wp-json\/wp\/v2\/posts\/178842","targetHints":{"allow":["GET"]}}],"collection":[{"href":"https:\/\/www.brundisium.net\/index.php\/wp-json\/wp\/v2\/posts"}],"about":[{"href":"https:\/\/www.brundisium.net\/index.php\/wp-json\/wp\/v2\/types\/post"}],"author":[{"embeddable":true,"href":"https:\/\/www.brundisium.net\/index.php\/wp-json\/wp\/v2\/users\/2"}],"replies":[{"embeddable":true,"href":"https:\/\/www.brundisium.net\/index.php\/wp-json\/wp\/v2\/comments?post=178842"}],"version-history":[{"count":1,"href":"https:\/\/www.brundisium.net\/index.php\/wp-json\/wp\/v2\/posts\/178842\/revisions"}],"predecessor-version":[{"id":178843,"href":"https:\/\/www.brundisium.net\/index.php\/wp-json\/wp\/v2\/posts\/178842\/revisions\/178843"}],"wp:featuredmedia":[{"embeddable":true,"href":"https:\/\/www.brundisium.net\/index.php\/wp-json\/wp\/v2\/media\/119899"}],"wp:attachment":[{"href":"https:\/\/www.brundisium.net\/index.php\/wp-json\/wp\/v2\/media?parent=178842"}],"wp:term":[{"taxonomy":"category","embeddable":true,"href":"https:\/\/www.brundisium.net\/index.php\/wp-json\/wp\/v2\/categories?post=178842"},{"taxonomy":"post_tag","embeddable":true,"href":"https:\/\/www.brundisium.net\/index.php\/wp-json\/wp\/v2\/tags?post=178842"}],"curies":[{"name":"wp","href":"https:\/\/api.w.org\/{rel}","templated":true}]}}