{"id":178875,"date":"2020-11-17T15:10:06","date_gmt":"2020-11-17T14:10:06","guid":{"rendered":"https:\/\/www.brundisium.net\/?p=178875"},"modified":"2020-11-17T15:10:06","modified_gmt":"2020-11-17T14:10:06","slug":"giornata-mondiale-della-prematurita-brindisi-si-tinge-di-viola","status":"publish","type":"post","link":"https:\/\/www.brundisium.net\/index.php\/giornata-mondiale-della-prematurita-brindisi-si-tinge-di-viola\/","title":{"rendered":"Giornata Mondiale della Prematurit\u00e0: Brindisi si tinge di viola"},"content":{"rendered":"<p>Il 17 Novembre si celebra la \u201cGiornata Mondiale della Prematurit\u00e0\u201d e anche Brindisi si tinge di viola.<\/p>\n<p>In Italia e in pi\u00f9 di 60 paesi del mondo vengono organizzate contemporaneamente degli eventi celebrativi. Uno di questi consiste nell&#8217; illuminare del colore rappresentativo del neonato prematuro, il viola, i siti di maggiore interesse della citt\u00e0.<\/p>\n<p>Brindisi ha risposto a questo invito illuminando, dalle ore 17 alle ore 24, la facciata del Teatro Verdi e il Monumento al Marinaio grazie all&#8217;impegno dell&#8217; Amministrazione Comunale di Brindisi, all&#8217;Amministrazione della Multiservizi, dall&#8217;Associazione Onlus \u201cInsieme ai nostri Bambini \u2013 UTIN Brindisi, agli sponsor che hanno reso possibile la realizzazione di questo momento di condivisione generale che in un periodo di grandi difficolt\u00e0, assume un significato pi\u00f9 intenso.<\/p>\n<p>In Italia l\u2019evento \u00e8 promosso dall\u2019associazione Vivere Onlus, dal coordinamento nazionale dell\u2019associazione dei genitori di figli prematuri e supportato dalla Societ\u00e0 Italiana di Neonatologia.<\/p>\n<p>&nbsp;<\/p>\n<p>Si tratta di una celebrazione condivisa con altre citt\u00e0 d\u2019Italia e del mondo che ha l&#8217;obiettivo di sensibilizzare la cittadinanza sulle problematiche che una nascita prematura comporta, informare sulle strategie di prevenzione e promuovere la ricerca in questo ambito.<\/p>\n<p>&nbsp;<\/p>\n<p>Nella provincia di Brindisi nascono mediamente 350 neonati prematuri\/anno questo determina un importante impegno lavorativo per il personale sanitario (medici, infermieri, OSS) della Terapia Intensiva Neonatale del Presidio Ospedaliero \u201cA. Perrino\u201d della ASL BR che si occupa dell&#8217;assistenza dei piccoli.<\/p>\n<p>A questo impegno si affianca la collaborazione dei volontari dell\u2019Associazione Onlus \u201cInsieme ai nostri Bambini \u2013 UTIN Brindisi.<\/p>\n<p>&nbsp;<\/p>\n<p>La prematurit\u00e0 \u00e8 un evento imprevisto che sovverte l&#8217;ordine delle cose, mette alla prova la stabilit\u00e0 della coppia, interrompe bruscamente il legame fisico con la madre e medicalizza un evento che avrebbe dovuto essere naturale e pertanto richiede un approccio multidisciplinare.<\/p>\n<p>&nbsp;<\/p>\n<p>In questo momento di pandemia che sta comportando un grande dispendio di energie e responsabilit\u00e0, non \u00e8 stato possibile promuovere altre tipologie di iniziative a causa dell&#8217;emergenza, ma il personale dell&#8217;Unit\u00e0 di Terapia Intensiva Neonatale dell&#8217;Ospedale Perrino di Brindisi, nella persona del Direttore Dott. Lorenzo Quartulli, congiuntamente al Sindaco della citt\u00e0 Riccardo Rossi, ha voluto fortemente partecipare all\u2019iniziativa mondiale, per dare un segnale alla comunit\u00e0 brindisina e incoraggiarla, in un momento cos\u00ec delicato come quello che stiamo vivendo, a lottare cos\u00ec come i nostri &#8220;piccoli guerrieri&#8221; ci insegnano quotidianamente a fare a difesa di un bene tanto prezioso: la Vita.<\/p>\n<p>&nbsp;<\/p>\n<p>I piccoli nati in questo periodo e soprattutto i prematuri, con le loro criticit\u00e0, non possono che essere un messaggio di speranza che ci deve proiettare verso un futuro roseo per tutti.<\/p>\n","protected":false},"excerpt":{"rendered":"<p>Il 17 Novembre si celebra la \u201cGiornata Mondiale della Prematurit\u00e0\u201d e anche Brindisi si tinge di viola. In Italia e in pi\u00f9 di 60 paesi del mondo vengono organizzate contemporaneamente degli eventi celebrativi. Uno di questi consiste nell&#8217; illuminare del colore rappresentativo del neonato prematuro, il viola, i siti di maggiore interesse della citt\u00e0. Brindisi ha risposto a questo invito illuminando, dalle ore 17 alle ore 24, la facciata del Teatro Verdi e il Monumento al Marinaio grazie all&#8217;impegno dell&#8217; Amministrazione Comunale di Brindisi, all&#8217;Amministrazione della Multiservizi, dall&#8217;Associazione Onlus \u201cInsieme ai nostri Bambini \u2013 UTIN Brindisi, agli sponsor che hanno reso possibile la realizzazione di questo momento di condivisione generale che in un periodo di grandi difficolt\u00e0, assume un significato pi\u00f9 intenso. In Italia l\u2019evento \u00e8 promosso dall\u2019associazione Vivere Onlus, dal coordinamento nazionale dell\u2019associazione dei genitori di figli prematuri e supportato dalla Societ\u00e0 Italiana di Neonatologia. &nbsp; Si tratta di una celebrazione condivisa con altre citt\u00e0 d\u2019Italia e del mondo che ha l&#8217;obiettivo di sensibilizzare la cittadinanza sulle problematiche che&#8230;<\/p>\n","protected":false},"author":2,"featured_media":118213,"comment_status":"open","ping_status":"closed","sticky":false,"template":"","format":"standard","meta":{"footnotes":""},"categories":[7],"tags":[],"class_list":["post-178875","post","type-post","status-publish","format-standard","has-post-thumbnail","hentry","category-news"],"_links":{"self":[{"href":"https:\/\/www.brundisium.net\/index.php\/wp-json\/wp\/v2\/posts\/178875","targetHints":{"allow":["GET"]}}],"collection":[{"href":"https:\/\/www.brundisium.net\/index.php\/wp-json\/wp\/v2\/posts"}],"about":[{"href":"https:\/\/www.brundisium.net\/index.php\/wp-json\/wp\/v2\/types\/post"}],"author":[{"embeddable":true,"href":"https:\/\/www.brundisium.net\/index.php\/wp-json\/wp\/v2\/users\/2"}],"replies":[{"embeddable":true,"href":"https:\/\/www.brundisium.net\/index.php\/wp-json\/wp\/v2\/comments?post=178875"}],"version-history":[{"count":1,"href":"https:\/\/www.brundisium.net\/index.php\/wp-json\/wp\/v2\/posts\/178875\/revisions"}],"predecessor-version":[{"id":178880,"href":"https:\/\/www.brundisium.net\/index.php\/wp-json\/wp\/v2\/posts\/178875\/revisions\/178880"}],"wp:featuredmedia":[{"embeddable":true,"href":"https:\/\/www.brundisium.net\/index.php\/wp-json\/wp\/v2\/media\/118213"}],"wp:attachment":[{"href":"https:\/\/www.brundisium.net\/index.php\/wp-json\/wp\/v2\/media?parent=178875"}],"wp:term":[{"taxonomy":"category","embeddable":true,"href":"https:\/\/www.brundisium.net\/index.php\/wp-json\/wp\/v2\/categories?post=178875"},{"taxonomy":"post_tag","embeddable":true,"href":"https:\/\/www.brundisium.net\/index.php\/wp-json\/wp\/v2\/tags?post=178875"}],"curies":[{"name":"wp","href":"https:\/\/api.w.org\/{rel}","templated":true}]}}