{"id":178924,"date":"2020-11-18T13:36:38","date_gmt":"2020-11-18T12:36:38","guid":{"rendered":"https:\/\/www.brundisium.net\/?p=178924"},"modified":"2020-11-18T13:36:38","modified_gmt":"2020-11-18T12:36:38","slug":"m5s-movimento-tutti-i-nodi-sono-venuti-al-pettine-come-andavamo-denunciando-da-ormai-due-anni","status":"publish","type":"post","link":"https:\/\/www.brundisium.net\/index.php\/m5s-movimento-tutti-i-nodi-sono-venuti-al-pettine-come-andavamo-denunciando-da-ormai-due-anni\/","title":{"rendered":"M5S: &#8220;Movimento: \u201cTutti i nodi sono venuti al pettine, come andavamo denunciando da ormai due anni&#8221;"},"content":{"rendered":"<p>\u201cLa nomina del commissario ad acta per la redazione del bilancio di previsione \u00e8 la naturale conseguenza di quanto da oltre due anni abbiamo denunciato. Non ci sono pi\u00f9 i tempi per uno scatto di orgoglio della politica brindisina, sar\u00e0 un commissario che ragionieristicamente far\u00e0 scelte che avrebbe dovuto fare la politica\u201d. Cos\u00ec i consiglieri comunali del MoVimento 5 Stelle di Brindisi, Gianluca Serra, Tiziana Motolese e Paolo Antonio Le Grazie.<\/p>\n<p>&nbsp;<\/p>\n<p>\u201cSin dall&#8217;insediamento di questo consiglio comunale \u2013 continuano &#8211; abbiamo sempre lanciato l&#8217;allarme sulla situazione disperata delle casse comunali. Il 7 settembre 2019 chiedemmo l\u2019azzeramento della giunta e la costituzione di un governo di salute pubblica fatto di tecnici brindisini e sostenuto da tutte le forze politiche, di maggioranza ed opposizione presenti in consiglio comunale, poich\u00e9 solo l&#8217;intera classe politica unita avrebbe avuto il coraggio di assumere decisioni gravi e dolorose. Restammo inascoltati\u201d.<\/p>\n<p>&nbsp;<\/p>\n<p>\u201cIl 30 settembre 2019 \u2013 ricordano i consiglieri &#8211; continuammo a sottolineare quanto le soluzioni prospettate dalla maggioranza fossero inadeguate ed arrivammo a dire: \u2018non siamo nelle condizioni di avviare una procedura di rientro del debito pluriennale perch\u00e9 la macchina amministrativa non ha il controllo del debito ed \u00e8 ancora nel vortice della assoluta disorganizzazione. Continuiamo a perdere tempo e tra meno di un anno saranno altri a dichiararci falliti! Si abbia il coraggio di non riequilibrare e si vada a casa, \u00e8 la politica che ha fallito e non la nostra citt\u00e0. Che sia il commissario a dichiarare il dissesto o lo si dichiari subito. La vera differenza tra un piano di riequilibrio pluriennale ed il dissesto \u00e8 che con quest&#8217;ultimo si insedier\u00e0 una commissione che oltre che ripianare i debiti individuer\u00e0 le responsabilit\u00e0 personali, cosa che questa amministrazione non ha avuto il coraggio di fare. Forse qualcuno di coloro che ha sbagliato pagherebbe finalmente di tasca propria\u2019.\u201d<\/p>\n<p>&nbsp;<\/p>\n<p>\u201cPochi giorni dopo \u2013 sottolineano &#8211; agli inizi di quest&#8217;anno, in sede di approvazione del Piano di riequilibrio pluriennale ventennale per un passivo di \u20ac 54.659.035,10, parlammo apertamente di scelte politiche che avevano la natura di \u2018cambiali\u2019 che non sarebbero state pagate e \u2018misure di fantasia\u2019.<\/p>\n<p>&nbsp;<\/p>\n<p>\u201cIl 9 settembre 2020 facemmo notare che ci trovavamo nell\u2019 \u2018anticamera dell&#8217;inferno\u2019, concludendo: \u2018le criticit\u00e0 del quadro finanziario della citt\u00e0 ci fanno entrare nell\u2019elenco dei comuni strutturalmente deficitari. Questa \u00e8 l\u2019ennesima, conclamata, dimostrazione del fallimento dell\u2019attuale amministrazione e della sua maggioranza, che dovrebbero dimettersi per non aver raggiunto nessuno degli obiettivi che si erano preposti\u2019.\u201d<\/p>\n<p>&nbsp;<\/p>\n<p>\u201cSi \u00e8 continuato ad amministrare questa citt\u00e0 facendo finta che la Corte dei Conti prima o poi dovr\u00e0 valutare il nostro piano di riequilibrio. L&#8217;aver disatteso quelle \u2018cambiali\u2019 ora non permette di approvare alcun bilancio e tutti i nodi sono venuti al pettine\u201d concludono i consiglieri.<\/p>\n<p>&nbsp;<\/p>\n<p>E&#8217; il momento di andare a casa. Il vento del cambiamento non soffia pi\u00f9 o forse non \u00e8 mai soffiato.<\/p>\n<p>&nbsp;<\/p>\n<p><em><strong>MoVimento 5 Stelle Brindisi<\/strong><\/em><\/p>\n","protected":false},"excerpt":{"rendered":"<p>\u201cLa nomina del commissario ad acta per la redazione del bilancio di previsione \u00e8 la naturale conseguenza di quanto da oltre due anni abbiamo denunciato. Non ci sono pi\u00f9 i tempi per uno scatto di orgoglio della politica brindisina, sar\u00e0 un commissario che ragionieristicamente far\u00e0 scelte che avrebbe dovuto fare la politica\u201d. Cos\u00ec i consiglieri comunali del MoVimento 5 Stelle di Brindisi, Gianluca Serra, Tiziana Motolese e Paolo Antonio Le Grazie. &nbsp; \u201cSin dall&#8217;insediamento di questo consiglio comunale \u2013 continuano &#8211; abbiamo sempre lanciato l&#8217;allarme sulla situazione disperata delle casse comunali. Il 7 settembre 2019 chiedemmo l\u2019azzeramento della giunta e la costituzione di un governo di salute pubblica fatto di tecnici brindisini e sostenuto da tutte le forze politiche, di maggioranza ed opposizione presenti in consiglio comunale, poich\u00e9 solo l&#8217;intera classe politica unita avrebbe avuto il coraggio di assumere decisioni gravi e dolorose. Restammo inascoltati\u201d. &nbsp; \u201cIl 30 settembre 2019 \u2013 ricordano i consiglieri &#8211; continuammo a sottolineare quanto le soluzioni prospettate dalla maggioranza fossero inadeguate ed arrivammo a dire:&#8230;<\/p>\n","protected":false},"author":2,"featured_media":154411,"comment_status":"open","ping_status":"closed","sticky":false,"template":"","format":"standard","meta":{"footnotes":""},"categories":[7],"tags":[],"class_list":["post-178924","post","type-post","status-publish","format-standard","has-post-thumbnail","hentry","category-news"],"_links":{"self":[{"href":"https:\/\/www.brundisium.net\/index.php\/wp-json\/wp\/v2\/posts\/178924","targetHints":{"allow":["GET"]}}],"collection":[{"href":"https:\/\/www.brundisium.net\/index.php\/wp-json\/wp\/v2\/posts"}],"about":[{"href":"https:\/\/www.brundisium.net\/index.php\/wp-json\/wp\/v2\/types\/post"}],"author":[{"embeddable":true,"href":"https:\/\/www.brundisium.net\/index.php\/wp-json\/wp\/v2\/users\/2"}],"replies":[{"embeddable":true,"href":"https:\/\/www.brundisium.net\/index.php\/wp-json\/wp\/v2\/comments?post=178924"}],"version-history":[{"count":1,"href":"https:\/\/www.brundisium.net\/index.php\/wp-json\/wp\/v2\/posts\/178924\/revisions"}],"predecessor-version":[{"id":178926,"href":"https:\/\/www.brundisium.net\/index.php\/wp-json\/wp\/v2\/posts\/178924\/revisions\/178926"}],"wp:featuredmedia":[{"embeddable":true,"href":"https:\/\/www.brundisium.net\/index.php\/wp-json\/wp\/v2\/media\/154411"}],"wp:attachment":[{"href":"https:\/\/www.brundisium.net\/index.php\/wp-json\/wp\/v2\/media?parent=178924"}],"wp:term":[{"taxonomy":"category","embeddable":true,"href":"https:\/\/www.brundisium.net\/index.php\/wp-json\/wp\/v2\/categories?post=178924"},{"taxonomy":"post_tag","embeddable":true,"href":"https:\/\/www.brundisium.net\/index.php\/wp-json\/wp\/v2\/tags?post=178924"}],"curies":[{"name":"wp","href":"https:\/\/api.w.org\/{rel}","templated":true}]}}