{"id":179033,"date":"2020-11-19T16:14:52","date_gmt":"2020-11-19T15:14:52","guid":{"rendered":"https:\/\/www.brundisium.net\/?p=179033"},"modified":"2020-11-19T18:01:38","modified_gmt":"2020-11-19T17:01:38","slug":"facecchia-uil-fpl-nellemergenza-sanitaria-con-spirito-di-collaborazione","status":"publish","type":"post","link":"https:\/\/www.brundisium.net\/index.php\/facecchia-uil-fpl-nellemergenza-sanitaria-con-spirito-di-collaborazione\/","title":{"rendered":"Facecchia (UIL FPL): Nell&#8217;emergenza sanitaria con spirito di collaborazione"},"content":{"rendered":"<p>Mentre l\u2019emergenza sanitaria in atto pone tutti a vivere in un atteggiamento di prudenza, vogliamo ancora con forza ribadire tutta la nostra vicinanza al personale medico e para medico per il grande impegno che li sta vedendo impegnati in queste settimane. Un impegno che stanno vivendo mettendo a servizio forze e competenze, in modo esemplare, senza inutili protagonismi. Inoltre non possiamo e non dobbiamo dimenticare di dire grazie e dimostrare la nostra vicinanza anche ai dipendenti della Sanitavervice che con il loro lavoro stanno danno il loro prezioso contributo nell\u2019affrontare la pandemia. Oltre il dispiegamento di forze e mezzi presso il P.O. Perrino di Brindisi, altri presidi della Provincia sono stati adibiti per l\u2019emergenza sanitaria Covid 19. Presso l\u2019Ospedale di Ostuni, per aumentare i posti letto per i degenti affetti dalla patologia di cui sopra, sono stati sospesi i ricoveri ordinari presso i reparti di, chirurgia generale e ortopedia con le relative attivit\u00e0 ambulatoriali. Apprendiamo con soddisfazione che il Direttore Generale della ASL Brindisi, Dott. Giuseppe Pasqualone, garantir\u00e0 a breve una implementazione dell\u2019attivit\u00e0 di day service di chirurgia generale e ortopedia presso il PTA di Fasano. Ci\u00f2 sar\u00e0 possibile grazie anche alla disponibilit\u00e0 data dai responsabili delle U.O.S. di Chirurgia ed Ortopedia di Ostuni: Dott. Giovanni Loverre per la chirurgia generale e Dott. Giovanni Manfredi per l\u2019ortopedia. Entrambi coordineranno le proprie equipe chirurgiche da Ostuni a Fasano con interventi chirurgici a bassa complessit\u00e0, garantendo inoltre, sempre presso gli ambulatori, le prime visite, quelle di controllo e la medicazione a coloro che sono in lista di attesa per ricevere assistenza sanitaria. Si rende anche noto che il D.G per aumentare la sicurezza fra gli operatori sanitari presso il P.O. di Ostuni, ha attivato il servizio di telemedicina affinch\u00e9 lo scambio di informazioni cliniche tra i servizi del suddetto presidio si realizzi in maniera veloce e in massima sicurezza. In questo momento di crisi sanitaria causata dalla Pandemia da Covid \u00e8 fondamentale cooperare insieme nell\u2019affrontare le tante difficolt\u00e0 che questa situazione ha generato. Come ha ricordato il Presidente della Repubblica l\u2019altro giorno, bisogna: \u201c\u2026proseguire nell\u2019impegno per contrastare e sconfiggere questa malattia cos\u00ec grave. Mettendo da parte partigianerie, protagonismi, egoismi, per unire gli sforzi, di tutti e di ciascuno \u2013 quale che sia il suo ruolo e quali siano le sue convinzioni \u2013 nell\u2019obiettivo comune di difendere la salute delle persone e di assicurare la ripresa del nostro Paese\u201d. Pertanto, questa organizzazione sindacale continuer\u00e0, in questa fase emergenziale, a garantire uno spirito di collaborazione per la salute dei malati e per poter assicurare la massima sicurezza al personale sanitario che ringraziamo ancora per il loro operato.<\/p>\n<p>&nbsp;<\/p>\n<p><em><strong>Luca FACECCHIA<\/strong><\/em><br \/>\n<em><strong>Segretario Provinciale UIL-FPL<\/strong><\/em><\/p>\n","protected":false},"excerpt":{"rendered":"<p>Mentre l\u2019emergenza sanitaria in atto pone tutti a vivere in un atteggiamento di prudenza, vogliamo ancora con forza ribadire tutta la nostra vicinanza al personale medico e para medico per il grande impegno che li sta vedendo impegnati in queste settimane. Un impegno che stanno vivendo mettendo a servizio forze e competenze, in modo esemplare, senza inutili protagonismi. Inoltre non possiamo e non dobbiamo dimenticare di dire grazie e dimostrare la nostra vicinanza anche ai dipendenti della Sanitavervice che con il loro lavoro stanno danno il loro prezioso contributo nell\u2019affrontare la pandemia. Oltre il dispiegamento di forze e mezzi presso il P.O. Perrino di Brindisi, altri presidi della Provincia sono stati adibiti per l\u2019emergenza sanitaria Covid 19. Presso l\u2019Ospedale di Ostuni, per aumentare i posti letto per i degenti affetti dalla patologia di cui sopra, sono stati sospesi i ricoveri ordinari presso i reparti di, chirurgia generale e ortopedia con le relative attivit\u00e0 ambulatoriali. Apprendiamo con soddisfazione che il Direttore Generale della ASL Brindisi, Dott. Giuseppe Pasqualone, garantir\u00e0 a breve&#8230;<\/p>\n","protected":false},"author":2,"featured_media":179034,"comment_status":"open","ping_status":"closed","sticky":false,"template":"","format":"standard","meta":{"footnotes":""},"categories":[7],"tags":[],"class_list":["post-179033","post","type-post","status-publish","format-standard","has-post-thumbnail","hentry","category-news"],"_links":{"self":[{"href":"https:\/\/www.brundisium.net\/index.php\/wp-json\/wp\/v2\/posts\/179033","targetHints":{"allow":["GET"]}}],"collection":[{"href":"https:\/\/www.brundisium.net\/index.php\/wp-json\/wp\/v2\/posts"}],"about":[{"href":"https:\/\/www.brundisium.net\/index.php\/wp-json\/wp\/v2\/types\/post"}],"author":[{"embeddable":true,"href":"https:\/\/www.brundisium.net\/index.php\/wp-json\/wp\/v2\/users\/2"}],"replies":[{"embeddable":true,"href":"https:\/\/www.brundisium.net\/index.php\/wp-json\/wp\/v2\/comments?post=179033"}],"version-history":[{"count":1,"href":"https:\/\/www.brundisium.net\/index.php\/wp-json\/wp\/v2\/posts\/179033\/revisions"}],"predecessor-version":[{"id":179035,"href":"https:\/\/www.brundisium.net\/index.php\/wp-json\/wp\/v2\/posts\/179033\/revisions\/179035"}],"wp:featuredmedia":[{"embeddable":true,"href":"https:\/\/www.brundisium.net\/index.php\/wp-json\/wp\/v2\/media\/179034"}],"wp:attachment":[{"href":"https:\/\/www.brundisium.net\/index.php\/wp-json\/wp\/v2\/media?parent=179033"}],"wp:term":[{"taxonomy":"category","embeddable":true,"href":"https:\/\/www.brundisium.net\/index.php\/wp-json\/wp\/v2\/categories?post=179033"},{"taxonomy":"post_tag","embeddable":true,"href":"https:\/\/www.brundisium.net\/index.php\/wp-json\/wp\/v2\/tags?post=179033"}],"curies":[{"name":"wp","href":"https:\/\/api.w.org\/{rel}","templated":true}]}}