{"id":179051,"date":"2020-11-20T12:48:38","date_gmt":"2020-11-20T11:48:38","guid":{"rendered":"https:\/\/www.brundisium.net\/?p=179051"},"modified":"2020-11-20T12:48:38","modified_gmt":"2020-11-20T11:48:38","slug":"brindisichiama-open-call-per-la-giornata-internazionale-per-i-diritti-dellinfanzia-e-delladolescenza-2020","status":"publish","type":"post","link":"https:\/\/www.brundisium.net\/index.php\/brindisichiama-open-call-per-la-giornata-internazionale-per-i-diritti-dellinfanzia-e-delladolescenza-2020\/","title":{"rendered":"#BrindisiChiama &#8211; Open call per la &#8220;Giornata internazionale per i diritti dell&#8217;infanzia e dell&#8217;adolescenza 2020&#8221;"},"content":{"rendered":"<p><a href=\"https:\/\/www.brundisium.net\/brun\/wp-content\/uploads\/2020\/11\/Locandina-BrindisiChiama-20-NOV.2020.jpg\"><img loading=\"lazy\" decoding=\"async\" class=\"alignleft size-medium wp-image-179052\" src=\"https:\/\/www.brundisium.net\/brun\/wp-content\/uploads\/2020\/11\/Locandina-BrindisiChiama-20-NOV.2020-212x300.jpg\" alt=\"\" width=\"212\" height=\"300\" srcset=\"https:\/\/www.brundisium.net\/brun\/wp-content\/uploads\/2020\/11\/Locandina-BrindisiChiama-20-NOV.2020-212x300.jpg 212w, https:\/\/www.brundisium.net\/brun\/wp-content\/uploads\/2020\/11\/Locandina-BrindisiChiama-20-NOV.2020-725x1024.jpg 725w, https:\/\/www.brundisium.net\/brun\/wp-content\/uploads\/2020\/11\/Locandina-BrindisiChiama-20-NOV.2020-768x1085.jpg 768w, https:\/\/www.brundisium.net\/brun\/wp-content\/uploads\/2020\/11\/Locandina-BrindisiChiama-20-NOV.2020-1087x1536.jpg 1087w, https:\/\/www.brundisium.net\/brun\/wp-content\/uploads\/2020\/11\/Locandina-BrindisiChiama-20-NOV.2020.jpg 1241w\" sizes=\"auto, (max-width: 212px) 100vw, 212px\" \/><\/a>In occasione della ricorrenza per la \u201cGiornata internazionale per i diritti dell&#8217;infanzia e dell&#8217;adolescenza\u201d, venerd\u00ec 20 novembre, il Servizio \u201cLa Citt\u00e0 dei Ragazzi\u201d di Brindisi d\u00e0 il via all&#8217;iniziativa #BrindisiChiama. Una call aperta rivolta a tutti i bambini, bambine, ragazzi e ragazze della citt\u00e0 di Brindisi. Un invito a liberare la fantasia per immaginare e costruire insieme, attraverso uno scambio di idee libero e creativo, un percorso condiviso di cittadinanza attiva che parte da una riflessione sui diritti e doveri dei ragazzi, sullo sviluppo sostenibile e sulla cittadinanza digitale. Gli elaborati raccolti saranno un prezioso \u201ctesoro\u201d, un impegno preso con i propri coetanei, per il futuro Consiglio Comunale dei Ragazzi 2021.<\/p>\n<p>&nbsp;<\/p>\n<p>Dal mese di ottobre, sono entrati nel vivo gli incontri con gli studenti delle scuole primarie e secondarie di primo grado di Brindisi per le elezioni dei futuri membri del Consiglio Comunale dei Ragazzi della citt\u00e0. Il percorso di cittadinanza attiva, sin dalle prime fasi (che prevedono la scelta dei candidati ai Consigli Scolastici dei Ragazzi), permette agli studenti di Brindisi di et\u00e0 compresa fra i nove e i tredici anni, di far sentire la propria voce, di immaginare e lavorare insieme per costruire una citt\u00e0 migliore.<\/p>\n<p>&nbsp;<\/p>\n<p>La partecipazione e l&#8217;entusiasmo degli studenti incontrati fino ad oggi, lasciano gi\u00e0 immaginare un futuro Consiglio Comunale dei Ragazzi di Brindisi particolarmente attento all&#8217;innovazione sociale, alle tematiche di attualit\u00e0 e ai diritti e doveri dei giovani cittadini. \u00c8 proprio partendo da tali spunti, \u00e8 stata lanciata l&#8217;iniziativa #BrindisiChiama.<\/p>\n<p>&nbsp;<\/p>\n<p>Ad oggi, il Servizio \u201cLa Citt\u00e0 dei Ragazzi\u201d \u00e8 nel pieno di un cammino condiviso (sono stati visitati sei Istituti Comprensivi e incontrate centoventotto classi) che, nonostante le criticit\u00e0 del momento, pone i giovani cittadini al centro di un percorso lungo due anni, caratterizzato da esperienze preziose, amicizia, entusiasmo, insegnamenti, incontri e divertimento, in linea con quello che \u00e8 sempre stato lo spirito del Consiglio Comunale dei Ragazzi di Brindisi.<\/p>\n<p>&nbsp;<\/p>\n<p>Per partecipare alla call #BrindisiChiama, \u00e8 possibile condividere il proprio elaborato (disegno, canzone, scritto, video, poesia, ecc), su Facebook o Instagram utilizzando l&#8217;hashtag oppure inviandolo a mezzo Whatsapp al numero 329.4542533.<\/p>\n<p>&nbsp;<\/p>\n<p>L&#8217;iniziativa \u00e8 promossa dal Comune di Brindisi &#8211; Presidenza del Consiglio e Assessorato Politiche sociali, in collaborazione con la Cooperativa Sociale \u201cAmani\u201d, l\u2019Ambito Brindisi-San Vito dei Normanni e il Consiglio Comunale dei Ragazzi.<\/p>\n<p>&nbsp;<\/p>\n<p>Per info: Segreteria Amministrativa Amani Coop. Sociale \u201cLa Citt\u00e0 dei Ragazzi\u201d &#8211; Tel. 0831-597872<br \/>\nCanali social: amanibrindisi (Facebook); @amanibrindisi (Instagram).<\/p>\n","protected":false},"excerpt":{"rendered":"<p>In occasione della ricorrenza per la \u201cGiornata internazionale per i diritti dell&#8217;infanzia e dell&#8217;adolescenza\u201d, venerd\u00ec 20 novembre, il Servizio \u201cLa Citt\u00e0 dei Ragazzi\u201d di Brindisi d\u00e0 il via all&#8217;iniziativa #BrindisiChiama. Una call aperta rivolta a tutti i bambini, bambine, ragazzi e ragazze della citt\u00e0 di Brindisi. Un invito a liberare la fantasia per immaginare e costruire insieme, attraverso uno scambio di idee libero e creativo, un percorso condiviso di cittadinanza attiva che parte da una riflessione sui diritti e doveri dei ragazzi, sullo sviluppo sostenibile e sulla cittadinanza digitale. Gli elaborati raccolti saranno un prezioso \u201ctesoro\u201d, un impegno preso con i propri coetanei, per il futuro Consiglio Comunale dei Ragazzi 2021. &nbsp; Dal mese di ottobre, sono entrati nel vivo gli incontri con gli studenti delle scuole primarie e secondarie di primo grado di Brindisi per le elezioni dei futuri membri del Consiglio Comunale dei Ragazzi della citt\u00e0. Il percorso di cittadinanza attiva, sin dalle prime fasi (che prevedono la scelta dei candidati ai Consigli Scolastici dei Ragazzi), permette agli&#8230;<\/p>\n","protected":false},"author":2,"featured_media":179052,"comment_status":"open","ping_status":"closed","sticky":false,"template":"","format":"standard","meta":{"footnotes":""},"categories":[7],"tags":[],"class_list":["post-179051","post","type-post","status-publish","format-standard","has-post-thumbnail","hentry","category-news"],"_links":{"self":[{"href":"https:\/\/www.brundisium.net\/index.php\/wp-json\/wp\/v2\/posts\/179051","targetHints":{"allow":["GET"]}}],"collection":[{"href":"https:\/\/www.brundisium.net\/index.php\/wp-json\/wp\/v2\/posts"}],"about":[{"href":"https:\/\/www.brundisium.net\/index.php\/wp-json\/wp\/v2\/types\/post"}],"author":[{"embeddable":true,"href":"https:\/\/www.brundisium.net\/index.php\/wp-json\/wp\/v2\/users\/2"}],"replies":[{"embeddable":true,"href":"https:\/\/www.brundisium.net\/index.php\/wp-json\/wp\/v2\/comments?post=179051"}],"version-history":[{"count":1,"href":"https:\/\/www.brundisium.net\/index.php\/wp-json\/wp\/v2\/posts\/179051\/revisions"}],"predecessor-version":[{"id":179053,"href":"https:\/\/www.brundisium.net\/index.php\/wp-json\/wp\/v2\/posts\/179051\/revisions\/179053"}],"wp:featuredmedia":[{"embeddable":true,"href":"https:\/\/www.brundisium.net\/index.php\/wp-json\/wp\/v2\/media\/179052"}],"wp:attachment":[{"href":"https:\/\/www.brundisium.net\/index.php\/wp-json\/wp\/v2\/media?parent=179051"}],"wp:term":[{"taxonomy":"category","embeddable":true,"href":"https:\/\/www.brundisium.net\/index.php\/wp-json\/wp\/v2\/categories?post=179051"},{"taxonomy":"post_tag","embeddable":true,"href":"https:\/\/www.brundisium.net\/index.php\/wp-json\/wp\/v2\/tags?post=179051"}],"curies":[{"name":"wp","href":"https:\/\/api.w.org\/{rel}","templated":true}]}}