{"id":179070,"date":"2020-11-20T17:00:17","date_gmt":"2020-11-20T16:00:17","guid":{"rendered":"https:\/\/www.brundisium.net\/?p=179070"},"modified":"2020-11-20T17:00:17","modified_gmt":"2020-11-20T16:00:17","slug":"fabrizio-cisternino-e-il-nuovo-presidente-di-federpreziosi-confcommercio-brindisi","status":"publish","type":"post","link":"https:\/\/www.brundisium.net\/index.php\/fabrizio-cisternino-e-il-nuovo-presidente-di-federpreziosi-confcommercio-brindisi\/","title":{"rendered":"Fabrizio Cisternino \u00e8 il nuovo presidente di Federpreziosi ConfCommercio Brindisi"},"content":{"rendered":"<p>Federpreziosi-Confcommercio della provincia di Brindisi non si ferma neanche di fronte alle difficolt\u00e0 a riunirsi, tanto \u00e8 vero che nella giornata di ieri si \u00e8 svolta l\u2019assemblea elettiva in video-conferenza preceduta da un ampio dibattito a cui hanno partecipato numerosi gioiellieri dei comuni del Brindisino.<\/p>\n<p>&nbsp;<\/p>\n<p>L\u2019iniziativa \u00e8 stata coordinata dal direttore nazionale di Federpreziosi Steven Tranquilli alla presenza della presidente provinciale di Confcommercio Anna Rita Montanaro e del direttore Angelo Colella.<\/p>\n<p>&nbsp;<\/p>\n<p>Gli operatori del settore hanno avuto modo di confrontarsi, di affrontare temi spinosi in un momento cos\u00ec difficile, come quello del commercio elettronico e della sicurezza. Ne \u00e8 venuto fuori uno utilissimo scambio di esperienze che potranno contribuire a far crescere il senso di \u201csquadra\u201d tra chi deve considerarsi un collega e mai un avversario.<\/p>\n<p>&nbsp;<\/p>\n<p>In tutto questo, la Confcommercio ha garantito la massima assistenza per consolidare l\u2019esperienza di Federpreziosi in questo territorio.<\/p>\n<p>&nbsp;<\/p>\n<p>Al termine del dibattito si \u00e8 proceduto con le elezioni. Fabrizio Cisternino (Brindisi) \u00e8 stato eletto all\u2019unanimit\u00e0 presidente provinciale di Federpreziosi-Confcommercio. Fanno parte del direttivo Rosa Costa (Mesagne), Maria Tina Orlando (Fasano), Amelia Zumbo (Brindisi), Marco Cedro (Fasano), Isabella Dirella (Francavilla Fontana) e Tommaso Di Noia (Oria).<\/p>\n<p>&nbsp;<\/p>\n","protected":false},"excerpt":{"rendered":"<p>Federpreziosi-Confcommercio della provincia di Brindisi non si ferma neanche di fronte alle difficolt\u00e0 a riunirsi, tanto \u00e8 vero che nella giornata di ieri si \u00e8 svolta l\u2019assemblea elettiva in video-conferenza preceduta da un ampio dibattito a cui hanno partecipato numerosi gioiellieri dei comuni del Brindisino. &nbsp; L\u2019iniziativa \u00e8 stata coordinata dal direttore nazionale di Federpreziosi Steven Tranquilli alla presenza della presidente provinciale di Confcommercio Anna Rita Montanaro e del direttore Angelo Colella. &nbsp; Gli operatori del settore hanno avuto modo di confrontarsi, di affrontare temi spinosi in un momento cos\u00ec difficile, come quello del commercio elettronico e della sicurezza. Ne \u00e8 venuto fuori uno utilissimo scambio di esperienze che potranno contribuire a far crescere il senso di \u201csquadra\u201d tra chi deve considerarsi un collega e mai un avversario. &nbsp; In tutto questo, la Confcommercio ha garantito la massima assistenza per consolidare l\u2019esperienza di Federpreziosi in questo territorio. &nbsp; Al termine del dibattito si \u00e8 proceduto con le elezioni. Fabrizio Cisternino (Brindisi) \u00e8 stato eletto all\u2019unanimit\u00e0 presidente provinciale di Federpreziosi-Confcommercio. Fanno&#8230;<\/p>\n","protected":false},"author":2,"featured_media":179072,"comment_status":"open","ping_status":"closed","sticky":false,"template":"","format":"standard","meta":{"footnotes":""},"categories":[7],"tags":[],"class_list":["post-179070","post","type-post","status-publish","format-standard","has-post-thumbnail","hentry","category-news"],"_links":{"self":[{"href":"https:\/\/www.brundisium.net\/index.php\/wp-json\/wp\/v2\/posts\/179070","targetHints":{"allow":["GET"]}}],"collection":[{"href":"https:\/\/www.brundisium.net\/index.php\/wp-json\/wp\/v2\/posts"}],"about":[{"href":"https:\/\/www.brundisium.net\/index.php\/wp-json\/wp\/v2\/types\/post"}],"author":[{"embeddable":true,"href":"https:\/\/www.brundisium.net\/index.php\/wp-json\/wp\/v2\/users\/2"}],"replies":[{"embeddable":true,"href":"https:\/\/www.brundisium.net\/index.php\/wp-json\/wp\/v2\/comments?post=179070"}],"version-history":[{"count":1,"href":"https:\/\/www.brundisium.net\/index.php\/wp-json\/wp\/v2\/posts\/179070\/revisions"}],"predecessor-version":[{"id":179073,"href":"https:\/\/www.brundisium.net\/index.php\/wp-json\/wp\/v2\/posts\/179070\/revisions\/179073"}],"wp:featuredmedia":[{"embeddable":true,"href":"https:\/\/www.brundisium.net\/index.php\/wp-json\/wp\/v2\/media\/179072"}],"wp:attachment":[{"href":"https:\/\/www.brundisium.net\/index.php\/wp-json\/wp\/v2\/media?parent=179070"}],"wp:term":[{"taxonomy":"category","embeddable":true,"href":"https:\/\/www.brundisium.net\/index.php\/wp-json\/wp\/v2\/categories?post=179070"},{"taxonomy":"post_tag","embeddable":true,"href":"https:\/\/www.brundisium.net\/index.php\/wp-json\/wp\/v2\/tags?post=179070"}],"curies":[{"name":"wp","href":"https:\/\/api.w.org\/{rel}","templated":true}]}}