{"id":179315,"date":"2020-11-25T09:53:54","date_gmt":"2020-11-25T08:53:54","guid":{"rendered":"https:\/\/www.brundisium.net\/?p=179315"},"modified":"2020-11-24T21:01:08","modified_gmt":"2020-11-24T20:01:08","slug":"le-mani-usale-per-coltivare-un-fiore-iniziativa-della-commissione-pari-opportunita-di-francavilla","status":"publish","type":"post","link":"https:\/\/www.brundisium.net\/index.php\/le-mani-usale-per-coltivare-un-fiore-iniziativa-della-commissione-pari-opportunita-di-francavilla\/","title":{"rendered":"Le mani usale per coltivare un fiore: iniziativa della Commissione Pari Opportunit\u00e0 di Francavilla"},"content":{"rendered":"<p>Mercoled\u00ec 25 novembre alle 16.00, in occasione della Giornata Mondiale contro la violenza sulle donne, si terr\u00e0 l\u2019evento \u201cLe mani usale per coltivare un fiore\u201d a cura della Commissione Pari Opportunit\u00e0 in collaborazione con il Centro Antiviolenza \u201cRicominciamo\u201d e con il patrocinio del Comune di Francavilla Fontana.<\/p>\n<p>&nbsp;<\/p>\n<p>L\u2019iniziativa, che vede il coinvolgimento dei fiorai e dei vivaisti della Citt\u00e0 degli Imperiali, consiste nella realizzazione e cura di una aiuola all\u2019interno della Villa Comunale come simbolo della resistenza contro la violenza di genere. In questo spazio colorato sar\u00e0 collocata una cassetta delle lettere che custodir\u00e0 le storie e le riflessioni delle donne che vorranno condividere le proprie esperienze.<\/p>\n<p>&nbsp;<\/p>\n<p>\u201cLa pandemia e la permanenza forzata tra le mura domestiche ha avuto come conseguenza un peggioramento della qualit\u00e0 della vita per molte donne \u2013 dichiara la Presidente della Commissione Pari Opportunit\u00e0 Tiziana Fino \u2013 non possiamo ignorare questo dato di fatto. Abbiamo pensato insieme al Centro Antiviolenza \u201cRicominciamo\u201d del nostro Ambito Territoriale di fornire uno strumento semplice, ma efficace, per consentire a molte di donne di raccontarsi e raccontare.\u201d<\/p>\n<p>&nbsp;<\/p>\n<p>L\u2019iniziativa prevede anche il recupero e il ripristino della panchina rossa presente in Villa Comunale da tempo in stato di abbandono.<\/p>\n<p>&nbsp;<\/p>\n<p>\u201cLa battaglia contro la violenza di genere non \u00e8 una questione di bandiere politiche \u2013 prosegue la Presidente \u2013 per questa ragione abbiamo voluto fortemente ripristinare la panchina rossa realizzata dalla precedente Commissione Pari Opportunit\u00e0 in quanto simbolo di continuit\u00e0 con quanto gi\u00e0 fatto negli anni scorsi.\u201d<\/p>\n<p>&nbsp;<\/p>\n<p>Sempre nella giornata di mercoled\u00ec 25 novembre l\u2019Ambito Territoriale di Francavilla Fontana consegner\u00e0 nelle mani dell\u2019Assessora ai Servizi Sociali Maria Passaro 4 targhette contenenti i recapiti del Centro Antiviolenza \u201cRicominciamo\u201d.<\/p>\n<p>Una delle targhette sar\u00e0 apposta vicino all\u2019aiuola contro la violenza sulle donne in Villa Comunale, mentre le restanti saranno posizionate in altri punti della Citt\u00e0.<\/p>\n<p>La manifestazione si svolger\u00e0 nel rispetto delle norme per il contenimento del contagio.<\/p>\n<p>&nbsp;<\/p>\n<p>Comune di Francavilla Fontana<\/p>\n","protected":false},"excerpt":{"rendered":"<p>Mercoled\u00ec 25 novembre alle 16.00, in occasione della Giornata Mondiale contro la violenza sulle donne, si terr\u00e0 l\u2019evento \u201cLe mani usale per coltivare un fiore\u201d a cura della Commissione Pari Opportunit\u00e0 in collaborazione con il Centro Antiviolenza \u201cRicominciamo\u201d e con il patrocinio del Comune di Francavilla Fontana. &nbsp; L\u2019iniziativa, che vede il coinvolgimento dei fiorai e dei vivaisti della Citt\u00e0 degli Imperiali, consiste nella realizzazione e cura di una aiuola all\u2019interno della Villa Comunale come simbolo della resistenza contro la violenza di genere. In questo spazio colorato sar\u00e0 collocata una cassetta delle lettere che custodir\u00e0 le storie e le riflessioni delle donne che vorranno condividere le proprie esperienze. &nbsp; \u201cLa pandemia e la permanenza forzata tra le mura domestiche ha avuto come conseguenza un peggioramento della qualit\u00e0 della vita per molte donne \u2013 dichiara la Presidente della Commissione Pari Opportunit\u00e0 Tiziana Fino \u2013 non possiamo ignorare questo dato di fatto. Abbiamo pensato insieme al Centro Antiviolenza \u201cRicominciamo\u201d del nostro Ambito Territoriale di fornire uno strumento semplice, ma efficace, per consentire&#8230;<\/p>\n","protected":false},"author":2,"featured_media":179322,"comment_status":"open","ping_status":"closed","sticky":false,"template":"","format":"standard","meta":{"footnotes":""},"categories":[7],"tags":[],"class_list":["post-179315","post","type-post","status-publish","format-standard","has-post-thumbnail","hentry","category-news"],"_links":{"self":[{"href":"https:\/\/www.brundisium.net\/index.php\/wp-json\/wp\/v2\/posts\/179315","targetHints":{"allow":["GET"]}}],"collection":[{"href":"https:\/\/www.brundisium.net\/index.php\/wp-json\/wp\/v2\/posts"}],"about":[{"href":"https:\/\/www.brundisium.net\/index.php\/wp-json\/wp\/v2\/types\/post"}],"author":[{"embeddable":true,"href":"https:\/\/www.brundisium.net\/index.php\/wp-json\/wp\/v2\/users\/2"}],"replies":[{"embeddable":true,"href":"https:\/\/www.brundisium.net\/index.php\/wp-json\/wp\/v2\/comments?post=179315"}],"version-history":[{"count":1,"href":"https:\/\/www.brundisium.net\/index.php\/wp-json\/wp\/v2\/posts\/179315\/revisions"}],"predecessor-version":[{"id":179323,"href":"https:\/\/www.brundisium.net\/index.php\/wp-json\/wp\/v2\/posts\/179315\/revisions\/179323"}],"wp:featuredmedia":[{"embeddable":true,"href":"https:\/\/www.brundisium.net\/index.php\/wp-json\/wp\/v2\/media\/179322"}],"wp:attachment":[{"href":"https:\/\/www.brundisium.net\/index.php\/wp-json\/wp\/v2\/media?parent=179315"}],"wp:term":[{"taxonomy":"category","embeddable":true,"href":"https:\/\/www.brundisium.net\/index.php\/wp-json\/wp\/v2\/categories?post=179315"},{"taxonomy":"post_tag","embeddable":true,"href":"https:\/\/www.brundisium.net\/index.php\/wp-json\/wp\/v2\/tags?post=179315"}],"curies":[{"name":"wp","href":"https:\/\/api.w.org\/{rel}","templated":true}]}}