{"id":179569,"date":"2020-11-27T20:08:26","date_gmt":"2020-11-27T19:08:26","guid":{"rendered":"https:\/\/www.brundisium.net\/?p=179569"},"modified":"2020-11-27T20:08:26","modified_gmt":"2020-11-27T19:08:26","slug":"definito-in-prefettura-il-piano-operativo-per-la-gestione-delle-emergenze-neve-ghiaccio","status":"publish","type":"post","link":"https:\/\/www.brundisium.net\/index.php\/definito-in-prefettura-il-piano-operativo-per-la-gestione-delle-emergenze-neve-ghiaccio\/","title":{"rendered":"Definito in Prefettura il piano operativo per la gestione delle emergenze neve\/ghiaccio"},"content":{"rendered":"<p>Si \u00e8 tenuta stamane, in Prefettura, una riunione del Comitato Operativo per la Viabilit\u00e0 (C.O.V.) per un aggiornamento della pianificazione di emergenza e per definire le linee strategiche d\u2019azione per la gestione coordinata delle emergenze determinate da precipitazioni nevose o presenza di ghiaccio sulla rete stradale della provincia di Brindisi.<\/p>\n<p>L\u2019approssimarsi della stagione invernale, infatti, anche in considerazione delle gelate e delle precipitazioni nevose verificatesi negli ultimi anni, impone di innalzare il livello di attenzione nei confronti di quegli eventi meteorologici che, pur non manifestandosi frequentemente, possono essere causa di notevoli disagi.<\/p>\n<p>Alla riunione, presieduta dal Viceprefetto Vicario della Prefettura di Brindisi, hanno partecipato i rappresentati della Provincia, del Comando Provinciale della Polizia Stradale, del Comando Provinciale dei Carabinieri e del Compartimento per la viabilit\u00e0 ANAS.<br \/>\nNella sezione \u201cProtezione Civile\u201d del sito istituzionale della Prefettura \u00e8 possibile prendere visione del piano operativo relativo alla rete stradale della provincia di Brindisi, nonch\u00e9 del piano di gestione delle attivit\u00e0 invernali dell\u2019ANAS.<\/p>\n<p>E\u2019 stato confermato dal C.O.V, anche per la prossima stagione invernale, il protocollo operativo, gi\u00e0 sperimentato con riscontri positivi nella gestione delle passate emergenze. In particolare, rimangono invariate la mappatura delle strade della provincia a rischio neve, le indicazioni per la viabilit\u00e0 alternativa e le aree di stoccaggio dei veicoli, previste nell\u2019area parcheggio del centro commerciale \u201cConforama\u201d, sito in agro di Fasano, nell\u2019area della zona industriale di Brindisi e nell\u2019area del centro commerciale \u201cAuchan\u201d, in agro del Comune di Mesagne.<\/p>\n<p>Nel corso dell\u2019incontro, si \u00e8 provveduto a verificare la disponibilit\u00e0 di attrezzature idonee allo sgombero dalla neve delle strade statali e provinciali, da utilizzare all\u2019occorrenza, e la predisposizione di adeguate scorte di sale.<\/p>\n<p>Sull\u2019argomento, il Prefetto Bellantoni ha sensibilizzato le Amministrazioni comunali sulla necessit\u00e0 di attuare, nell\u2019ambito delle funzioni di protezione civile alle stesse attribuite, tutte le misure utili a prevenire le criticit\u00e0 collegate ai fenomeni nevosi, nell\u2019ottica di garantire la continuit\u00e0 dei servizi essenziali e di evitare gravi inconvenienti per la popolazione.<\/p>\n<p>&nbsp;<\/p>\n<p>COMUNICATO STAMPA PREFETTURA DI BRINDISI<\/p>\n","protected":false},"excerpt":{"rendered":"<p>Si \u00e8 tenuta stamane, in Prefettura, una riunione del Comitato Operativo per la Viabilit\u00e0 (C.O.V.) per un aggiornamento della pianificazione di emergenza e per definire le linee strategiche d\u2019azione per la gestione coordinata delle emergenze determinate da precipitazioni nevose o presenza di ghiaccio sulla rete stradale della provincia di Brindisi. L\u2019approssimarsi della stagione invernale, infatti, anche in considerazione delle gelate e delle precipitazioni nevose verificatesi negli ultimi anni, impone di innalzare il livello di attenzione nei confronti di quegli eventi meteorologici che, pur non manifestandosi frequentemente, possono essere causa di notevoli disagi. Alla riunione, presieduta dal Viceprefetto Vicario della Prefettura di Brindisi, hanno partecipato i rappresentati della Provincia, del Comando Provinciale della Polizia Stradale, del Comando Provinciale dei Carabinieri e del Compartimento per la viabilit\u00e0 ANAS. Nella sezione \u201cProtezione Civile\u201d del sito istituzionale della Prefettura \u00e8 possibile prendere visione del piano operativo relativo alla rete stradale della provincia di Brindisi, nonch\u00e9 del piano di gestione delle attivit\u00e0 invernali dell\u2019ANAS. E\u2019 stato confermato dal C.O.V, anche per la prossima stagione invernale,&#8230;<\/p>\n","protected":false},"author":2,"featured_media":92168,"comment_status":"open","ping_status":"closed","sticky":false,"template":"","format":"standard","meta":{"footnotes":""},"categories":[7],"tags":[],"class_list":["post-179569","post","type-post","status-publish","format-standard","has-post-thumbnail","hentry","category-news"],"_links":{"self":[{"href":"https:\/\/www.brundisium.net\/index.php\/wp-json\/wp\/v2\/posts\/179569","targetHints":{"allow":["GET"]}}],"collection":[{"href":"https:\/\/www.brundisium.net\/index.php\/wp-json\/wp\/v2\/posts"}],"about":[{"href":"https:\/\/www.brundisium.net\/index.php\/wp-json\/wp\/v2\/types\/post"}],"author":[{"embeddable":true,"href":"https:\/\/www.brundisium.net\/index.php\/wp-json\/wp\/v2\/users\/2"}],"replies":[{"embeddable":true,"href":"https:\/\/www.brundisium.net\/index.php\/wp-json\/wp\/v2\/comments?post=179569"}],"version-history":[{"count":1,"href":"https:\/\/www.brundisium.net\/index.php\/wp-json\/wp\/v2\/posts\/179569\/revisions"}],"predecessor-version":[{"id":179570,"href":"https:\/\/www.brundisium.net\/index.php\/wp-json\/wp\/v2\/posts\/179569\/revisions\/179570"}],"wp:featuredmedia":[{"embeddable":true,"href":"https:\/\/www.brundisium.net\/index.php\/wp-json\/wp\/v2\/media\/92168"}],"wp:attachment":[{"href":"https:\/\/www.brundisium.net\/index.php\/wp-json\/wp\/v2\/media?parent=179569"}],"wp:term":[{"taxonomy":"category","embeddable":true,"href":"https:\/\/www.brundisium.net\/index.php\/wp-json\/wp\/v2\/categories?post=179569"},{"taxonomy":"post_tag","embeddable":true,"href":"https:\/\/www.brundisium.net\/index.php\/wp-json\/wp\/v2\/tags?post=179569"}],"curies":[{"name":"wp","href":"https:\/\/api.w.org\/{rel}","templated":true}]}}