{"id":179635,"date":"2020-11-30T13:40:09","date_gmt":"2020-11-30T12:40:09","guid":{"rendered":"https:\/\/www.brundisium.net\/?p=179635"},"modified":"2020-11-30T13:40:09","modified_gmt":"2020-11-30T12:40:09","slug":"solazzo-cisl-quando-la-politica-non-fa-politica-la-collettivita-ne-paga-profondamente-le-conseguenze","status":"publish","type":"post","link":"https:\/\/www.brundisium.net\/index.php\/solazzo-cisl-quando-la-politica-non-fa-politica-la-collettivita-ne-paga-profondamente-le-conseguenze\/","title":{"rendered":"Solazzo (Cisl): &#8220;Quando la politica non fa politica, la collettivit\u00e0 ne paga profondamente le conseguenze&#8221;"},"content":{"rendered":"<p>Quando la politica non fa politica, la collettivit\u00e0 ne paga profondamente le conseguenze.<\/p>\n<p>Crediamo che proprio questo stia accadendo nella citt\u00e0 di Brindisi, dove personalismi e scontri istituzionali stanno ribaltando sulla collettivit\u00e0, anzi proprio sui pi\u00f9 deboli socialmente, tutto il disagio di una politica che invece di realizzare condivisione e partecipazione intorno a progetti e idee per lo sviluppo del territorio, produce esclusivamente scontri e divisioni.<\/p>\n<p>La testimonianza di tutto ci\u00f2 \u00e8 emersa con la necessit\u00e0 di nominare un commissario ad acta per l\u2019approvazione dello schema di bilancio di previsione del Comune, attesa l\u2019incapacit\u00e0 della politica di far fronte alle proprie responsabilit\u00e0.<\/p>\n<p>Incapacit\u00e0 che si ripercuoter\u00e0 sui ceti pi\u00f9 deboli, atteso che i tagli di spesa e l\u2019aumento delle tasse previsti da quella approvazione colpiranno proprio chi ha pi\u00f9 bisogno, ovvero la stragrande maggioranza delle persone che rappresentiamo come sindacato e come Cisl.<br \/>\nEbbene s\u00ec, proprio quelle \u201cpersone\u201d che tutti affermano di voler mettere al centro di un nuovo modello economico e sociale, salvo poi dimostrare il contrario.<\/p>\n<p>Brindisi necessita di una riappacificazione sociale e, aggiungiamo, istituzionale, indifferibile, perch\u00e9 la fine dell\u2019emergenza epidemiologica non produrr\u00e0 automaticamente la fine di tutti i problemi economici e sociali che affliggono da tempo la citt\u00e0 e il territorio, anzi, le fragilit\u00e0 esistenti esploderanno maggiormente se strategie, idee e fatti compiuti con un lavoro di squadra non conquisteranno le doverose attenzioni della politica e delle istituzioni, nessuna esclusa.<\/p>\n<p>Papa Bergoglio ha ricordato il 21 novembre u.s. ad Assisi ad oltre duemila giovani: \u201cFrancesco va\u2019, ripara la mia casa che, come vedi, \u00e8 in rovina\u201d.<br \/>\nQuesto \u00e8 il sentimento che al momento proviamo verso una bella e straordinaria citt\u00e0 come Brindisi, la quale a nostro parere non merita ci\u00f2 che sta subendo,.<\/p>\n<p>Certamente, non attendiamo l\u2019arrivo di un miracolo per salvare questa \u201ccasa\u201d, perch\u00e9 sentiamo la responsabilit\u00e0 di continuare a fare la nostra parte, ancor pi\u00f9 di prima, perch\u00e9 tutela dell\u2019occupazione e occupazione aggiuntiva, sono i nostri principali obiettivi che, per\u00f2, si possono realizzare solo con un sano sviluppo economico condiviso e partecipato del territorio.<\/p>\n<p>Sarebbe una sconfitta irrimediabile attendere la fine dell\u2019emergenza epidemiologica senza attrezzarsi con strategie specifiche che possano valorizzare, al pi\u00f9 presto, le tante opportunit\u00e0 che il territorio pu\u00f2 esprimere.<\/p>\n<p>Lo abbiamo ribadito pi\u00f9 volte: energia, portualit\u00e0, nuove tecnologie, digitale, ricerca, agroalimentare e agroindustria, servizi, turismo, sono i tanti settori nei quali il territorio di Brindisi \u00e8 in grado di intercettare occasioni di sviluppo se la classe dirigente locale decidesse di remare nella stessa direzione.<\/p>\n<p>Abbiamo bisogno di aprire le porte ad una economia civile, che sappia coniugare opportunit\u00e0 del mercato col benessere delle lavoratrici e dei lavoratori, per uno sviluppo teso al bene comune, che tutti reclamano ma che stenta a conquistare proprio le coscienze di chi dovrebbe governare questi processi.<\/p>\n<p>E come ripeteva Don Tonino Bello \u201caccendere un fiammifero vale pi\u00f9 che maledire l\u2019oscurit\u00e0\u201d.<br \/>\nAncora una volta \u00e8 ci\u00f2 che intendiamo fare con questo nostro appello.<\/p>\n<p>&nbsp;<\/p>\n<p>Francesco Solazzo<\/p>\n","protected":false},"excerpt":{"rendered":"<p>Quando la politica non fa politica, la collettivit\u00e0 ne paga profondamente le conseguenze. Crediamo che proprio questo stia accadendo nella citt\u00e0 di Brindisi, dove personalismi e scontri istituzionali stanno ribaltando sulla collettivit\u00e0, anzi proprio sui pi\u00f9 deboli socialmente, tutto il disagio di una politica che invece di realizzare condivisione e partecipazione intorno a progetti e idee per lo sviluppo del territorio, produce esclusivamente scontri e divisioni. La testimonianza di tutto ci\u00f2 \u00e8 emersa con la necessit\u00e0 di nominare un commissario ad acta per l\u2019approvazione dello schema di bilancio di previsione del Comune, attesa l\u2019incapacit\u00e0 della politica di far fronte alle proprie responsabilit\u00e0. Incapacit\u00e0 che si ripercuoter\u00e0 sui ceti pi\u00f9 deboli, atteso che i tagli di spesa e l\u2019aumento delle tasse previsti da quella approvazione colpiranno proprio chi ha pi\u00f9 bisogno, ovvero la stragrande maggioranza delle persone che rappresentiamo come sindacato e come Cisl. Ebbene s\u00ec, proprio quelle \u201cpersone\u201d che tutti affermano di voler mettere al centro di un nuovo modello economico e sociale, salvo poi dimostrare il contrario. Brindisi necessita&#8230;<\/p>\n","protected":false},"author":2,"featured_media":179159,"comment_status":"open","ping_status":"closed","sticky":false,"template":"","format":"standard","meta":{"footnotes":""},"categories":[7],"tags":[],"class_list":["post-179635","post","type-post","status-publish","format-standard","has-post-thumbnail","hentry","category-news"],"_links":{"self":[{"href":"https:\/\/www.brundisium.net\/index.php\/wp-json\/wp\/v2\/posts\/179635","targetHints":{"allow":["GET"]}}],"collection":[{"href":"https:\/\/www.brundisium.net\/index.php\/wp-json\/wp\/v2\/posts"}],"about":[{"href":"https:\/\/www.brundisium.net\/index.php\/wp-json\/wp\/v2\/types\/post"}],"author":[{"embeddable":true,"href":"https:\/\/www.brundisium.net\/index.php\/wp-json\/wp\/v2\/users\/2"}],"replies":[{"embeddable":true,"href":"https:\/\/www.brundisium.net\/index.php\/wp-json\/wp\/v2\/comments?post=179635"}],"version-history":[{"count":1,"href":"https:\/\/www.brundisium.net\/index.php\/wp-json\/wp\/v2\/posts\/179635\/revisions"}],"predecessor-version":[{"id":179636,"href":"https:\/\/www.brundisium.net\/index.php\/wp-json\/wp\/v2\/posts\/179635\/revisions\/179636"}],"wp:featuredmedia":[{"embeddable":true,"href":"https:\/\/www.brundisium.net\/index.php\/wp-json\/wp\/v2\/media\/179159"}],"wp:attachment":[{"href":"https:\/\/www.brundisium.net\/index.php\/wp-json\/wp\/v2\/media?parent=179635"}],"wp:term":[{"taxonomy":"category","embeddable":true,"href":"https:\/\/www.brundisium.net\/index.php\/wp-json\/wp\/v2\/categories?post=179635"},{"taxonomy":"post_tag","embeddable":true,"href":"https:\/\/www.brundisium.net\/index.php\/wp-json\/wp\/v2\/tags?post=179635"}],"curies":[{"name":"wp","href":"https:\/\/api.w.org\/{rel}","templated":true}]}}