{"id":179751,"date":"2020-12-02T09:19:17","date_gmt":"2020-12-02T08:19:17","guid":{"rendered":"https:\/\/www.brundisium.net\/?p=179751"},"modified":"2020-12-02T22:41:08","modified_gmt":"2020-12-02T21:41:08","slug":"lamministrazione-denuzzo-per-le-scuole-interventi-sulle-strutture-e-consegna-diari-agli-studenti","status":"publish","type":"post","link":"https:\/\/www.brundisium.net\/index.php\/lamministrazione-denuzzo-per-le-scuole-interventi-sulle-strutture-e-consegna-diari-agli-studenti\/","title":{"rendered":"L&#8217;amministrazione Denuzzo per le scuole: interventi sulle strutture e consegna diari agli studenti"},"content":{"rendered":"<p>Prosegue la pianificazione del nuovo volto delle scuole di propriet\u00e0 comunale in vista del ritorno alla normalit\u00e0.<\/p>\n<p>L\u2019Amministrazione Comunale, dando seguito a quanto gi\u00e0 operato nelle altre scuole presenti sul territorio cittadino, ha approvato il progetto definitivo per il recupero della palestra del plesso &#8220;Aldo Moro&#8221; del Primo Istituto Comprensivo. L\u2019intervento, con un investimento di 87 mila e 500 euro, prevede il rifacimento della pavimentazione con la posa in opera di parquet, la sostituzione dei vecchi infissi, il ripristino dell\u2019intonaco e la ritinteggiatura delle pareti.<\/p>\n<p>I lavori di manutenzione straordinaria della palestra si aggiungono agli interventi da 172 mila e 500 euro finalizzati al ripristino di cornicioni e intonaco, impermeabilizzazione dei lastrici solari e al recupero del blocco servizi del terzo piano. Qui, si proceder\u00e0 al rifacimento dei servizi igienici, degli impianti, dei rivestimenti dei vani e all\u2019installazione di nuovi infissi.<\/p>\n<p>I lavori nei plessi scolastici non si fermano alla \u201cAldo Moro\u201d.<\/p>\n<p>Sono infatti in agenda il rifacimento degli spogliatoi e dei servizi igienici della palestra della scuola \u201cFalcone e Borsellino\u201d del Primo Istituto Comprensivo, con un investimento di 57 mila euro, e la messa in sicurezza e il ripristino dei lastrici solari nel plesso di via Vittorio Veneto del Terzo Istituto Comprensivo per 55 mila euro.<\/p>\n<p>Sono in fase di svolgimento, inoltre, gli ultimi adempimenti tecnici per la realizzazione degli interventi per l\u2019efficientamento energetico e l\u2019adeguamento sismico del plesso &#8220;San Francesco&#8221; del Terzo Comprensivo, progetto finanziato con fondi governativi per 3,5 milioni.<\/p>\n<p>Sul fronte della viabilit\u00e0 nei pressi delle scuole di via Distante \u00e8 in corso l\u2019aggiudicazione dei lavori per la messa in sicurezza. \u00c8 previsto il rifacimento dei marciapiedi, la sostituzione dei pali per l\u2019illuminazione, la creazione della segnaletica orizzontale, l\u2019istituzione di tratti ciclabili e di una zona a velocit\u00e0 limitata a 30 km\/h. Le opere, per un importo di 19 mila e 500 euro, sono finanziate al 50% dalla Regione Puglia.<\/p>\n<p>\u201cProseguono gli interventi pianificati per l\u2019edilizia scolastica \u2013 dichiara il Sindaco Antonello Denuzzo \u2013 vogliamo riconsegnare ai ragazzi delle infrastrutture pi\u00f9 moderne ed efficienti. La qualit\u00e0 degli ambienti di apprendimento \u00e8 di fondamentale importanza per garantire il benessere dei nostri ragazzi.\u201d<\/p>\n<p>&nbsp;<\/p>\n<p>In questi giorni sono in distribuzione negli Istituti Comprensivi di Francavilla Fontana i diari scolastici 2020\/21.<\/p>\n<p>\u201cAnche quest\u2019anno abbiamo voluto realizzare il diario scolastico per tutte le studentesse e gli studenti frequentanti i Comprensivi cittadini \u2013 spiega il Sindaco Antonello Denuzzo \u2013 mi scuso per il ritardo nella consegna, che non \u00e8 dipeso in alcun modo dalla volont\u00e0 dell\u2019Amministrazione Comunale.\u201d<\/p>\n<p>La nuova edizione \u00e8 dedicata al tema del rispetto dei beni pubblici e al contrasto delle cattive abitudini che deturpano la Citt\u00e0.<\/p>\n<p>Nella introduzione il Sindaco Antonello Denuzzo ha scritto \u201cD&#8217;altra parte essere cittadini vuol dire anche occuparsi del decoro della nostra Citt\u00e0. Molti di noi sono affezionati ad una piazza o ad una via di Francavilla Fontana, perch\u00e9 evocano un ricordo, un&#8217;emozione. Questi luoghi non sono soltanto lo scenario immutabile nel quale trascorriamo le nostre giornate, ma necessitano a loro volta di attenzioni. Per queste ragioni abbiamo voluto mostrarvi, attraverso il talento di Gabriele Fanelli, che cosa accade quando non abbiamo cura dell&#8217;ambiente in cui viviamo e come la bellezza possa tramutarsi in un solo momento nel suo contrario. Don Lorenzo Milani era solito usare l\u2019espressione \u201cI care\u201d &#8211; &#8220;mi importa&#8221; &#8211; per identificare il valore che contraddistingue la giovent\u00f9 migliore. Insieme possiamo invertire la rotta. Con piccole azioni quotidiane, ognuno di noi.\u201d<\/p>\n<p>\u00c8 stato l\u2019attento occhio fotografico di Gabriele Fanelli a raccontare il rovesciamento di prospettiva tra un oggetto dall\u2019inestimabile valore culturale e identitario di una comunit\u00e0 ed un semplice rifiuto abbandonato per strada o nelle campagne.<\/p>\n<p>Si tratta di immagini dal forte impatto emotivo che colpiscono per l\u2019incoerente realt\u00e0 in cui siamo immersi e che ci vuole da un lato difensori dell\u2019identit\u00e0 culturale, ne sono un esempio la gastronomia o i simboli della Settimana Santa, e dall\u2019altro responsabili del deturpamento dei luoghi in cui questa realt\u00e0 si \u00e8 formata e continua a vivere.<\/p>\n<p>\u201cRingrazio Gabriele Fanelli per i bellissimi scatti che impreziosiscono la nuova edizione del diario \u2013 prosegue il Sindaco \u2013 Gabriele ha saputo fondere con grande maestria l\u2019estro artistico e la sua formazione filosofica, realizzando delle foto-saggio capaci di suscitare emozioni contrastanti negli osservatori.\u201d<\/p>\n<p>Una parte del diario \u00e8 dedicata anche alle misure di sicurezza contro la diffusione del contagio da Coronavirus.<\/p>\n<p>\u201cLa scuola in questa fase \u00e8 sotto i riflettori per le note vicende sanitarie che ci stanno investendo \u2013 conclude il Sindaco \u2013 Credo sia di fondamentale importanza scongiurare il rischio di un lockdown formativo che comporterebbe danni molto seri alla formazione dei cittadini di domani.\u201d<\/p>\n<p>&nbsp;<\/p>\n<p>&nbsp;<\/p>\n<p><strong>Comunicati Stampa Amministrazione Comunale di Francavilla Fontana<\/strong><\/p>\n","protected":false},"excerpt":{"rendered":"<p>Prosegue la pianificazione del nuovo volto delle scuole di propriet\u00e0 comunale in vista del ritorno alla normalit\u00e0. L\u2019Amministrazione Comunale, dando seguito a quanto gi\u00e0 operato nelle altre scuole presenti sul territorio cittadino, ha approvato il progetto definitivo per il recupero della palestra del plesso &#8220;Aldo Moro&#8221; del Primo Istituto Comprensivo. L\u2019intervento, con un investimento di 87 mila e 500 euro, prevede il rifacimento della pavimentazione con la posa in opera di parquet, la sostituzione dei vecchi infissi, il ripristino dell\u2019intonaco e la ritinteggiatura delle pareti. I lavori di manutenzione straordinaria della palestra si aggiungono agli interventi da 172 mila e 500 euro finalizzati al ripristino di cornicioni e intonaco, impermeabilizzazione dei lastrici solari e al recupero del blocco servizi del terzo piano. Qui, si proceder\u00e0 al rifacimento dei servizi igienici, degli impianti, dei rivestimenti dei vani e all\u2019installazione di nuovi infissi. I lavori nei plessi scolastici non si fermano alla \u201cAldo Moro\u201d. Sono infatti in agenda il rifacimento degli spogliatoi e dei servizi igienici della palestra della scuola \u201cFalcone e&#8230;<\/p>\n","protected":false},"author":2,"featured_media":179755,"comment_status":"open","ping_status":"closed","sticky":false,"template":"","format":"standard","meta":{"footnotes":""},"categories":[7],"tags":[],"class_list":["post-179751","post","type-post","status-publish","format-standard","has-post-thumbnail","hentry","category-news"],"_links":{"self":[{"href":"https:\/\/www.brundisium.net\/index.php\/wp-json\/wp\/v2\/posts\/179751","targetHints":{"allow":["GET"]}}],"collection":[{"href":"https:\/\/www.brundisium.net\/index.php\/wp-json\/wp\/v2\/posts"}],"about":[{"href":"https:\/\/www.brundisium.net\/index.php\/wp-json\/wp\/v2\/types\/post"}],"author":[{"embeddable":true,"href":"https:\/\/www.brundisium.net\/index.php\/wp-json\/wp\/v2\/users\/2"}],"replies":[{"embeddable":true,"href":"https:\/\/www.brundisium.net\/index.php\/wp-json\/wp\/v2\/comments?post=179751"}],"version-history":[{"count":1,"href":"https:\/\/www.brundisium.net\/index.php\/wp-json\/wp\/v2\/posts\/179751\/revisions"}],"predecessor-version":[{"id":179756,"href":"https:\/\/www.brundisium.net\/index.php\/wp-json\/wp\/v2\/posts\/179751\/revisions\/179756"}],"wp:featuredmedia":[{"embeddable":true,"href":"https:\/\/www.brundisium.net\/index.php\/wp-json\/wp\/v2\/media\/179755"}],"wp:attachment":[{"href":"https:\/\/www.brundisium.net\/index.php\/wp-json\/wp\/v2\/media?parent=179751"}],"wp:term":[{"taxonomy":"category","embeddable":true,"href":"https:\/\/www.brundisium.net\/index.php\/wp-json\/wp\/v2\/categories?post=179751"},{"taxonomy":"post_tag","embeddable":true,"href":"https:\/\/www.brundisium.net\/index.php\/wp-json\/wp\/v2\/tags?post=179751"}],"curies":[{"name":"wp","href":"https:\/\/api.w.org\/{rel}","templated":true}]}}