{"id":179867,"date":"2020-12-05T10:43:38","date_gmt":"2020-12-05T09:43:38","guid":{"rendered":"https:\/\/www.brundisium.net\/?p=179867"},"modified":"2020-12-05T13:55:19","modified_gmt":"2020-12-05T12:55:19","slug":"francavilla-tornano-i-concorsi-addobba-la-tua-vetrina-e-addobba-il-tuo-balcone","status":"publish","type":"post","link":"https:\/\/www.brundisium.net\/index.php\/francavilla-tornano-i-concorsi-addobba-la-tua-vetrina-e-addobba-il-tuo-balcone\/","title":{"rendered":"Francavilla: tornano i concorsi \u201cAddobba la tua vetrina\u201d e \u201cAddobba il tuo balcone\u201d"},"content":{"rendered":"<p><a href=\"https:\/\/www.brundisium.net\/brun\/wp-content\/uploads\/2020\/12\/concorso-natale-francavilla-1.jpg\"><img loading=\"lazy\" decoding=\"async\" class=\"size-medium wp-image-179875 alignright\" src=\"https:\/\/www.brundisium.net\/brun\/wp-content\/uploads\/2020\/12\/concorso-natale-francavilla-1-229x300.jpg\" alt=\"\" width=\"229\" height=\"300\" srcset=\"https:\/\/www.brundisium.net\/brun\/wp-content\/uploads\/2020\/12\/concorso-natale-francavilla-1-229x300.jpg 229w, https:\/\/www.brundisium.net\/brun\/wp-content\/uploads\/2020\/12\/concorso-natale-francavilla-1.jpg 715w\" sizes=\"auto, (max-width: 229px) 100vw, 229px\" \/><\/a>Tornano anche quest\u2019anno le iniziative \u201cAddobba la tua vetrina\u201d e \u201cAddobba il tuo balcone\u201d che premiano la creativit\u00e0 dei francavillesi alle prese con le decorazioni natalizie.<\/p>\n<p>&nbsp;<\/p>\n<p>In questo periodo dell\u2019anno le vetrine dei negozi si vestono di luci in occasione dello shopping. Queste creazioni artistiche sono al centro del concorso \u201cAddobba la tua vetrina\u201d, una virtuosa competizione tra gli esercizi commerciali cittadini, che mette in palio 6 premi da 250 euro.<\/p>\n<p>&nbsp;<\/p>\n<p>L\u2019iniziativa \u00e8 organizzata dall\u2019Amministrazione Comunale in collaborazione con il DUC Citt\u00e0 degli Imperiali.<\/p>\n<p>Gli esercenti commerciali interessati potranno aderire al concorso inviando la foto del proprio allestimento, corredata dai dati personali e aziendali, all\u2019indirizzo mail protocollo@comune.francavillafontana.br.it entro il 20 dicembre.<\/p>\n<p>&nbsp;<\/p>\n<p>\u201cNonostante le difficolt\u00e0 provocate dalla crisi economica, il Natale rappresenta una importante occasione di rilancio per il settore commerciale locale \u2013 spiega l\u2019Assessore alle Attivit\u00e0 Produttive Domenico Magliola \u2013 con questa semplice iniziativa premiamo la creativit\u00e0 di chi sapr\u00e0 dare un tocco artistico alla vetrina della propria attivit\u00e0 commerciale.\u201d<\/p>\n<p>&nbsp;<\/p>\n<p><a href=\"https:\/\/www.brundisium.net\/brun\/wp-content\/uploads\/2020\/12\/concorso-natale-francavilla-2.jpg\"><img loading=\"lazy\" decoding=\"async\" class=\"alignleft size-medium wp-image-179874\" src=\"https:\/\/www.brundisium.net\/brun\/wp-content\/uploads\/2020\/12\/concorso-natale-francavilla-2-224x300.jpg\" alt=\"\" width=\"224\" height=\"300\" srcset=\"https:\/\/www.brundisium.net\/brun\/wp-content\/uploads\/2020\/12\/concorso-natale-francavilla-2-224x300.jpg 224w, https:\/\/www.brundisium.net\/brun\/wp-content\/uploads\/2020\/12\/concorso-natale-francavilla-2-300x400.jpg 300w, https:\/\/www.brundisium.net\/brun\/wp-content\/uploads\/2020\/12\/concorso-natale-francavilla-2.jpg 715w\" sizes=\"auto, (max-width: 224px) 100vw, 224px\" \/><\/a>Il concorso \u201cAddobba il tuo balcone\u201d premier\u00e0, invece, gli addobbi natalizi pi\u00f9 belli realizzati dai privati cittadini. La competizione, promossa dall&#8217;Assessorato alla cultura si preannuncia come una sfida a suon di luci e decorazioni artistiche a cui potranno partecipare tutti i residenti nella Citt\u00e0 degli Imperiali.<\/p>\n<p>Per partecipare sar\u00e0 sufficiente inviare entro il 15 dicembre una foto del proprio allestimento, corredata dai dati personali, all&#8217;indirizzo mail protocollo@comune.francavillafontana.br.it. In palio ci sono 3 buoni da 100 euro.<\/p>\n<p>&nbsp;<\/p>\n<p>\u201cAbbiamo imparato in questi mesi che i balconi hanno molto da raccontare \u2013 dichiara l\u2019Assessora alla Cultura Maria Angelotti \u2013 quest\u2019anno avranno il compito di narrare un Natale diverso, pi\u00f9 intimo, ma non per questo privo di calore e suggestione.\u201d<\/p>\n<p>&nbsp;<\/p>\n<p>I regolamenti di entrambe le competizioni sono consultabili sul sito internet istituzionale.<\/p>\n<p>&nbsp;<\/p>\n<p><em><strong>Comune di Francavilla Fontana<\/strong><\/em><\/p>\n","protected":false},"excerpt":{"rendered":"<p>Tornano anche quest\u2019anno le iniziative \u201cAddobba la tua vetrina\u201d e \u201cAddobba il tuo balcone\u201d che premiano la creativit\u00e0 dei francavillesi alle prese con le decorazioni natalizie. &nbsp; In questo periodo dell\u2019anno le vetrine dei negozi si vestono di luci in occasione dello shopping. Queste creazioni artistiche sono al centro del concorso \u201cAddobba la tua vetrina\u201d, una virtuosa competizione tra gli esercizi commerciali cittadini, che mette in palio 6 premi da 250 euro. &nbsp; L\u2019iniziativa \u00e8 organizzata dall\u2019Amministrazione Comunale in collaborazione con il DUC Citt\u00e0 degli Imperiali. Gli esercenti commerciali interessati potranno aderire al concorso inviando la foto del proprio allestimento, corredata dai dati personali e aziendali, all\u2019indirizzo mail protocollo@comune.francavillafontana.br.it entro il 20 dicembre. &nbsp; \u201cNonostante le difficolt\u00e0 provocate dalla crisi economica, il Natale rappresenta una importante occasione di rilancio per il settore commerciale locale \u2013 spiega l\u2019Assessore alle Attivit\u00e0 Produttive Domenico Magliola \u2013 con questa semplice iniziativa premiamo la creativit\u00e0 di chi sapr\u00e0 dare un tocco artistico alla vetrina della propria attivit\u00e0 commerciale.\u201d &nbsp; Il concorso \u201cAddobba il tuo balcone\u201d&#8230;<\/p>\n","protected":false},"author":2,"featured_media":179875,"comment_status":"open","ping_status":"closed","sticky":false,"template":"","format":"standard","meta":{"footnotes":""},"categories":[7],"tags":[],"class_list":["post-179867","post","type-post","status-publish","format-standard","has-post-thumbnail","hentry","category-news"],"_links":{"self":[{"href":"https:\/\/www.brundisium.net\/index.php\/wp-json\/wp\/v2\/posts\/179867","targetHints":{"allow":["GET"]}}],"collection":[{"href":"https:\/\/www.brundisium.net\/index.php\/wp-json\/wp\/v2\/posts"}],"about":[{"href":"https:\/\/www.brundisium.net\/index.php\/wp-json\/wp\/v2\/types\/post"}],"author":[{"embeddable":true,"href":"https:\/\/www.brundisium.net\/index.php\/wp-json\/wp\/v2\/users\/2"}],"replies":[{"embeddable":true,"href":"https:\/\/www.brundisium.net\/index.php\/wp-json\/wp\/v2\/comments?post=179867"}],"version-history":[{"count":1,"href":"https:\/\/www.brundisium.net\/index.php\/wp-json\/wp\/v2\/posts\/179867\/revisions"}],"predecessor-version":[{"id":179876,"href":"https:\/\/www.brundisium.net\/index.php\/wp-json\/wp\/v2\/posts\/179867\/revisions\/179876"}],"wp:featuredmedia":[{"embeddable":true,"href":"https:\/\/www.brundisium.net\/index.php\/wp-json\/wp\/v2\/media\/179875"}],"wp:attachment":[{"href":"https:\/\/www.brundisium.net\/index.php\/wp-json\/wp\/v2\/media?parent=179867"}],"wp:term":[{"taxonomy":"category","embeddable":true,"href":"https:\/\/www.brundisium.net\/index.php\/wp-json\/wp\/v2\/categories?post=179867"},{"taxonomy":"post_tag","embeddable":true,"href":"https:\/\/www.brundisium.net\/index.php\/wp-json\/wp\/v2\/tags?post=179867"}],"curies":[{"name":"wp","href":"https:\/\/api.w.org\/{rel}","templated":true}]}}