{"id":179902,"date":"2020-12-06T10:07:18","date_gmt":"2020-12-06T09:07:18","guid":{"rendered":"https:\/\/www.brundisium.net\/?p=179902"},"modified":"2020-12-06T10:07:18","modified_gmt":"2020-12-06T09:07:18","slug":"a-francavilla-si-parte-con-la-riqualificazione-e-valorizzazione-di-via-roma","status":"publish","type":"post","link":"https:\/\/www.brundisium.net\/index.php\/a-francavilla-si-parte-con-la-riqualificazione-e-valorizzazione-di-via-roma\/","title":{"rendered":"A Francavilla si parte con la riqualificazione e valorizzazione di via Roma"},"content":{"rendered":"<p>Importante novit\u00e0 in arrivo per il centro cittadino di Francavilla Fontana.<\/p>\n<p>L\u2019Amministrazione Comunale ha dato il via libera agli interventi da 774 mila euro che ridisegnano il volto di via Roma.<\/p>\n<p>&nbsp;<\/p>\n<p>Il progetto, co-finanziato dal Distretto Urbano del Commercio \u201cCitt\u00e0 degli Imperiali\u201d, prevede la rimozione del basolato esistente, la messa in sicurezza del fondo stradale, il ripristino dell\u2019antico manto utilizzando le basole precedentemente rimosse, il rifacimento dei marciapiedi e l\u2019installazione di elementi di decoro con panchine e verde urbano. Il nuovo aspetto di via Roma sar\u00e0 completato con un restyling dell\u2019illuminazione pubblica.<\/p>\n<p>&nbsp;<\/p>\n<p>\u201cUna delle vie simbolo della Citt\u00e0 cambia volto e si trasforma in un salotto a disposizione dei cittadini \u2013 spiega il Sindaco Antonello Denuzzo \u2013 in una prima fase avevamo pensato di realizzare degli interventi mirati al ripristino della strada, ma dopo le indagini svolte dall\u2019Ufficio Tecnico comunale che hanno sottolineato le criticit\u00e0 presenti, abbiamo optato per lavori che ripensano radicalmente questa via strategica della nostra Citt\u00e0.\u201d<\/p>\n<p>&nbsp;<\/p>\n<p>La valorizzazione del centro non si esaurisce con via Roma. Nei giorni scorsi sono stati aggiudicati i lavori per il restauro della Torre dell\u2019Orologio di Piazza Umberto I. Gli interventi programmati prevedono il rifacimento della facciata e il ripristino delle maioliche, per un importo complessivo di circa 82 mila euro.<\/p>\n<p>&nbsp;<\/p>\n<p>\u201cGrazie a questo intervento di restauro, il cui progetto \u00e8 stato donato alla Citt\u00e0 da Maria Formosi e Valeria Curto che ringrazio ancora una volta, restituiamo alla collettivit\u00e0 un altro tassello del nostro patrimonio artistico e diamo un senso di continuit\u00e0 al tempo che scorre nella comunit\u00e0 \u2013 conclude il Sindaco Antonello Denuzzo \u2013 La combinazione di questi due interventi, a cui non si pu\u00f2 non aggiungere il recupero della Piazza Coperta, d\u00e0 l\u2019idea di una visione di Citt\u00e0 che si sforza di uscire dalla logica dell\u2019emergenza per entrare nella programmazione di lungo periodo.\u201d<\/p>\n<p>&nbsp;<\/p>\n<p>&nbsp;<\/p>\n<p><em><strong>Comune di Francavilla Fontana<\/strong><\/em><\/p>\n","protected":false},"excerpt":{"rendered":"<p>Importante novit\u00e0 in arrivo per il centro cittadino di Francavilla Fontana. L\u2019Amministrazione Comunale ha dato il via libera agli interventi da 774 mila euro che ridisegnano il volto di via Roma. &nbsp; Il progetto, co-finanziato dal Distretto Urbano del Commercio \u201cCitt\u00e0 degli Imperiali\u201d, prevede la rimozione del basolato esistente, la messa in sicurezza del fondo stradale, il ripristino dell\u2019antico manto utilizzando le basole precedentemente rimosse, il rifacimento dei marciapiedi e l\u2019installazione di elementi di decoro con panchine e verde urbano. Il nuovo aspetto di via Roma sar\u00e0 completato con un restyling dell\u2019illuminazione pubblica. &nbsp; \u201cUna delle vie simbolo della Citt\u00e0 cambia volto e si trasforma in un salotto a disposizione dei cittadini \u2013 spiega il Sindaco Antonello Denuzzo \u2013 in una prima fase avevamo pensato di realizzare degli interventi mirati al ripristino della strada, ma dopo le indagini svolte dall\u2019Ufficio Tecnico comunale che hanno sottolineato le criticit\u00e0 presenti, abbiamo optato per lavori che ripensano radicalmente questa via strategica della nostra Citt\u00e0.\u201d &nbsp; La valorizzazione del centro non si esaurisce con&#8230;<\/p>\n","protected":false},"author":2,"featured_media":179903,"comment_status":"open","ping_status":"closed","sticky":false,"template":"","format":"standard","meta":{"footnotes":""},"categories":[7],"tags":[],"class_list":["post-179902","post","type-post","status-publish","format-standard","has-post-thumbnail","hentry","category-news"],"_links":{"self":[{"href":"https:\/\/www.brundisium.net\/index.php\/wp-json\/wp\/v2\/posts\/179902","targetHints":{"allow":["GET"]}}],"collection":[{"href":"https:\/\/www.brundisium.net\/index.php\/wp-json\/wp\/v2\/posts"}],"about":[{"href":"https:\/\/www.brundisium.net\/index.php\/wp-json\/wp\/v2\/types\/post"}],"author":[{"embeddable":true,"href":"https:\/\/www.brundisium.net\/index.php\/wp-json\/wp\/v2\/users\/2"}],"replies":[{"embeddable":true,"href":"https:\/\/www.brundisium.net\/index.php\/wp-json\/wp\/v2\/comments?post=179902"}],"version-history":[{"count":1,"href":"https:\/\/www.brundisium.net\/index.php\/wp-json\/wp\/v2\/posts\/179902\/revisions"}],"predecessor-version":[{"id":179904,"href":"https:\/\/www.brundisium.net\/index.php\/wp-json\/wp\/v2\/posts\/179902\/revisions\/179904"}],"wp:featuredmedia":[{"embeddable":true,"href":"https:\/\/www.brundisium.net\/index.php\/wp-json\/wp\/v2\/media\/179903"}],"wp:attachment":[{"href":"https:\/\/www.brundisium.net\/index.php\/wp-json\/wp\/v2\/media?parent=179902"}],"wp:term":[{"taxonomy":"category","embeddable":true,"href":"https:\/\/www.brundisium.net\/index.php\/wp-json\/wp\/v2\/categories?post=179902"},{"taxonomy":"post_tag","embeddable":true,"href":"https:\/\/www.brundisium.net\/index.php\/wp-json\/wp\/v2\/tags?post=179902"}],"curies":[{"name":"wp","href":"https:\/\/api.w.org\/{rel}","templated":true}]}}