{"id":180020,"date":"2020-12-10T15:50:09","date_gmt":"2020-12-10T14:50:09","guid":{"rendered":"https:\/\/www.brundisium.net\/?p=180020"},"modified":"2020-12-10T15:50:09","modified_gmt":"2020-12-10T14:50:09","slug":"assembramenti-a-san-michele-multati-14-avventori-di-un-bar","status":"publish","type":"post","link":"https:\/\/www.brundisium.net\/index.php\/assembramenti-a-san-michele-multati-14-avventori-di-un-bar\/","title":{"rendered":"Assembramenti: a San Michele multati 14 avventori di un bar"},"content":{"rendered":"<p>La Polizia locale torna ad elevare multe per la violazione delle norme anti contagio e lo fa in maniera esemplare, con ben 14 persone sanzionate in un solo giorno. E\u2019 accaduto nella mattina dell\u20198 dicembre, giorno di festa per l\u2019Immacolata Concezione, in una caffetteria in pieno centro cittadino dove, il Comandante Giancarlo Prezzemolo, insieme al personale di polizia, nell\u2019ambito del servizio di controllo sul rispetto delle norme anti Covid-19 disposte dai vari Dpcm ministeriali, ha identificato e sanzionato ben 14 avventori del locale perch\u00e9 trovati assembrati al suo interno e, alcuni, senza fare uso della mascherina. La sanzione \u00e8 stata elevata, anche, al proprietario dell\u2019esercizio per non avere regolamentato gli accessi al locale e non avere evitato l\u2019assembramento all\u2019interno di esso.<\/p>\n<p>\u201cAbbiamo rafforzato i controlli e stiamo invitando tutta la popolazione a rispettare le regole dell\u2019ultimo Dpcm \u2013 spiega il Comandante Prezzemolo \u2013 un\u2019azione chiara per la sicurezza pubblica e l\u2019esigenza di prevenzione cos\u00ec come richiesto dal Prefetto di Brindisi nell\u2019ultimo vertice provinciale per l\u2019ordine e la sicurezza. La nostra attivit\u00e0 di Polizia non si \u00e8 mai fermata, continueremo a sensibilizzare sia i cittadini, che gli esercenti di ogni categoria, al rispetto della normativa, ma anche di irrogare le sanzioni previste, qualora necessario come accaduto l\u2019altra mattina. Anzi, maggiori controlli sono previsti, proprio, nei prossimi giorni, in concomitanza con le festivit\u00e0 natalizie. Per questo \u2013 conclude il Comandante della Polizia locale \u2013 \u00e8 necessario richiamare i cittadini tutti al massimo senso di responsabilit\u00e0, tenendo alta la guardia.\u201d<\/p>\n<p>&nbsp;<\/p>\n<p>Il sindaco Giovanni Allegrini rivolge un appello, in particolare ai pi\u00f9 giovani: \u201cCome ho gi\u00e0 avuto occasione di sottolineare, pi\u00f9 volte, dall\u2019inizio dell\u2019emergenza sanitaria ad oggi, ci aspettiamo da parte di tutti un atteggiamento di responsabilit\u00e0 e consapevolezza. Se sono stato costretto a vietare stazionamenti in determinate aree del paese \u00e8 perch\u00e9 la situazione stava sfuggendo di mano e come responsabile sanitario locale non posso permettere che l\u2019indice di contagio, gi\u00e0 alto in rapporto al numero di abitanti, raggiunga livelli ancora pi\u00f9 alti. Mi rivolgo in particolare ai pi\u00f9 giovani, perch\u00e9 ho verificato personalmente una scarsa attenzione sul tema: evitiamo comportamenti irresponsabili, perch\u00e9 a rischio non c\u2019\u00e8 solo la vostra salute ma anche quella dei vostri cari e in particolare dei vostri nonni. Uscite, divertitevi, ma consapevoli del momento che stiamo attraversando: utilizzate la mascherina, manteniamo le distanze di sicurezza ed evitiamo assembramenti\u201d.<\/p>\n<p>&nbsp;<\/p>\n","protected":false},"excerpt":{"rendered":"<p>La Polizia locale torna ad elevare multe per la violazione delle norme anti contagio e lo fa in maniera esemplare, con ben 14 persone sanzionate in un solo giorno. E\u2019 accaduto nella mattina dell\u20198 dicembre, giorno di festa per l\u2019Immacolata Concezione, in una caffetteria in pieno centro cittadino dove, il Comandante Giancarlo Prezzemolo, insieme al personale di polizia, nell\u2019ambito del servizio di controllo sul rispetto delle norme anti Covid-19 disposte dai vari Dpcm ministeriali, ha identificato e sanzionato ben 14 avventori del locale perch\u00e9 trovati assembrati al suo interno e, alcuni, senza fare uso della mascherina. La sanzione \u00e8 stata elevata, anche, al proprietario dell\u2019esercizio per non avere regolamentato gli accessi al locale e non avere evitato l\u2019assembramento all\u2019interno di esso. \u201cAbbiamo rafforzato i controlli e stiamo invitando tutta la popolazione a rispettare le regole dell\u2019ultimo Dpcm \u2013 spiega il Comandante Prezzemolo \u2013 un\u2019azione chiara per la sicurezza pubblica e l\u2019esigenza di prevenzione cos\u00ec come richiesto dal Prefetto di Brindisi nell\u2019ultimo vertice provinciale per l\u2019ordine e la sicurezza. La nostra&#8230;<\/p>\n","protected":false},"author":2,"featured_media":180022,"comment_status":"open","ping_status":"closed","sticky":false,"template":"","format":"standard","meta":{"footnotes":""},"categories":[7],"tags":[],"class_list":["post-180020","post","type-post","status-publish","format-standard","has-post-thumbnail","hentry","category-news"],"_links":{"self":[{"href":"https:\/\/www.brundisium.net\/index.php\/wp-json\/wp\/v2\/posts\/180020","targetHints":{"allow":["GET"]}}],"collection":[{"href":"https:\/\/www.brundisium.net\/index.php\/wp-json\/wp\/v2\/posts"}],"about":[{"href":"https:\/\/www.brundisium.net\/index.php\/wp-json\/wp\/v2\/types\/post"}],"author":[{"embeddable":true,"href":"https:\/\/www.brundisium.net\/index.php\/wp-json\/wp\/v2\/users\/2"}],"replies":[{"embeddable":true,"href":"https:\/\/www.brundisium.net\/index.php\/wp-json\/wp\/v2\/comments?post=180020"}],"version-history":[{"count":1,"href":"https:\/\/www.brundisium.net\/index.php\/wp-json\/wp\/v2\/posts\/180020\/revisions"}],"predecessor-version":[{"id":180023,"href":"https:\/\/www.brundisium.net\/index.php\/wp-json\/wp\/v2\/posts\/180020\/revisions\/180023"}],"wp:featuredmedia":[{"embeddable":true,"href":"https:\/\/www.brundisium.net\/index.php\/wp-json\/wp\/v2\/media\/180022"}],"wp:attachment":[{"href":"https:\/\/www.brundisium.net\/index.php\/wp-json\/wp\/v2\/media?parent=180020"}],"wp:term":[{"taxonomy":"category","embeddable":true,"href":"https:\/\/www.brundisium.net\/index.php\/wp-json\/wp\/v2\/categories?post=180020"},{"taxonomy":"post_tag","embeddable":true,"href":"https:\/\/www.brundisium.net\/index.php\/wp-json\/wp\/v2\/tags?post=180020"}],"curies":[{"name":"wp","href":"https:\/\/api.w.org\/{rel}","templated":true}]}}