{"id":180236,"date":"2020-12-14T18:48:05","date_gmt":"2020-12-14T17:48:05","guid":{"rendered":"https:\/\/www.brundisium.net\/?p=180236"},"modified":"2020-12-15T09:59:05","modified_gmt":"2020-12-15T08:59:05","slug":"forza-italia-nominati-i-responsabili-comunali-di-ceglie-e-san-pancrazio","status":"publish","type":"post","link":"https:\/\/www.brundisium.net\/index.php\/forza-italia-nominati-i-responsabili-comunali-di-ceglie-e-san-pancrazio\/","title":{"rendered":"Forza Italia: nominati i responsabili comunali di Ceglie e San Pancrazio"},"content":{"rendered":"<p>BRINDISI &#8211; Questa mattina, luned\u00ec 14 dicembre 2020, la coordinatrice provinciale di Forza Italia, Laura De Mola, ha ratificato due nomine che riguardano le sezioni locali di partito dei comuni di Ceglie Messapica e San Pancrazio Salentino. A rivestire la carica di delegato, rispettivamente per i due comuni brindisini, saranno Giovanni Gianfreda per Ceglie Messapica e Antonio Politi per San Pancrazio Salentino.<\/p>\n<p>\u00abAi due neo coordinatori locali &#8211; commenta Laura De Mola &#8211; vanno i miei personali auguri e quelli di tutto il partito, convinti che con parsimonia e diligenza sapranno svolgere il ruolo che gli \u00e8 stato affidato. Un compito certamente non semplice, in un momento storico ancor pi\u00f9 delicato per tutto il paese, ma che sono sicura potr\u00e0 trovare espressione nelle loro capacit\u00e0 e nella loro voglia di conferire al partito quel rinnovamento che auspichiamo da tempo. D&#8217;altra parte queste azioni &#8211; prosegue la coordinatrice &#8211; che continuano ad aprire Forza Italia a tutta quanta la societ\u00e0 civile, non fanno altro che garantirci quel tanto auspicato cambio di rotta che cittadini ed elettori ci chiedono da tempo, con il coinvolgimento di professionisti, donne e uomini, pronti a spendersi in nome del bene e dell&#8217;interesse collettivo\u00bb. La coordinatrice provinciale ha, sempre in mattinata, comunicato ai neo delegati la ratifica della loro nomina, augurando loro un buon lavoro.<\/p>\n","protected":false},"excerpt":{"rendered":"<p>BRINDISI &#8211; Questa mattina, luned\u00ec 14 dicembre 2020, la coordinatrice provinciale di Forza Italia, Laura De Mola, ha ratificato due nomine che riguardano le sezioni locali di partito dei comuni di Ceglie Messapica e San Pancrazio Salentino. A rivestire la carica di delegato, rispettivamente per i due comuni brindisini, saranno Giovanni Gianfreda per Ceglie Messapica e Antonio Politi per San Pancrazio Salentino. \u00abAi due neo coordinatori locali &#8211; commenta Laura De Mola &#8211; vanno i miei personali auguri e quelli di tutto il partito, convinti che con parsimonia e diligenza sapranno svolgere il ruolo che gli \u00e8 stato affidato. Un compito certamente non semplice, in un momento storico ancor pi\u00f9 delicato per tutto il paese, ma che sono sicura potr\u00e0 trovare espressione nelle loro capacit\u00e0 e nella loro voglia di conferire al partito quel rinnovamento che auspichiamo da tempo. D&#8217;altra parte queste azioni &#8211; prosegue la coordinatrice &#8211; che continuano ad aprire Forza Italia a tutta quanta la societ\u00e0 civile, non fanno altro che garantirci quel tanto auspicato cambio di&#8230;<\/p>\n","protected":false},"author":2,"featured_media":71281,"comment_status":"open","ping_status":"closed","sticky":false,"template":"","format":"standard","meta":{"footnotes":""},"categories":[7],"tags":[],"class_list":["post-180236","post","type-post","status-publish","format-standard","has-post-thumbnail","hentry","category-news"],"_links":{"self":[{"href":"https:\/\/www.brundisium.net\/index.php\/wp-json\/wp\/v2\/posts\/180236","targetHints":{"allow":["GET"]}}],"collection":[{"href":"https:\/\/www.brundisium.net\/index.php\/wp-json\/wp\/v2\/posts"}],"about":[{"href":"https:\/\/www.brundisium.net\/index.php\/wp-json\/wp\/v2\/types\/post"}],"author":[{"embeddable":true,"href":"https:\/\/www.brundisium.net\/index.php\/wp-json\/wp\/v2\/users\/2"}],"replies":[{"embeddable":true,"href":"https:\/\/www.brundisium.net\/index.php\/wp-json\/wp\/v2\/comments?post=180236"}],"version-history":[{"count":1,"href":"https:\/\/www.brundisium.net\/index.php\/wp-json\/wp\/v2\/posts\/180236\/revisions"}],"predecessor-version":[{"id":180238,"href":"https:\/\/www.brundisium.net\/index.php\/wp-json\/wp\/v2\/posts\/180236\/revisions\/180238"}],"wp:featuredmedia":[{"embeddable":true,"href":"https:\/\/www.brundisium.net\/index.php\/wp-json\/wp\/v2\/media\/71281"}],"wp:attachment":[{"href":"https:\/\/www.brundisium.net\/index.php\/wp-json\/wp\/v2\/media?parent=180236"}],"wp:term":[{"taxonomy":"category","embeddable":true,"href":"https:\/\/www.brundisium.net\/index.php\/wp-json\/wp\/v2\/categories?post=180236"},{"taxonomy":"post_tag","embeddable":true,"href":"https:\/\/www.brundisium.net\/index.php\/wp-json\/wp\/v2\/tags?post=180236"}],"curies":[{"name":"wp","href":"https:\/\/api.w.org\/{rel}","templated":true}]}}