{"id":180319,"date":"2020-12-16T15:38:58","date_gmt":"2020-12-16T14:38:58","guid":{"rendered":"https:\/\/www.brundisium.net\/?p=180319"},"modified":"2020-12-26T11:26:05","modified_gmt":"2020-12-26T10:26:05","slug":"aipd-ecco-da-soli-in-citta-senza-mamma-e-papa","status":"publish","type":"post","link":"https:\/\/www.brundisium.net\/index.php\/aipd-ecco-da-soli-in-citta-senza-mamma-e-papa\/","title":{"rendered":"Aipd: ecco \u201cDa soli in citt\u00e0 senza mamma e pap\u00e0\u201d"},"content":{"rendered":"<p>Si concluder\u00e0 il prossimo 22 dicembre alle ore 10.00 il progetto di Autonomia \u201cDa soli in citt\u00e0 senza mamma e pap\u00e0\u201d, destinato ad adolescenti con Sindrome di Down e realizzato da AIPD Brindisi grazie al contributo di ENEL, tramite un evento Facebook, durante il quale saranno illustrate le attivit\u00e0 svolte.<\/p>\n<p>I percorsi di Autonomia rappresentano il punto di partenza fondamentale per ottenere un pieno inserimento sociale della persona con Sindrome di Down e con disabilit\u00e0 intellettiva medio-lieve. E\u2019 per questo che AIPD Brindisi si avvale di operatori esperti nella metodologia Nazionale, per accompagnare la famiglia e la persona sin dai suoi primissimi anni di vita, attuando percorsi dedicati a gruppi suddivisi per fasce di et\u00e0.<\/p>\n<p>E\u2019 il secondo anno che ENEL contribuisce alla realizzazione di un progetto di Autonomia per AIPD Brindisi. Gi\u00e0 nel 2019, infatti, sono stati avviati i percorsi di autonomia per adolescenti attraverso il progetto \u201cI can, I will. End of the story!\u201d.<\/p>\n<p>Quest\u2019anno ci si \u00e8 posti l\u2019obiettivo di incrementare il gruppo gi\u00e0 avviato, ponendo particolare attenzione allo sviluppo delle abilit\u00e0 di autonomia \u201cin strada\u201d, partendo dalle capacit\u00e0 di sapersi muovere autonomamente, nel rispetto delle nuove regole di educazione civica subentrate a seguito della pandemia da COVID-19. La paura del contagio, le grandi ansie, il cambio delle abitudini sociali, le nuove regole, hanno posto i ragazzi, per loro natura molto abitudinari e metodici, nella condizione di dover riadattare le loro abilit\u00e0 a questa nuova realt\u00e0 di vita. Molti di loro hanno subito, purtroppo, delle conseguenze regressive nelle abilit\u00e0 gi\u00e0 acquisite, derivanti dal prolungato periodo di lock-down. Ecco perch\u00e9 si \u00e8 reso necessario ristrutturare gli interventi, ripartendo dalle competenze gi\u00e0 acquisite, passando dal recupero e dal potenziamento di quelle perdute, fino ad arrivare allo sviluppo e all\u2019accettazione di competenze nuove, consapevoli e studiate ad hoc sulle potenzialit\u00e0 di base di ciascuno.<\/p>\n<p>Il lavoro ha previsto 24 incontri a distanza, in modalit\u00e0 \u201cSmartworking\u201d, con cadenza bi-settimanale della durata di un\u2019ora, finalizzati al raggiungimento degli obiettivi preposti e differenziati sulla base del periodo di vita di ciascun ragazzo. Sono stati realizzati altres\u00ec incontri con i diversi gruppi delle famiglie, che hanno visto la formazione, il monitoraggio ed il supporto della famiglia, sia individuale, che di gruppo. In ultimo il lavoro con la scuola ha compreso un\u2019operazione di supporto alle attivit\u00e0 a distanza, attraverso una collaborazione diretta con alcuni dirigenti, educatori ed insegnanti di sostegno.<\/p>\n<p>L\u2019evento conclusivo, che si terr\u00e0 il 22 Dicembre 2020 a Brindisi, a partire dalle ore 10.00, attraverso una diretta Facebook sul profilo \u201cAipd Brindisi\u201d, presso i locali dell\u2019Istituto Alberghiero S. Pertini di Brindisi, consister\u00e0 in una serie di interventi degli operatori coinvolti del progetto e degli stessi ragazzi. Il fine sar\u00e0 quello di sensibilizzare il territorio circa l\u2019unicit\u00e0 e l\u2019utilit\u00e0 delle metodologie utilizzate nell\u2019ambito del percorso di vita della persona con disabilit\u00e0 e della sua famiglia.<\/p>\n<p>&nbsp;<\/p>\n<p>Con l\u2019occasione AIPD Brindisi \u00e8 lieta di informare il territorio che sono disponibili i \u201cCalendari 2021\u201d, contenenti le immagini dei ragazzi partecipanti a tutti i suoi progetti.<\/p>\n<p>I Calendari, che lanciano un forte ed importante messaggio contro lo stereotipo ed il pregiudizio, potranno essere ritirati presso i seguenti punti vendita a fronte di un piccolo contributo di \u20ac 3,00:<br \/>\n\u2022 Coffee House \u2013 Via Don Carlo Gnocchi, 17 \u2013 Brindisi<br \/>\n\u2022 Caffetteria Bar Dante \u2013 Piazza Dante \u2013 Brindisi<br \/>\n\u2022 Guido e Ferrienti Srl \u2013 Corso Roma, 140 \u2013 Brindisi<br \/>\n\u2022 Scardicchio Fotografia \u2013 Via Appia, 286 \u2013 Brindisi<br \/>\n\u2022 Tabaccheria Il Quadrifoglio \u2013 c\/o Centro Commerciale Appia Antica \u2013 Mesagne (BR)<br \/>\n\u2022 Dolce Forno \u2013 Via Latiano, 165 \u2013 Torre S. Susanna (BR)<br \/>\n\u2022 Dolce Forno &#8211; Via Tenente Ugo Granafei, 87 \u2013 Mesagne (BR)<br \/>\n\u2022 Edicola Cirib\u00ec \u2013 Via Castello, 34 \u2013 Mesagne (BR)<br \/>\n\u2022 Macelleria Vitale \u2013 Via P. Nenni, 33 \u2013 Mesagne (BR).<\/p>\n<p>&nbsp;<\/p>\n<p>L\u2019intero ricavato sar\u00e0 destinato a sostenere i progetti di AIPD Brindisi, nella speranza di poter rivivere presto insieme i tanto attesi e lontani momenti di Autonomia ed Inclusione Sociale per cui AIPD Brindisi quotidianamente si batte.<br \/>\nGrazie ENEL e grazie a tutti coloro che decideranno di sostenere questa importante iniziativa !<\/p>\n","protected":false},"excerpt":{"rendered":"<p>Si concluder\u00e0 il prossimo 22 dicembre alle ore 10.00 il progetto di Autonomia \u201cDa soli in citt\u00e0 senza mamma e pap\u00e0\u201d, destinato ad adolescenti con Sindrome di Down e realizzato da AIPD Brindisi grazie al contributo di ENEL, tramite un evento Facebook, durante il quale saranno illustrate le attivit\u00e0 svolte. I percorsi di Autonomia rappresentano il punto di partenza fondamentale per ottenere un pieno inserimento sociale della persona con Sindrome di Down e con disabilit\u00e0 intellettiva medio-lieve. E\u2019 per questo che AIPD Brindisi si avvale di operatori esperti nella metodologia Nazionale, per accompagnare la famiglia e la persona sin dai suoi primissimi anni di vita, attuando percorsi dedicati a gruppi suddivisi per fasce di et\u00e0. E\u2019 il secondo anno che ENEL contribuisce alla realizzazione di un progetto di Autonomia per AIPD Brindisi. Gi\u00e0 nel 2019, infatti, sono stati avviati i percorsi di autonomia per adolescenti attraverso il progetto \u201cI can, I will. End of the story!\u201d. Quest\u2019anno ci si \u00e8 posti l\u2019obiettivo di incrementare il gruppo gi\u00e0 avviato, ponendo particolare&#8230;<\/p>\n","protected":false},"author":2,"featured_media":180320,"comment_status":"open","ping_status":"closed","sticky":false,"template":"","format":"standard","meta":{"footnotes":""},"categories":[7],"tags":[],"class_list":["post-180319","post","type-post","status-publish","format-standard","has-post-thumbnail","hentry","category-news"],"_links":{"self":[{"href":"https:\/\/www.brundisium.net\/index.php\/wp-json\/wp\/v2\/posts\/180319","targetHints":{"allow":["GET"]}}],"collection":[{"href":"https:\/\/www.brundisium.net\/index.php\/wp-json\/wp\/v2\/posts"}],"about":[{"href":"https:\/\/www.brundisium.net\/index.php\/wp-json\/wp\/v2\/types\/post"}],"author":[{"embeddable":true,"href":"https:\/\/www.brundisium.net\/index.php\/wp-json\/wp\/v2\/users\/2"}],"replies":[{"embeddable":true,"href":"https:\/\/www.brundisium.net\/index.php\/wp-json\/wp\/v2\/comments?post=180319"}],"version-history":[{"count":1,"href":"https:\/\/www.brundisium.net\/index.php\/wp-json\/wp\/v2\/posts\/180319\/revisions"}],"predecessor-version":[{"id":180321,"href":"https:\/\/www.brundisium.net\/index.php\/wp-json\/wp\/v2\/posts\/180319\/revisions\/180321"}],"wp:featuredmedia":[{"embeddable":true,"href":"https:\/\/www.brundisium.net\/index.php\/wp-json\/wp\/v2\/media\/180320"}],"wp:attachment":[{"href":"https:\/\/www.brundisium.net\/index.php\/wp-json\/wp\/v2\/media?parent=180319"}],"wp:term":[{"taxonomy":"category","embeddable":true,"href":"https:\/\/www.brundisium.net\/index.php\/wp-json\/wp\/v2\/categories?post=180319"},{"taxonomy":"post_tag","embeddable":true,"href":"https:\/\/www.brundisium.net\/index.php\/wp-json\/wp\/v2\/tags?post=180319"}],"curies":[{"name":"wp","href":"https:\/\/api.w.org\/{rel}","templated":true}]}}