{"id":180432,"date":"2020-12-18T12:46:41","date_gmt":"2020-12-18T11:46:41","guid":{"rendered":"https:\/\/www.brundisium.net\/?p=180432"},"modified":"2020-12-18T14:20:46","modified_gmt":"2020-12-18T13:20:46","slug":"cosimo-assi-nominato-coordinatore-provinciale-fiarc-confesercenti","status":"publish","type":"post","link":"https:\/\/www.brundisium.net\/index.php\/cosimo-assi-nominato-coordinatore-provinciale-fiarc-confesercenti\/","title":{"rendered":"Cosimo Assi nominato coordinatore provinciale FIARC Confesercenti"},"content":{"rendered":"<p>Cosimo Assi, agente di commercio, \u00e8 stato nominato coordinatore provinciale FIARC Confesercenti. Una novit\u00e0 dettata dalla necessit\u00e0 di garantire una maggiore attenzione ai problemi politico- sindacali di alcune categorie produttive ritenute strategiche, in particolare per quanto concerne la federazione provinciale \u201cAgenti e rappresentanti di Commercio\u201d.<\/p>\n<p>La decisione \u00e8 stata assunta dal presidente provinciale di Confesercenti, Antonio D\u2019Amore, di concerto con la direttrice provinciale dell\u2019associazione di categoria, Elisa Forestiero. Peraltro il neo coordinatore provinciale della FIARC far\u00e0 parte anche dei componenti dell\u2019Area Commercio di Confesercenti Puglia.<\/p>\n<p>\u201cIn considerazione delle sue specifiche competenze professionali ed umane, oltre che della sua approfondita conoscenza del settore- ha dichiarato il presidente di Confesercenti Brindisi, Antonio D\u2019Amore- sono certo che Cosimo Assi sapr\u00e0 svolgere al meglio il difficile compito di riorganizzare e coordinare la Federazione di Categoria, traguardando l\u2019obiettivo di avviare un\u2019attivit\u00e0 di ampliamento della base associativa ed il successivo svolgimento della prima assemblea provinciale, trasformando la FIARC in un fondamentale punto di riferimento della provincia di Brindisi\u201d.<\/p>\n","protected":false},"excerpt":{"rendered":"<p>Cosimo Assi, agente di commercio, \u00e8 stato nominato coordinatore provinciale FIARC Confesercenti. Una novit\u00e0 dettata dalla necessit\u00e0 di garantire una maggiore attenzione ai problemi politico- sindacali di alcune categorie produttive ritenute strategiche, in particolare per quanto concerne la federazione provinciale \u201cAgenti e rappresentanti di Commercio\u201d. La decisione \u00e8 stata assunta dal presidente provinciale di Confesercenti, Antonio D\u2019Amore, di concerto con la direttrice provinciale dell\u2019associazione di categoria, Elisa Forestiero. Peraltro il neo coordinatore provinciale della FIARC far\u00e0 parte anche dei componenti dell\u2019Area Commercio di Confesercenti Puglia. \u201cIn considerazione delle sue specifiche competenze professionali ed umane, oltre che della sua approfondita conoscenza del settore- ha dichiarato il presidente di Confesercenti Brindisi, Antonio D\u2019Amore- sono certo che Cosimo Assi sapr\u00e0 svolgere al meglio il difficile compito di riorganizzare e coordinare la Federazione di Categoria, traguardando l\u2019obiettivo di avviare un\u2019attivit\u00e0 di ampliamento della base associativa ed il successivo svolgimento della prima assemblea provinciale, trasformando la FIARC in un fondamentale punto di riferimento della provincia di Brindisi\u201d.<\/p>\n","protected":false},"author":2,"featured_media":5579,"comment_status":"open","ping_status":"closed","sticky":false,"template":"","format":"standard","meta":{"footnotes":""},"categories":[7],"tags":[],"class_list":["post-180432","post","type-post","status-publish","format-standard","has-post-thumbnail","hentry","category-news"],"_links":{"self":[{"href":"https:\/\/www.brundisium.net\/index.php\/wp-json\/wp\/v2\/posts\/180432","targetHints":{"allow":["GET"]}}],"collection":[{"href":"https:\/\/www.brundisium.net\/index.php\/wp-json\/wp\/v2\/posts"}],"about":[{"href":"https:\/\/www.brundisium.net\/index.php\/wp-json\/wp\/v2\/types\/post"}],"author":[{"embeddable":true,"href":"https:\/\/www.brundisium.net\/index.php\/wp-json\/wp\/v2\/users\/2"}],"replies":[{"embeddable":true,"href":"https:\/\/www.brundisium.net\/index.php\/wp-json\/wp\/v2\/comments?post=180432"}],"version-history":[{"count":1,"href":"https:\/\/www.brundisium.net\/index.php\/wp-json\/wp\/v2\/posts\/180432\/revisions"}],"predecessor-version":[{"id":180433,"href":"https:\/\/www.brundisium.net\/index.php\/wp-json\/wp\/v2\/posts\/180432\/revisions\/180433"}],"wp:featuredmedia":[{"embeddable":true,"href":"https:\/\/www.brundisium.net\/index.php\/wp-json\/wp\/v2\/media\/5579"}],"wp:attachment":[{"href":"https:\/\/www.brundisium.net\/index.php\/wp-json\/wp\/v2\/media?parent=180432"}],"wp:term":[{"taxonomy":"category","embeddable":true,"href":"https:\/\/www.brundisium.net\/index.php\/wp-json\/wp\/v2\/categories?post=180432"},{"taxonomy":"post_tag","embeddable":true,"href":"https:\/\/www.brundisium.net\/index.php\/wp-json\/wp\/v2\/tags?post=180432"}],"curies":[{"name":"wp","href":"https:\/\/api.w.org\/{rel}","templated":true}]}}