{"id":180480,"date":"2020-12-18T19:42:16","date_gmt":"2020-12-18T18:42:16","guid":{"rendered":"https:\/\/www.brundisium.net\/?p=180480"},"modified":"2020-12-18T17:46:24","modified_gmt":"2020-12-18T16:46:24","slug":"adotta-un-esordiente-x-ecco-i-6-libri-ammessi-alla-fase-del-concorso-letterario-di-taberna-libraria-latiano","status":"publish","type":"post","link":"https:\/\/www.brundisium.net\/index.php\/adotta-un-esordiente-x-ecco-i-6-libri-ammessi-alla-fase-del-concorso-letterario-di-taberna-libraria-latiano\/","title":{"rendered":"Adotta un esordiente X: ecco i 6 libri ammessi alla fase del Concorso Letterario di Taberna Libraria (Latiano)"},"content":{"rendered":"<p>Un intenso periodo di attivit\u00e0 quello che nelle ultime settimane ha visto impegnata l\u2019intera squadra di Adotta un Esordiente, il concorso letterario basato sulle opere prime di esordienti nel panorama librario nazionale dedicato alle scuole secondarie di secondo grado, promosso e organizzato dalla Taberna Libraria di Latiano in collaborazione con De Vivo Home Design, il Collegio Universitario di Merito IPE Poggiolevante, Media Partner Idea Radio e il cui regolamento gode, tra gli altri, del patrocinio della Capitale della Cultura Europea 2019 Citt\u00e0 di Matera.<\/p>\n<p>&nbsp;<\/p>\n<p>Proprio negli ultimi giorni, la Commissione Esaminatrice ha completato la selezione dei libri che compongono la cosiddetta sestina, cio\u00e8 i sei libri che, dopo attenta valutazione, hanno guadagnato l\u2019accesso alla fase finale della X edizione dell\u2019ormai consolidata competizione letteraria.<\/p>\n<p>&nbsp;<\/p>\n<p>Si tratta di \u201cIl mare \u00e8 rotondo\u201d di Elvis Malaj (Edizioni Rizzoli), \u201cNon \u00e8 vero che non siamo stati felici\u201d di Irene Salvatori (Edizioni Bollati Boringhieri), \u201cTeresa degli Oracoli\u201d di Arianna Cecconi (Edizioni Feltrinelli), \u201cGli Scomparsi\u201d di Elisa Tripaldi (Edizioni Rizzoli), \u201cConosci l\u2019estate\u201d di Simona Tanzini (Edizioni Sellerio Editore Palermo), \u201cPortami il diario\u201d di Valentina Petri (Edizioni Rizzoli)<\/p>\n\n\t\t<style type=\"text\/css\">\n\t\t\t#gallery-1 {\n\t\t\t\tmargin: auto;\n\t\t\t}\n\t\t\t#gallery-1 .gallery-item {\n\t\t\t\tfloat: left;\n\t\t\t\tmargin-top: 10px;\n\t\t\t\ttext-align: center;\n\t\t\t\twidth: 33%;\n\t\t\t}\n\t\t\t#gallery-1 img {\n\t\t\t\tborder: 2px solid #cfcfcf;\n\t\t\t}\n\t\t\t#gallery-1 .gallery-caption {\n\t\t\t\tmargin-left: 0;\n\t\t\t}\n\t\t\t\/* see gallery_shortcode() in wp-includes\/media.php *\/\n\t\t<\/style>\n\t\t<div id='gallery-1' class='gallery galleryid-180480 gallery-columns-3 gallery-size-thumbnail'><dl class='gallery-item'>\n\t\t\t<dt class='gallery-icon portrait'>\n\t\t\t\t<a href='https:\/\/www.brundisium.net\/index.php\/adotta-un-esordiente-x-ecco-i-6-libri-ammessi-alla-fase-del-concorso-letterario-di-taberna-libraria-latiano\/copertina-libro-conosci-lestate-di-simona-tanzini\/'><img loading=\"lazy\" decoding=\"async\" width=\"150\" height=\"150\" src=\"https:\/\/www.brundisium.net\/brun\/wp-content\/uploads\/2020\/12\/Copertina-libro-Conosci-lEstate-di-Simona-Tanzini-150x150.jpg\" class=\"attachment-thumbnail size-thumbnail\" alt=\"\" srcset=\"https:\/\/www.brundisium.net\/brun\/wp-content\/uploads\/2020\/12\/Copertina-libro-Conosci-lEstate-di-Simona-Tanzini-150x150.jpg 150w, https:\/\/www.brundisium.net\/brun\/wp-content\/uploads\/2020\/12\/Copertina-libro-Conosci-lEstate-di-Simona-Tanzini-60x60.jpg 60w\" sizes=\"auto, (max-width: 150px) 100vw, 150px\" \/><\/a>\n\t\t\t<\/dt><\/dl><dl class='gallery-item'>\n\t\t\t<dt class='gallery-icon portrait'>\n\t\t\t\t<a href='https:\/\/www.brundisium.net\/index.php\/adotta-un-esordiente-x-ecco-i-6-libri-ammessi-alla-fase-del-concorso-letterario-di-taberna-libraria-latiano\/copertina-libro-gli-scomparsi-di-alessia-tripaldi\/'><img loading=\"lazy\" decoding=\"async\" width=\"150\" height=\"150\" src=\"https:\/\/www.brundisium.net\/brun\/wp-content\/uploads\/2020\/12\/Copertina-libro-Gli-Scomparsi-di-Alessia-Tripaldi-150x150.jpg\" class=\"attachment-thumbnail size-thumbnail\" alt=\"\" srcset=\"https:\/\/www.brundisium.net\/brun\/wp-content\/uploads\/2020\/12\/Copertina-libro-Gli-Scomparsi-di-Alessia-Tripaldi-150x150.jpg 150w, https:\/\/www.brundisium.net\/brun\/wp-content\/uploads\/2020\/12\/Copertina-libro-Gli-Scomparsi-di-Alessia-Tripaldi-60x60.jpg 60w\" sizes=\"auto, (max-width: 150px) 100vw, 150px\" \/><\/a>\n\t\t\t<\/dt><\/dl><dl class='gallery-item'>\n\t\t\t<dt class='gallery-icon portrait'>\n\t\t\t\t<a href='https:\/\/www.brundisium.net\/index.php\/adotta-un-esordiente-x-ecco-i-6-libri-ammessi-alla-fase-del-concorso-letterario-di-taberna-libraria-latiano\/copertina-libro-il-mare-e-rotondo-di-elvis-malaj\/'><img loading=\"lazy\" decoding=\"async\" width=\"150\" height=\"150\" src=\"https:\/\/www.brundisium.net\/brun\/wp-content\/uploads\/2020\/12\/Copertina-libro-Il-mare-e-rotondo-di-Elvis-Malaj-150x150.jpg\" class=\"attachment-thumbnail size-thumbnail\" alt=\"\" srcset=\"https:\/\/www.brundisium.net\/brun\/wp-content\/uploads\/2020\/12\/Copertina-libro-Il-mare-e-rotondo-di-Elvis-Malaj-150x150.jpg 150w, https:\/\/www.brundisium.net\/brun\/wp-content\/uploads\/2020\/12\/Copertina-libro-Il-mare-e-rotondo-di-Elvis-Malaj-60x60.jpg 60w\" sizes=\"auto, (max-width: 150px) 100vw, 150px\" \/><\/a>\n\t\t\t<\/dt><\/dl><br style=\"clear: both\" \/><dl class='gallery-item'>\n\t\t\t<dt class='gallery-icon portrait'>\n\t\t\t\t<a href='https:\/\/www.brundisium.net\/index.php\/adotta-un-esordiente-x-ecco-i-6-libri-ammessi-alla-fase-del-concorso-letterario-di-taberna-libraria-latiano\/copertina-libro-non-e-vero-che-non-siamo-stati-felici-di-irene-salvatori\/'><img loading=\"lazy\" decoding=\"async\" width=\"150\" height=\"150\" src=\"https:\/\/www.brundisium.net\/brun\/wp-content\/uploads\/2020\/12\/Copertina-libro-Non-e-vero-che-non-siamo-stati-felici-di-Irene-Salvatori-150x150.jpg\" class=\"attachment-thumbnail size-thumbnail\" alt=\"\" srcset=\"https:\/\/www.brundisium.net\/brun\/wp-content\/uploads\/2020\/12\/Copertina-libro-Non-e-vero-che-non-siamo-stati-felici-di-Irene-Salvatori-150x150.jpg 150w, https:\/\/www.brundisium.net\/brun\/wp-content\/uploads\/2020\/12\/Copertina-libro-Non-e-vero-che-non-siamo-stati-felici-di-Irene-Salvatori-60x60.jpg 60w\" sizes=\"auto, (max-width: 150px) 100vw, 150px\" \/><\/a>\n\t\t\t<\/dt><\/dl><dl class='gallery-item'>\n\t\t\t<dt class='gallery-icon portrait'>\n\t\t\t\t<a href='https:\/\/www.brundisium.net\/index.php\/adotta-un-esordiente-x-ecco-i-6-libri-ammessi-alla-fase-del-concorso-letterario-di-taberna-libraria-latiano\/copertina-libro-portami-il-diario-di-valentina-petri\/'><img loading=\"lazy\" decoding=\"async\" width=\"150\" height=\"150\" src=\"https:\/\/www.brundisium.net\/brun\/wp-content\/uploads\/2020\/12\/Copertina-libro-Portami-il-diario-di-Valentina-Petri-150x150.jpg\" class=\"attachment-thumbnail size-thumbnail\" alt=\"\" srcset=\"https:\/\/www.brundisium.net\/brun\/wp-content\/uploads\/2020\/12\/Copertina-libro-Portami-il-diario-di-Valentina-Petri-150x150.jpg 150w, https:\/\/www.brundisium.net\/brun\/wp-content\/uploads\/2020\/12\/Copertina-libro-Portami-il-diario-di-Valentina-Petri-60x60.jpg 60w\" sizes=\"auto, (max-width: 150px) 100vw, 150px\" \/><\/a>\n\t\t\t<\/dt><\/dl><dl class='gallery-item'>\n\t\t\t<dt class='gallery-icon portrait'>\n\t\t\t\t<a href='https:\/\/www.brundisium.net\/index.php\/adotta-un-esordiente-x-ecco-i-6-libri-ammessi-alla-fase-del-concorso-letterario-di-taberna-libraria-latiano\/copertina-libro-teresa-degli-oracoli-di-arianna-cecconi\/'><img loading=\"lazy\" decoding=\"async\" width=\"150\" height=\"150\" src=\"https:\/\/www.brundisium.net\/brun\/wp-content\/uploads\/2020\/12\/Copertina-libro-Teresa-degli-Oracoli-di-Arianna-Cecconi-150x150.jpg\" class=\"attachment-thumbnail size-thumbnail\" alt=\"\" srcset=\"https:\/\/www.brundisium.net\/brun\/wp-content\/uploads\/2020\/12\/Copertina-libro-Teresa-degli-Oracoli-di-Arianna-Cecconi-150x150.jpg 150w, https:\/\/www.brundisium.net\/brun\/wp-content\/uploads\/2020\/12\/Copertina-libro-Teresa-degli-Oracoli-di-Arianna-Cecconi-60x60.jpg 60w\" sizes=\"auto, (max-width: 150px) 100vw, 150px\" \/><\/a>\n\t\t\t<\/dt><\/dl><br style=\"clear: both\" \/>\n\t\t<\/div>\n\n<p>&nbsp;<\/p>\n<p>Le sei opere annunciate in questo frangente, attraverseranno nelle prossime settimane, una ulteriore fase di studio che porter\u00e0 alla scelta della terna finalista, i 3 libri che saranno poi consegnati agli alunni coinvolti che, dopo averli letti con attenzione, esprimeranno il proprio gradimento votando il libro preferito attraverso un modernissimo e sicuro sistema di votazione in modalit\u00e0 telematica<\/p>\n<p>&nbsp;<\/p>\n<p>Di particolare rilevanza per la scelta di questi titoli, in questa fase della kermesse, \u00e8 stato il lavoro degli esperti chiamati a selezionare i libri. Come noto, il ruolo di Presidente \u00e8 ricoperto da Valentina Farinaccio, vincitrice della VI Edizione (2017) di Adotta un Esordiente con il libro dal titolo \u201cLa strada del ritorno \u00e8 sempre pi\u00f9 corta\u201d (editore Mondadori). L\u2019importante carica \u00e8 stata assegnata alla scrittrice in base al nuovo regolamento del concorso che, a partire da quest\u2019anno, pone al vertice della Commissione uno a rotazione tra gli autori che hanno vincto le passate edizioni.<\/p>\n<p>&nbsp;<\/p>\n<p>Come gi\u00e0 annunciato, la consegna dei libri agli alunni delle scuole coinvolte avverr\u00e0 nella massima sicurezza, con l\u2019eventuale scambio dei testi che sar\u00e0 effettuato previa sanificazione degli stessi e attraverso successive modalit\u00e0 che vedranno coinvolti i docenti referenti delle scuole partecipanti. Inoltre questa decima edizione ha aperto per la prima volta in assoluto la partecipazione ad Adotta un esordiente a tutti gli appassionati di lettura che vorranno partecipare al progetto. Per tutti gli interessati sar\u00e0 sufficiente contattare gli organizzatori per essere accreditati tra tutti coloro che contribuiranno con un personale giudizio, espresso nelle modalit\u00e0 previste dal concorso, a stilare la classifica finale.<\/p>\n<p>&nbsp;<\/p>\n<p>Per quanti fossero interessati a ricevere informazioni restano a disposizione il numero di cellulare 349.71.85.690 oppure l\u2019indirizzo email: tabernalibraria@libero.it.<\/p>\n<p>&nbsp;<\/p>\n<p>Intanto, nei prossimi giorni, nel periodo tra Natale e Capodanno 2021 con data che sar\u00e0 comunicata successivamente, si terr\u00e0, in modalit\u00e0 on-line, la proclamazione ufficiale del vincitore della IX edizione di Adotta un esordiente. Sar\u00e0 possibile finalmente conoscere quale libro tra \u201cBenevolenza cosmica\u201d di Fabio Bac\u00e0 (Edizioni Adelphi), \u201cNiente caff\u00e8 per Spinoza\u201d di Alice Cappagli (Edizioni Einaudi) e \u201cTutto chiuso tranne il cielo\u201d di Eleonora C. Caruso (Edizioni Mondadori) si \u00e8 aggiudicato il trofeo della stagione 2019\/2020.<\/p>\n<p>&nbsp;<\/p>\n<p>Ufficio Stampa SummerTime \u2013 Animazione &amp; Spettacolo<br \/>\nPer Taberna Libraria<\/p>\n","protected":false},"excerpt":{"rendered":"<p>Un intenso periodo di attivit\u00e0 quello che nelle ultime settimane ha visto impegnata l\u2019intera squadra di Adotta un Esordiente, il concorso letterario basato sulle opere prime di esordienti nel panorama librario nazionale dedicato alle scuole secondarie di secondo grado, promosso e organizzato dalla Taberna Libraria di Latiano in collaborazione con De Vivo Home Design, il Collegio Universitario di Merito IPE Poggiolevante, Media Partner Idea Radio e il cui regolamento gode, tra gli altri, del patrocinio della Capitale della Cultura Europea 2019 Citt\u00e0 di Matera. &nbsp; Proprio negli ultimi giorni, la Commissione Esaminatrice ha completato la selezione dei libri che compongono la cosiddetta sestina, cio\u00e8 i sei libri che, dopo attenta valutazione, hanno guadagnato l\u2019accesso alla fase finale della X edizione dell\u2019ormai consolidata competizione letteraria. &nbsp; Si tratta di \u201cIl mare \u00e8 rotondo\u201d di Elvis Malaj (Edizioni Rizzoli), \u201cNon \u00e8 vero che non siamo stati felici\u201d di Irene Salvatori (Edizioni Bollati Boringhieri), \u201cTeresa degli Oracoli\u201d di Arianna Cecconi (Edizioni Feltrinelli), \u201cGli Scomparsi\u201d di Elisa Tripaldi (Edizioni Rizzoli), \u201cConosci l\u2019estate\u201d di Simona&#8230;<\/p>\n","protected":false},"author":2,"featured_media":180481,"comment_status":"open","ping_status":"closed","sticky":false,"template":"","format":"standard","meta":{"footnotes":""},"categories":[7],"tags":[],"class_list":["post-180480","post","type-post","status-publish","format-standard","has-post-thumbnail","hentry","category-news"],"_links":{"self":[{"href":"https:\/\/www.brundisium.net\/index.php\/wp-json\/wp\/v2\/posts\/180480","targetHints":{"allow":["GET"]}}],"collection":[{"href":"https:\/\/www.brundisium.net\/index.php\/wp-json\/wp\/v2\/posts"}],"about":[{"href":"https:\/\/www.brundisium.net\/index.php\/wp-json\/wp\/v2\/types\/post"}],"author":[{"embeddable":true,"href":"https:\/\/www.brundisium.net\/index.php\/wp-json\/wp\/v2\/users\/2"}],"replies":[{"embeddable":true,"href":"https:\/\/www.brundisium.net\/index.php\/wp-json\/wp\/v2\/comments?post=180480"}],"version-history":[{"count":1,"href":"https:\/\/www.brundisium.net\/index.php\/wp-json\/wp\/v2\/posts\/180480\/revisions"}],"predecessor-version":[{"id":180488,"href":"https:\/\/www.brundisium.net\/index.php\/wp-json\/wp\/v2\/posts\/180480\/revisions\/180488"}],"wp:featuredmedia":[{"embeddable":true,"href":"https:\/\/www.brundisium.net\/index.php\/wp-json\/wp\/v2\/media\/180481"}],"wp:attachment":[{"href":"https:\/\/www.brundisium.net\/index.php\/wp-json\/wp\/v2\/media?parent=180480"}],"wp:term":[{"taxonomy":"category","embeddable":true,"href":"https:\/\/www.brundisium.net\/index.php\/wp-json\/wp\/v2\/categories?post=180480"},{"taxonomy":"post_tag","embeddable":true,"href":"https:\/\/www.brundisium.net\/index.php\/wp-json\/wp\/v2\/tags?post=180480"}],"curies":[{"name":"wp","href":"https:\/\/api.w.org\/{rel}","templated":true}]}}