{"id":18054,"date":"2014-07-18T23:03:12","date_gmt":"2014-07-18T21:03:12","guid":{"rendered":"http:\/\/www.brundisium.net\/brun\/?p=18054"},"modified":"2016-07-04T17:56:12","modified_gmt":"2016-07-04T15:56:12","slug":"lestate-e-il-bon-ton-di-guido-giampietro","status":"publish","type":"post","link":"https:\/\/www.brundisium.net\/index.php\/lestate-e-il-bon-ton-di-guido-giampietro\/","title":{"rendered":"L\u2019estate e il bon ton. Di Guido Giampietro"},"content":{"rendered":"<p><a href=\"http:\/\/www.brundisium.net\/brun\/wp-content\/uploads\/2014\/07\/bullo-da-spiaggia.jpg\"><img loading=\"lazy\" decoding=\"async\" class=\"alignleft size-full wp-image-18060\" src=\"http:\/\/www.brundisium.net\/brun\/wp-content\/uploads\/2014\/07\/bullo-da-spiaggia.jpg\" alt=\"bullo-da-spiaggia\" width=\"216\" height=\"295\" data-id=\"18060\" \/><\/a>L\u2019estate, diceva Claudio Magris (Naufraghi d\u2019agosto, come pesci in mare), \u00ab<em>\u00e8 una stagione da posizione orizzontale, cullati dalle onde o ascoltando il loro rompersi sulla riva confuso con l\u2019incessante canto delle cicale\u2026<\/em>\u00bb.<\/p>\n<p>Dunque una \u201cposizione orizzontale\u201d, da mare, preferibilmente sotto un ombrellone, con accanto \u02d7 ghiacciati al punto giusto \u02d7 un Mojito, o un Margarita, o un Caipiroska alla fragola.<\/p>\n<p>Ma pu\u00f2 essere anche una posizione orizzontale da campagna, cullati da una amaca stesa tra due ulivi argentati, mentre le cicale (sempre loro!) intonano struggenti canzoni d\u2019amore.<\/p>\n<p>O da montagna, con le spalle inumidite da una erbetta-moquette e gli occhi a inseguire le nuvole in un cielo sgombro da veleni.<\/p>\n<p>&nbsp;<\/p>\n<p>Ma in citt\u00e0? Non solo non \u00e8 consentita la posizione orizzontale ai (molti) dannati rimasti a lavorare o a guardare alla TV l\u2019estate degli altri, ma quella verticale (propria di chi sgambetta sull\u2019asfalto liquido) si tramuta \u02d7 per ripicca? \u02d7 nell\u2019(ab)uso di abbigliamenti poco consoni al rispetto che si deve al resto dell\u2019umanit\u00e0.<\/p>\n<p>Per questo motivo in citt\u00e0, d\u2019estate, c\u2019\u00e8 una preoccupante caduta di stile. Meglio: si assiste al trionfo della maleducazione e della cafonaggine.<\/p>\n<p>Non che la volgarit\u00e0 riguardi, come un segno zodiacale, soltanto luglio e agosto. Si pu\u00f2 essere cafoni anche a gennaio e a ottobre (e in effetti lo si \u00e8 per altri motivi). Per\u00f2 sole, vita all\u2019aria aperta, movida notturna, voglia di divertirsi e alzare il volume in senso lato, trovano proprio in questo periodo dell\u2019anno la loro \u201calta stagione\u201d zoticona e trasversale, in quanto non risparmia nessuna categoria.<\/p>\n<p>&nbsp;<\/p>\n<p><a href=\"http:\/\/www.brundisium.net\/brun\/wp-content\/uploads\/2014\/07\/Morello_Lorenza1.jpg\"><img loading=\"lazy\" decoding=\"async\" class=\"alignright size-medium wp-image-18062\" src=\"http:\/\/www.brundisium.net\/brun\/wp-content\/uploads\/2014\/07\/Morello_Lorenza1-216x300.jpg\" alt=\"Morello_Lorenza[1]\" width=\"216\" height=\"300\" data-id=\"18062\" srcset=\"https:\/\/www.brundisium.net\/brun\/wp-content\/uploads\/2014\/07\/Morello_Lorenza1-216x300.jpg 216w, https:\/\/www.brundisium.net\/brun\/wp-content\/uploads\/2014\/07\/Morello_Lorenza1-737x1024.jpg 737w, https:\/\/www.brundisium.net\/brun\/wp-content\/uploads\/2014\/07\/Morello_Lorenza1.jpg 800w\" sizes=\"auto, (max-width: 216px) 100vw, 216px\" \/><\/a>A Brindisi \u00e8 stato il Presidente del Tribunale, Francesco Giardino, a lanciare una campagna fustigatrice (probabilmente unica in Italia) all\u2019indirizzo di quanti \u02d7 addetti ai lavori e occasionali visitatori \u02d7 varcano la soglia del Palazzo. Un elenco particolareggiato (nel quale spiccano minigonne, hot shorts, bermuda, ciabattine infradito e bretelline reggiseno ammiccanti da vistosi scolli asimmetrici), regolarmente protocollato e affisso laddove sostano i vigilanti del servizio di portineria, richiama all\u2019uso di un abbigliamento in linea con l\u2019austerit\u00e0 delle aule di giustizia.<\/p>\n<p>Non metto minimamente in dubbio la bont\u00e0 (e la necessit\u00e0) di un simile provvedimento che per\u00f2 offre il fianco a critiche circa la sua applicabilit\u00e0. Demandare infatti ai vigilanti il compito di ergersi a censori dei costumi appare quanto meno arduo.<\/p>\n<p>E pensare che le estati, da che mondo \u00e8 mondo, sono state sempre uguali (a parte le bombe d\u2019acqua di oggi).<\/p>\n<p>Ma venti-trenta anni fa, erano pochi quelli che vestivano scompostamente e, per metterli in riga, non c\u2019era bisogno di editti e sanzioni, ad eccezione di quelle comminate dai parroci. Questi, infatti, per l\u2019ingresso nelle chiese, esigevano che le spalle delle donne fossero coperte almeno da uno scialle. Per le spose, invece, non era sufficiente nemmeno quello!<\/p>\n<p>&nbsp;<\/p>\n<p>La possibilit\u00e0 che l\u2019abbigliamento possa provocare anche solo imbarazzo in chi ci sta vicino configura, gi\u00e0 di per s\u00e9, un caso di maleducazione. E quando l\u2019esempio viene dall\u2019alto \u02d7 mi riferisco a politici e vip dello spettacolo \u02d7 la cafonaggine \u00e8 ancora pi\u00f9 imperdonabile perch\u00e9 camuffata da apparenze per bene, salvo poi rivelarsi \u201csenza rete\u201d nel modo di parlare e di proporsi.<\/p>\n<p>&nbsp;<\/p>\n<p><a href=\"http:\/\/www.brundisium.net\/brun\/wp-content\/uploads\/2014\/07\/carlo_verdone.jpg\"><img loading=\"lazy\" decoding=\"async\" class=\"alignleft wp-image-18061 size-medium\" src=\"http:\/\/www.brundisium.net\/brun\/wp-content\/uploads\/2014\/07\/carlo_verdone-300x188.jpg\" alt=\"carlo_verdone\" width=\"300\" height=\"188\" data-id=\"18061\" srcset=\"https:\/\/www.brundisium.net\/brun\/wp-content\/uploads\/2014\/07\/carlo_verdone-300x188.jpg 300w, https:\/\/www.brundisium.net\/brun\/wp-content\/uploads\/2014\/07\/carlo_verdone-112x70.jpg 112w, https:\/\/www.brundisium.net\/brun\/wp-content\/uploads\/2014\/07\/carlo_verdone.jpg 493w\" sizes=\"auto, (max-width: 300px) 100vw, 300px\" \/><\/a>Ma dove la maleducazione dilaga \u00e8 tra la gente comune, non fosse altro che per una questione di numero.<\/p>\n<p>Giusto per prevenire situazioni di potenziale cafonaggine quotidiana provo a stendere un decalogo-memorandum di base. Quasi certamente inutile alla redenzione degli incalliti buzzurri perch\u00e9 le \u201csconvenienze\u201d sono come i doveri morali che ci suggerisce la coscienza: si avvertono da parte di tutti, ma poi ci si comporta in maniera diametralmente opposta.<\/p>\n<p>E, per favore, non si prenda ad esempio la massima di vita di Hemingway: \u00ab<em>Per il momento, riguardo alla morale, so solo che \u00e8 morale ci\u00f2 che mi fa sentir bene e immorale ci\u00f2 che mi fa sentir male dopo che l\u2019ho fatto<\/em>\u00bb.<\/p>\n<p>&nbsp;<\/p>\n<p>All\u2019inizio della lista di ci\u00f2 che non va fatto metto la moda del conversare inforcando maxi occhiali con lenti scure o a specchio. Dico subito che fa molto cartello di Medellin&#8230; Anche se gli occhi non sono cos\u00ec splendenti come quelli di Lesbia, ai quali Catullo affibbi\u00f2 l\u2019appellativo di boopis (\u201cocchi di giovenca\u201d), \u00e8 da persone educate lasciarli vedere, limitando l\u2019uso dei vetri scuri ai casi di conclamata congiuntivite o in occasione delle eclissi di sole.<\/p>\n<p>E se \u00e8 vero che l\u2019estate si traduce in una esplosione di luce e colori non \u00e8 detto che si debba esagerare. \u00c8 opportuno, perci\u00f2, rinunciare a un abbigliamento a base di turchese, fucsia, giallo acido, verde ramarro; ad acconciature a colpi di mesce color arcobaleno dopo un temporale estivo; ad abbronzature tendenti al cuoio scuro.<\/p>\n<p>Questi accorgimenti \u02d7 presi singolarmente o, peggio, tutti insieme \u02d7 non sono indici di alta raffinatezza, checch\u00e9 ne dicano i giornali da scoop.<\/p>\n<p>&nbsp;<\/p>\n<p>Tra le negativit\u00e0 dell\u2019estate un posto particolare va poi riservato agli spregiudicati raccontatori di barzellette che, con allusioni e turpiloquio, abbassano paurosamente l\u2019asticella del buon gusto. Ma non solo a loro. Ch\u00e9 gli scomposti e ridanciani commenti degli occasionali ascoltatori non fanno che accrescere l\u2019imbarazzo di chi, incolpevolmente, si trova nel raggio uditivo di queste sconcezze verbali.<\/p>\n<p>&nbsp;<\/p>\n<p><a href=\"http:\/\/www.brundisium.net\/brun\/wp-content\/uploads\/2014\/07\/bossi-canotta-bianca.jpg\"><img loading=\"lazy\" decoding=\"async\" class=\"alignright size-medium wp-image-18058\" src=\"http:\/\/www.brundisium.net\/brun\/wp-content\/uploads\/2014\/07\/bossi-canotta-bianca-300x289.jpg\" alt=\"bossi-canotta-bianca\" width=\"300\" height=\"289\" data-id=\"18058\" srcset=\"https:\/\/www.brundisium.net\/brun\/wp-content\/uploads\/2014\/07\/bossi-canotta-bianca-300x289.jpg 300w, https:\/\/www.brundisium.net\/brun\/wp-content\/uploads\/2014\/07\/bossi-canotta-bianca.jpg 404w\" sizes=\"auto, (max-width: 300px) 100vw, 300px\" \/><\/a>Naturalmente deambulare nel fuori spiaggia in costume da bagno o con asciugamani-pareo, non regala un\u2019allure elegante.<\/p>\n<p>Le nostre spiagge sono oramai lontane dalla citt\u00e0 e tuttavia non \u00e8 raro imbattersi in qualche turista (per giunta di et\u00e0 avanzata) che si sente in obbligo di mostrare le proprie grazie. Della canottiera sarebbe anche inutile parlare. Rilanciata da Bossi (ex Segretario politico, ex Ministro della Repubblica, ecc.) come divisa padana, oggi \u00e8 molto praticata da estremisti del muscolo tatuato.<\/p>\n<p>E che dire dei barbecue all\u2019aperto? Amato da chi ce l\u2019ha, odiato dal condominio (specialmente dai vegetariani e dai vegani) in relazione all\u2019affumicatura sistematica del circondario. Se proprio non si vuole andare sui piatti freddi, quantomeno bisognerebbe adottare tutte le precauzioni per non creare problemi ai vicini.<\/p>\n<p>&nbsp;<\/p>\n<p>Dove per\u00f2 si registra il picco pi\u00f9 alto della cafonaggine \u00e8 nel ricorso sproporzionato ed esibito del rumore: da quello degli squilli dei telefonini e delle conversazioni private offerte a costo zero a un pubblico in tutt\u2019altre faccende affaccendato; a quello delle radio delle auto con il volume a palla e degli impianti di amplificazione dei locali pubblici, al massimo dei decibel; alle voci assordanti che gareggiano a superarsi negli angusti spazi dei ristoranti; e via di questo passo.<\/p>\n<p>&nbsp;<\/p>\n<p>Ecco, tutto questo \u00e8 cafonaggine e buona parte di questa \u00e8 addebitabile proprio all\u2019estate.<\/p>\n<p>Un po\u2019 perch\u00e9 il caldo e l\u2019aria di vacanza (anche quella \u201cforzata\u201d in citt\u00e0) rallentano i freni inibitori, e un po\u2019 perch\u00e9 nelle altre stagioni ci facciamo notare di meno.<\/p>\n<p>&nbsp;<\/p>\n<p>Credo che non farebbe male riflettere su questo aforisma di Oscar Wilde: \u00ab<em>Ci sono soltanto due cose inspiegabili: la morte e la volgarit\u00e0<\/em>\u00bb.<\/p>\n<p>E se alla morte, come si suole dire, non c\u2019\u00e8 rimedio, per sconfiggere la volgarit\u00e0 basta solo la buona volont\u00e0.<\/p>\n<p>&nbsp;<\/p>\n<p><strong>Guido Giampietro<\/strong><\/p>\n","protected":false},"excerpt":{"rendered":"<p>L\u2019estate, diceva Claudio Magris (Naufraghi d\u2019agosto, come pesci in mare), \u00ab\u00e8 una stagione da posizione orizzontale, cullati dalle onde o ascoltando il loro rompersi sulla riva confuso con l\u2019incessante canto delle cicale\u2026\u00bb. Dunque una \u201cposizione orizzontale\u201d, da mare, preferibilmente sotto un ombrellone, con accanto \u02d7 ghiacciati al punto giusto \u02d7 un Mojito, o un Margarita, o un Caipiroska alla fragola. Ma pu\u00f2 essere anche una posizione orizzontale da campagna, cullati da una amaca stesa tra due ulivi argentati, mentre le cicale (sempre loro!) intonano struggenti canzoni d\u2019amore. O da montagna, con le spalle inumidite da una erbetta-moquette e gli occhi a inseguire le nuvole in un cielo sgombro da veleni. &nbsp; Ma in citt\u00e0? Non solo non \u00e8 consentita la posizione orizzontale ai (molti) dannati rimasti a lavorare o a guardare alla TV l\u2019estate degli altri, ma quella verticale (propria di chi sgambetta sull\u2019asfalto liquido) si tramuta \u02d7 per ripicca? \u02d7 nell\u2019(ab)uso di abbigliamenti poco consoni al rispetto che si deve al resto dell\u2019umanit\u00e0. Per questo motivo in citt\u00e0, d\u2019estate,&#8230;<\/p>\n","protected":false},"author":2,"featured_media":18063,"comment_status":"open","ping_status":"open","sticky":false,"template":"","format":"standard","meta":{"footnotes":""},"categories":[3129,9],"tags":[18],"class_list":["post-18054","post","type-post","status-publish","format-standard","has-post-thumbnail","hentry","category-guido-giampietro","category-interventi","tag-guido-giampietro"],"_links":{"self":[{"href":"https:\/\/www.brundisium.net\/index.php\/wp-json\/wp\/v2\/posts\/18054","targetHints":{"allow":["GET"]}}],"collection":[{"href":"https:\/\/www.brundisium.net\/index.php\/wp-json\/wp\/v2\/posts"}],"about":[{"href":"https:\/\/www.brundisium.net\/index.php\/wp-json\/wp\/v2\/types\/post"}],"author":[{"embeddable":true,"href":"https:\/\/www.brundisium.net\/index.php\/wp-json\/wp\/v2\/users\/2"}],"replies":[{"embeddable":true,"href":"https:\/\/www.brundisium.net\/index.php\/wp-json\/wp\/v2\/comments?post=18054"}],"version-history":[{"count":3,"href":"https:\/\/www.brundisium.net\/index.php\/wp-json\/wp\/v2\/posts\/18054\/revisions"}],"predecessor-version":[{"id":18064,"href":"https:\/\/www.brundisium.net\/index.php\/wp-json\/wp\/v2\/posts\/18054\/revisions\/18064"}],"wp:featuredmedia":[{"embeddable":true,"href":"https:\/\/www.brundisium.net\/index.php\/wp-json\/wp\/v2\/media\/18063"}],"wp:attachment":[{"href":"https:\/\/www.brundisium.net\/index.php\/wp-json\/wp\/v2\/media?parent=18054"}],"wp:term":[{"taxonomy":"category","embeddable":true,"href":"https:\/\/www.brundisium.net\/index.php\/wp-json\/wp\/v2\/categories?post=18054"},{"taxonomy":"post_tag","embeddable":true,"href":"https:\/\/www.brundisium.net\/index.php\/wp-json\/wp\/v2\/tags?post=18054"}],"curies":[{"name":"wp","href":"https:\/\/api.w.org\/{rel}","templated":true}]}}