{"id":180730,"date":"2020-12-23T13:08:02","date_gmt":"2020-12-23T12:08:02","guid":{"rendered":"https:\/\/www.brundisium.net\/?p=180730"},"modified":"2020-12-23T16:13:32","modified_gmt":"2020-12-23T15:13:32","slug":"gli-auguri-del-consiglio-comunale-dei-ragazzi-di-brindisi-con-la-pubblicazione-brindisichiama","status":"publish","type":"post","link":"https:\/\/www.brundisium.net\/index.php\/gli-auguri-del-consiglio-comunale-dei-ragazzi-di-brindisi-con-la-pubblicazione-brindisichiama\/","title":{"rendered":"Gli auguri del Consiglio Comunale dei Ragazzi di Brindisi con la pubblicazione #BrindisiChiama"},"content":{"rendered":"<p><a href=\"https:\/\/www.brundisium.net\/brun\/wp-content\/uploads\/2020\/12\/brindisichiama-copertina-opuscolo.jpg\"><img loading=\"lazy\" decoding=\"async\" class=\"alignleft size-medium wp-image-180731\" src=\"https:\/\/www.brundisium.net\/brun\/wp-content\/uploads\/2020\/12\/brindisichiama-copertina-opuscolo-207x300.jpg\" alt=\"\" width=\"207\" height=\"300\" srcset=\"https:\/\/www.brundisium.net\/brun\/wp-content\/uploads\/2020\/12\/brindisichiama-copertina-opuscolo-207x300.jpg 207w, https:\/\/www.brundisium.net\/brun\/wp-content\/uploads\/2020\/12\/brindisichiama-copertina-opuscolo.jpg 546w\" sizes=\"auto, (max-width: 207px) 100vw, 207px\" \/><\/a>#BrindisiChiama, la call lanciata dal Servizio \u201cLa Citt\u00e0 dei Ragazzi\u201d lo scorso 20 novembre in occasione della \u201cGiornata Internazionale per i Diritti dell\u2019Infanzia e dell\u2019Adolescenza\u201d, diventa un instant book da oggi on line (sfogliabile al link: https:\/\/bit.ly\/3pf80NJ). Un omaggio da parte dei membri dell&#8217;uscente Consiglio Comunale dei Ragazzi ai propri coetanei e alla cittadinanza intera, proprio mentre prende il via la campagna elettorale per i Consigli Scolastici dei Ragazzi.<\/p>\n<p>&nbsp;<\/p>\n<p>In un autunno ricco di incontri, scambi, occasioni di riflessione e partecipazione attiva, nonostante le difficolt\u00e0 del momento, i ragazzi di tutte le scuole della citt\u00e0 non hanno perso l&#8217;occasione di esprimersi in merito a un tema che gli sta molto a cuore: i propri diritti. Nasce cos\u00ec un instant book ricco di idee, riflessioni sulla citt\u00e0 e proposte, ma anche una limpida e diretta richiesta di complicit\u00e0 e impegno rivolta agli adulti. Tanti i diritti citati nella raccolta, tra questi: avere una famiglia, istruzione, essere felici, vivere in un mondo pulito, bellezza, pace, gioco, sport, privacy e informazione.<\/p>\n<p>&nbsp;<\/p>\n<p>Nelle pagine della pubblicazione, viene dato spazio agli interventi del Sindaco di Brindisi Riccardo Rossi, dell&#8217;Assessore al Welfare e ai Servizi Sociali Isabella Lettori, del Presidente del Consiglio Comunale Giuseppe Cellie, delle insegnanti Amelia Carluccio, Claudia Massagli e Anna Lacitignola. Attraverso un linguaggio semplice, i ragazzi e le ragazze delle scuole della citt\u00e0 lanciano un invito: osservare Brindisi dal punto di vista dei pi\u00f9 giovani, dare valore al loro impegno, alle loro aspettative, alle speranze e ai sogni.<\/p>\n<p>&nbsp;<\/p>\n<p>Il Servizio \u201cLa Citt\u00e0 dei Ragazzi\u201d, un \u201cluogo non luogo\u201d in un momento di emergenza sanitaria, \u00e8 riuscito ad \u201caggregare\u201d 4.200 studenti e 180 classi di tutti gli Istituti Comprensivi della citt\u00e0 lungo un percorso di cittadinanza, democrazia e responsabilit\u00e0 che ha portato alla scelta dei candidati alle elezioni dei nuovi Consigli Scolastici dei Ragazzi. Da ottobre a dicembre sono stati circa 280 gli incontri svolti in presenza, presso le scuole della citt\u00e0, presso il Centro di Aggregazione Giovanile del quartiere Paradiso, presso il Centro Anziani del quartiere Bozzano, e in remoto per andare incontro a tutti quei genitori che hanno espressamente chiesto che i propri figli potessero partecipare \u201ca distanza\u201d.<\/p>\n<p>&nbsp;<\/p>\n<p><a href=\"https:\/\/www.brundisium.net\/brun\/wp-content\/uploads\/2020\/12\/Brindisichiama-diritto-alla-famiglia.jpg\"><img loading=\"lazy\" decoding=\"async\" class=\"size-medium wp-image-180733 alignright\" src=\"https:\/\/www.brundisium.net\/brun\/wp-content\/uploads\/2020\/12\/Brindisichiama-diritto-alla-famiglia-300x206.jpg\" alt=\"\" width=\"300\" height=\"206\" srcset=\"https:\/\/www.brundisium.net\/brun\/wp-content\/uploads\/2020\/12\/Brindisichiama-diritto-alla-famiglia-300x206.jpg 300w, https:\/\/www.brundisium.net\/brun\/wp-content\/uploads\/2020\/12\/Brindisichiama-diritto-alla-famiglia-1024x702.jpg 1024w, https:\/\/www.brundisium.net\/brun\/wp-content\/uploads\/2020\/12\/Brindisichiama-diritto-alla-famiglia-768x527.jpg 768w, https:\/\/www.brundisium.net\/brun\/wp-content\/uploads\/2020\/12\/Brindisichiama-diritto-alla-famiglia.jpg 1184w\" sizes=\"auto, (max-width: 300px) 100vw, 300px\" \/><\/a>La disponibilit\u00e0 incondizionata dei Dirigenti Scolastici, dei Docenti, delle famiglie ha permesso all\u2019\u00e9quipe degli operatori di incontrare gli studenti che, con attenzione, cura e meticolosit\u00e0 hanno scelto, all\u2019interno delle proprie classi, i compagni e le compagne che potranno \u201cdegnamente\u201d rappresentarli all\u2019interno dei singoli Consigli Scolastici e del futuro nuovo Consiglio Comunale.<\/p>\n<p>&nbsp;<\/p>\n<p>L\u2019incertezza generale vissuta non ha fermato quindi la voglia dei bambini e dei ragazzi di stare insieme, rispettando precisi protocolli anti-contagio, di pensare e progettare una citt\u00e0 migliore e di scegliere i compagni con tutte le qualit\u00e0 che sono utili ad un \u201cbuon amministratore\u201d. Prende cos\u00ec il via la campagna elettorale che porter\u00e0 all\u2019elezione dei singoli Consigli Scolastici. (\u00c8 possibile visionare i manifesti delle liste al seguente link: https:\/\/bit.ly\/3aCEhdt)<\/p>\n<p>&nbsp;<\/p>\n<p>L&#8217;iniziativa \u00e8 promossa dal Comune di Brindisi &#8211; Presidenza del Consiglio e Assessorato alle Politiche Sociali, Ambito Brindisi-S. Vito dei Normanni, in collaborazione con il Servizio \u201cLa Citt\u00e0 dei Ragazzi\u201d (gestito dalla Coop Sociale Amani).<\/p>\n<p>Un Natale di serenit\u00e0 e Buone Feste a tutte le Famiglie di Brindisi.<\/p>\n<p>&nbsp;<\/p>\n<p>&nbsp;<\/p>\n<p>Amani Coop. Sociale \u201cLa Citt\u00e0 dei Ragazzi\u201d<\/p>\n<p>Canali social: amanibrindisi (Facebook); @amanibrindisi (Instagram).<\/p>\n","protected":false},"excerpt":{"rendered":"<p>#BrindisiChiama, la call lanciata dal Servizio \u201cLa Citt\u00e0 dei Ragazzi\u201d lo scorso 20 novembre in occasione della \u201cGiornata Internazionale per i Diritti dell\u2019Infanzia e dell\u2019Adolescenza\u201d, diventa un instant book da oggi on line (sfogliabile al link: https:\/\/bit.ly\/3pf80NJ). Un omaggio da parte dei membri dell&#8217;uscente Consiglio Comunale dei Ragazzi ai propri coetanei e alla cittadinanza intera, proprio mentre prende il via la campagna elettorale per i Consigli Scolastici dei Ragazzi. &nbsp; In un autunno ricco di incontri, scambi, occasioni di riflessione e partecipazione attiva, nonostante le difficolt\u00e0 del momento, i ragazzi di tutte le scuole della citt\u00e0 non hanno perso l&#8217;occasione di esprimersi in merito a un tema che gli sta molto a cuore: i propri diritti. Nasce cos\u00ec un instant book ricco di idee, riflessioni sulla citt\u00e0 e proposte, ma anche una limpida e diretta richiesta di complicit\u00e0 e impegno rivolta agli adulti. Tanti i diritti citati nella raccolta, tra questi: avere una famiglia, istruzione, essere felici, vivere in un mondo pulito, bellezza, pace, gioco, sport, privacy e informazione. &nbsp;&#8230;<\/p>\n","protected":false},"author":2,"featured_media":180732,"comment_status":"open","ping_status":"closed","sticky":false,"template":"","format":"standard","meta":{"footnotes":""},"categories":[7],"tags":[],"class_list":["post-180730","post","type-post","status-publish","format-standard","has-post-thumbnail","hentry","category-news"],"_links":{"self":[{"href":"https:\/\/www.brundisium.net\/index.php\/wp-json\/wp\/v2\/posts\/180730","targetHints":{"allow":["GET"]}}],"collection":[{"href":"https:\/\/www.brundisium.net\/index.php\/wp-json\/wp\/v2\/posts"}],"about":[{"href":"https:\/\/www.brundisium.net\/index.php\/wp-json\/wp\/v2\/types\/post"}],"author":[{"embeddable":true,"href":"https:\/\/www.brundisium.net\/index.php\/wp-json\/wp\/v2\/users\/2"}],"replies":[{"embeddable":true,"href":"https:\/\/www.brundisium.net\/index.php\/wp-json\/wp\/v2\/comments?post=180730"}],"version-history":[{"count":1,"href":"https:\/\/www.brundisium.net\/index.php\/wp-json\/wp\/v2\/posts\/180730\/revisions"}],"predecessor-version":[{"id":180734,"href":"https:\/\/www.brundisium.net\/index.php\/wp-json\/wp\/v2\/posts\/180730\/revisions\/180734"}],"wp:featuredmedia":[{"embeddable":true,"href":"https:\/\/www.brundisium.net\/index.php\/wp-json\/wp\/v2\/media\/180732"}],"wp:attachment":[{"href":"https:\/\/www.brundisium.net\/index.php\/wp-json\/wp\/v2\/media?parent=180730"}],"wp:term":[{"taxonomy":"category","embeddable":true,"href":"https:\/\/www.brundisium.net\/index.php\/wp-json\/wp\/v2\/categories?post=180730"},{"taxonomy":"post_tag","embeddable":true,"href":"https:\/\/www.brundisium.net\/index.php\/wp-json\/wp\/v2\/tags?post=180730"}],"curies":[{"name":"wp","href":"https:\/\/api.w.org\/{rel}","templated":true}]}}