{"id":180885,"date":"2020-12-28T17:11:54","date_gmt":"2020-12-28T16:11:54","guid":{"rendered":"https:\/\/www.brundisium.net\/?p=180885"},"modified":"2020-12-28T16:15:13","modified_gmt":"2020-12-28T15:15:13","slug":"legge-di-bilancio-amati-prorogato-il-recupero-di-sottotetti-porticati-locali-seminterrati","status":"publish","type":"post","link":"https:\/\/www.brundisium.net\/index.php\/legge-di-bilancio-amati-prorogato-il-recupero-di-sottotetti-porticati-locali-seminterrati\/","title":{"rendered":"Legge di Bilancio, Amati: \u201cProrogato il recupero di sottotetti, porticati, locali seminterrati\u201d"},"content":{"rendered":"<p>\u201cProrogato al 31 dicembre 2021 il termine per il recupero dei sottotetti destinato a usi connessi alla residenza, dei porticati a piano terra o piano rialzato da destinare prioritariamente a usi terziari e commerciali, dei locali seminterrati da destinare a uso residenziale e dei locali seminterrati e interrati da destinare a uso terziario e commerciale. Lo ha stabilito la legge di Bilancio regionale accogliendo un mio emendamento, sottoscritto anche dal collega Francesco Paolicelli\u201d.<br \/>\nLo comunica il presidente della Commissione bilancio e programmazione Fabiano Amati.<br \/>\n\u201cQuesta norma, assieme al Piano casa, ha l\u2019obiettivo sia di dare sostegno e impulso all\u2019attivit\u00e0 edilizia, sia di migliorare la qualit\u00e0 del patrimonio edilizio di zone residenziali e aree pubbliche attraverso il recupero di sottotetti, porticati, locali seminterrati e interviene su immobili esistenti. La norma inoltre pone l\u2019attenzione su uno dei settori a pi\u00f9 alta densit\u00e0 di posti di lavoro. Il compito di un amministratore pubblico \u00e8 proprio quello di favorire la produzione elaborando idee per tenere in moto l\u2019economia e magari riuscire a darle maggiore potenza\u201d.<\/p>\n<p>\/comunicato<\/p>\n","protected":false},"excerpt":{"rendered":"<p>\u201cProrogato al 31 dicembre 2021 il termine per il recupero dei sottotetti destinato a usi connessi alla residenza, dei porticati a piano terra o piano rialzato da destinare prioritariamente a usi terziari e commerciali, dei locali seminterrati da destinare a uso residenziale e dei locali seminterrati e interrati da destinare a uso terziario e commerciale. Lo ha stabilito la legge di Bilancio regionale accogliendo un mio emendamento, sottoscritto anche dal collega Francesco Paolicelli\u201d. Lo comunica il presidente della Commissione bilancio e programmazione Fabiano Amati. \u201cQuesta norma, assieme al Piano casa, ha l\u2019obiettivo sia di dare sostegno e impulso all\u2019attivit\u00e0 edilizia, sia di migliorare la qualit\u00e0 del patrimonio edilizio di zone residenziali e aree pubbliche attraverso il recupero di sottotetti, porticati, locali seminterrati e interviene su immobili esistenti. La norma inoltre pone l\u2019attenzione su uno dei settori a pi\u00f9 alta densit\u00e0 di posti di lavoro. Il compito di un amministratore pubblico \u00e8 proprio quello di favorire la produzione elaborando idee per tenere in moto l\u2019economia e magari riuscire a darle maggiore&#8230;<\/p>\n","protected":false},"author":2,"featured_media":124150,"comment_status":"open","ping_status":"closed","sticky":false,"template":"","format":"standard","meta":{"footnotes":""},"categories":[7],"tags":[],"class_list":["post-180885","post","type-post","status-publish","format-standard","has-post-thumbnail","hentry","category-news"],"_links":{"self":[{"href":"https:\/\/www.brundisium.net\/index.php\/wp-json\/wp\/v2\/posts\/180885","targetHints":{"allow":["GET"]}}],"collection":[{"href":"https:\/\/www.brundisium.net\/index.php\/wp-json\/wp\/v2\/posts"}],"about":[{"href":"https:\/\/www.brundisium.net\/index.php\/wp-json\/wp\/v2\/types\/post"}],"author":[{"embeddable":true,"href":"https:\/\/www.brundisium.net\/index.php\/wp-json\/wp\/v2\/users\/2"}],"replies":[{"embeddable":true,"href":"https:\/\/www.brundisium.net\/index.php\/wp-json\/wp\/v2\/comments?post=180885"}],"version-history":[{"count":1,"href":"https:\/\/www.brundisium.net\/index.php\/wp-json\/wp\/v2\/posts\/180885\/revisions"}],"predecessor-version":[{"id":180888,"href":"https:\/\/www.brundisium.net\/index.php\/wp-json\/wp\/v2\/posts\/180885\/revisions\/180888"}],"wp:featuredmedia":[{"embeddable":true,"href":"https:\/\/www.brundisium.net\/index.php\/wp-json\/wp\/v2\/media\/124150"}],"wp:attachment":[{"href":"https:\/\/www.brundisium.net\/index.php\/wp-json\/wp\/v2\/media?parent=180885"}],"wp:term":[{"taxonomy":"category","embeddable":true,"href":"https:\/\/www.brundisium.net\/index.php\/wp-json\/wp\/v2\/categories?post=180885"},{"taxonomy":"post_tag","embeddable":true,"href":"https:\/\/www.brundisium.net\/index.php\/wp-json\/wp\/v2\/tags?post=180885"}],"curies":[{"name":"wp","href":"https:\/\/api.w.org\/{rel}","templated":true}]}}