{"id":180922,"date":"2020-12-29T17:16:09","date_gmt":"2020-12-29T16:16:09","guid":{"rendered":"https:\/\/www.brundisium.net\/?p=180922"},"modified":"2020-12-29T17:16:09","modified_gmt":"2020-12-29T16:16:09","slug":"carovigno-lanzilotti-azzera-la-giunta-e-si-dimette-da-sindaco","status":"publish","type":"post","link":"https:\/\/www.brundisium.net\/index.php\/carovigno-lanzilotti-azzera-la-giunta-e-si-dimette-da-sindaco\/","title":{"rendered":"Carovigno: Lanzilotti azzera la giunta e si dimette da Sindaco"},"content":{"rendered":"<p>Sono giorni difficili a Palazzo di Citt\u00e0, pi\u00f9 che difficili, direi estenuanti e logoranti. Giorni in cui le carte in tavola cambiano ad ogni incontro dimostrando tutta l\u2019immaturit\u00e0 che, di fronte a una situazione emergenziale, in molti stanno dimostrando.<\/p>\n<p>&#x2757;L&#8217;instabilit\u00e0 politica mi costringe ad azzerare la giunta e a dimettermi da Sindaco ma ci\u00f2 non vanifica i risultati positivi di un grande lavoro e la speranza di continuare a lavorare per la nostra citt\u00e0.<\/p>\n<p>&#x2757;Oggi ho dovuto azzerare la giunta, la mia giunta, fatta di professionisti competenti e soprattutto di brave persone che nulla hanno da invidiare alle migliori personalit\u00e0 della nostra citt\u00e0.<\/p>\n<p>&#x2757;Ho inoltre dovuto rassegnare le mie dimissioni dalla carica di Sindaco, obbligato dalle condizioni di instabilit\u00e0 politica della mia maggioranza.<\/p>\n<p>&#x2757;Domani si svolger\u00e0 il consiglio comunale dove di certo i \u201cnumeri\u201d non saranno i protagonisti e nel quale lo stesso Presidente del Consiglio Comunale comunicher\u00e0 la chiusura anticipata del suo ruolo da Presidente.<\/p>\n<p>&#x1f449;La speranza per la Citt\u00e0 di Carovigno \u00e8 che si possa veramente dare seguito a quello che fino ad ora si \u00e8 solo detto e cio\u00e8 nominare una \u201cgiunta tecnica\u201d.<\/p>\n<p>&#x1f449;Mi \u00e8 stato chiesto nell&#8217;ultimo consiglio comunale di rassegnare le mie dimissioni e di azzerare la giunta, senza nessun ultimatum, con l\u2019obiettivo di provare a nominare un team di \u201cesperti\u201d e da questo non mi sono sottratto gi\u00e0 dal giorno seguente.<\/p>\n<p>&#x1f449;Sono stati tenuti diversi incontri e firmati documenti, dai quali \u00e8 subito emersa la volont\u00e0 di nominare una giunta tecnica &#x26a0;&#xfe0f; Peccato che poi ad ogni incontro nessun esperto \u00e8 stato nominato dai vari gruppi politici, se non dal sottoscritto. Anzi i vari gruppi politici hanno sempre aggiunto richieste ulteriori, quasi come se l\u2019obiettivo non fosse quello di far proseguire l&#8217;attivit\u00e0 amministrativa fino alla fine dell\u2019emergenza sanitaria.<\/p>\n<p>&#x1f449;Ricordo che questa seconda fase amministrativa ci doveva portare al superamento della fase emergenziale sanitaria, alla messa in sicurezza dei conti, all\u2019avvio dei primi cantieri, il tutto con un orizzonte temporale limitato e condizionato anche da quello che la Commissione di accesso ispettivo potrebbe determinare.<\/p>\n<p>&#x1f449;&#x2757;Come risaputo, a causa delle dimissioni del consigliere comunale del PD Marzia Bagnulo, a Carovigno non c&#8217;\u00e8 pi\u00f9 una maggioranza politica. Questi fatti hanno generato scompiglio e reso instabile la nostra maggioranza fino a giungere alle scelte odierne.<\/p>\n<p>&#x1f449;&#x2757;Nonostante tutto negli ultimi consigli comunali, del 30 novembre e 4 dicembre scorsi, \u00e8 stato messo in sicurezza il bilancio ed \u00e8 stato scongiurato anche il dissesto finanziario dell\u2019Ente grazie alla maggioranza rimasta in carica e al senso di responsabilit\u00e0 del consigliere Ancora Salvatore.<br \/>\nTutti gli altri avevano ed hanno altri obiettivi, tra questi la chiusura anticipata di questa amministrazione comunale.<\/p>\n<p>&#x1f4aa;Noi per\u00f2 abbiamo una certezza: quella di aver continuato a lavorare incessantemente, anche in questo periodo, non facendo mai mancare la nostra vicinanza alla citt\u00e0 e ai nostri concittadini e soprattutto, con un grande lavoro, abbiamo garantito un Natale pi\u00f9 sereno alle famiglie pi\u00f9 in difficolt\u00e0, non dimenticandoci nemmeno di chi, in questa prima fase, non aveva i requisiti per accedere agli aiuti.<\/p>\n<p>&#x1f4e3;Abbiamo infine dato vita a una grande speranza, una bella sorpresa di fine anno, il raccolto di un lavoro attento e scrupoloso, fatto anche di scelte difficili e dolorose. Dopo due anni e mezzo di difficolt\u00e0 finanziarie possiamo dire che finalmente c\u2019\u00e8 la luce in fondo al tunnel&#x1f447;<\/p>\n<p>&#x1f4aa;Oggi ci sono le disponibilit\u00e0 finanziarie in cassa (cosa mai accaduta), che ci hanno consentito di pagare i debiti e di rientrare dall\u2019anticipazione in banca, generando cassa libera per oltre un milione che porter\u00e0 nell\u2019immediato futuro benefici e servizi a tutta la Citt\u00e0 e ai Carovignesi.<\/p>\n<p>&#x1f64f;La mia disponibilit\u00e0, professionale e politica, rimarr\u00e0 sempre a disposizione dei miei concittadini cos\u00ec come \u00e8 sempre stato. Il mio augurio \u00e8 che Carovigno possa avere stabilit\u00e0 e presentare sempre pi\u00f9 progetti per ricevere finanziamenti necessari per cambiarne il volto e proiettarla verso una vera dimensione turistica di eccellenza a beneficio di tutti.<\/p>\n<p>&nbsp;<\/p>\n<p><em><strong>Massimo Lanzilotti<\/strong><\/em><\/p>\n","protected":false},"excerpt":{"rendered":"<p>Sono giorni difficili a Palazzo di Citt\u00e0, pi\u00f9 che difficili, direi estenuanti e logoranti. Giorni in cui le carte in tavola cambiano ad ogni incontro dimostrando tutta l\u2019immaturit\u00e0 che, di fronte a una situazione emergenziale, in molti stanno dimostrando. &#x2757;L&#8217;instabilit\u00e0 politica mi costringe ad azzerare la giunta e a dimettermi da Sindaco ma ci\u00f2 non vanifica i risultati positivi di un grande lavoro e la speranza di continuare a lavorare per la nostra citt\u00e0. &#x2757;Oggi ho dovuto azzerare la giunta, la mia giunta, fatta di professionisti competenti e soprattutto di brave persone che nulla hanno da invidiare alle migliori personalit\u00e0 della nostra citt\u00e0. &#x2757;Ho inoltre dovuto rassegnare le mie dimissioni dalla carica di Sindaco, obbligato dalle condizioni di instabilit\u00e0 politica della mia maggioranza. &#x2757;Domani si svolger\u00e0 il consiglio comunale dove di certo i \u201cnumeri\u201d non saranno i protagonisti e nel quale lo stesso Presidente del Consiglio Comunale comunicher\u00e0 la chiusura anticipata del suo ruolo da Presidente. &#x1f449;La speranza per la Citt\u00e0 di Carovigno \u00e8 che si possa veramente dare seguito&#8230;<\/p>\n","protected":false},"author":2,"featured_media":114352,"comment_status":"open","ping_status":"closed","sticky":false,"template":"","format":"standard","meta":{"footnotes":""},"categories":[7],"tags":[],"class_list":["post-180922","post","type-post","status-publish","format-standard","has-post-thumbnail","hentry","category-news"],"_links":{"self":[{"href":"https:\/\/www.brundisium.net\/index.php\/wp-json\/wp\/v2\/posts\/180922","targetHints":{"allow":["GET"]}}],"collection":[{"href":"https:\/\/www.brundisium.net\/index.php\/wp-json\/wp\/v2\/posts"}],"about":[{"href":"https:\/\/www.brundisium.net\/index.php\/wp-json\/wp\/v2\/types\/post"}],"author":[{"embeddable":true,"href":"https:\/\/www.brundisium.net\/index.php\/wp-json\/wp\/v2\/users\/2"}],"replies":[{"embeddable":true,"href":"https:\/\/www.brundisium.net\/index.php\/wp-json\/wp\/v2\/comments?post=180922"}],"version-history":[{"count":1,"href":"https:\/\/www.brundisium.net\/index.php\/wp-json\/wp\/v2\/posts\/180922\/revisions"}],"predecessor-version":[{"id":180923,"href":"https:\/\/www.brundisium.net\/index.php\/wp-json\/wp\/v2\/posts\/180922\/revisions\/180923"}],"wp:featuredmedia":[{"embeddable":true,"href":"https:\/\/www.brundisium.net\/index.php\/wp-json\/wp\/v2\/media\/114352"}],"wp:attachment":[{"href":"https:\/\/www.brundisium.net\/index.php\/wp-json\/wp\/v2\/media?parent=180922"}],"wp:term":[{"taxonomy":"category","embeddable":true,"href":"https:\/\/www.brundisium.net\/index.php\/wp-json\/wp\/v2\/categories?post=180922"},{"taxonomy":"post_tag","embeddable":true,"href":"https:\/\/www.brundisium.net\/index.php\/wp-json\/wp\/v2\/tags?post=180922"}],"curies":[{"name":"wp","href":"https:\/\/api.w.org\/{rel}","templated":true}]}}