{"id":180974,"date":"2020-12-30T20:17:02","date_gmt":"2020-12-30T19:17:02","guid":{"rendered":"https:\/\/www.brundisium.net\/?p=180974"},"modified":"2020-12-30T22:22:45","modified_gmt":"2020-12-30T21:22:45","slug":"la-uiltec-devolve-un-contributo-straordinario-alla-caritas-della-parrocchia-santangeli-custodi-di-san-pietro-vernotico","status":"publish","type":"post","link":"https:\/\/www.brundisium.net\/index.php\/la-uiltec-devolve-un-contributo-straordinario-alla-caritas-della-parrocchia-santangeli-custodi-di-san-pietro-vernotico\/","title":{"rendered":"La Uiltec devolve un Contributo Straordinario alla Caritas della Parrocchia Sant\u2019Angeli Custodi di San Pietro Vernotico"},"content":{"rendered":"<p>Nell\u2019ambito delle iniziative sociali, la Segreteria Territoriale della Uiltec di Brindisi, ha deliberato di devolvere un Contributo Straordinario per le prime necessit\u00e0 della Caritas della Parrocchia Sant\u2019Angeli Custodi di San Pietro Vernotico.<br \/>\nNella giornata di oggi, vigilia dell\u2019ultimo dell\u2019anno, il Segretario Generale della Uiltec Carlo Perrucci, accompagnato dal Componente della Segreteria Cosimo Zimmari, a nome di tutta la Struttura hanno consegnato un assegno al Parroco Don Vincenzo Martella, come segno di carit\u00e0 per il sostentamento alle diverse esigenze della Caritas Parrocchiale.<\/p>\n<p>In questo anno particolare, con una Pandemia ancora in corso, durante la quale i cosiddetti \u201cnuovi poveri\u201d sfiorano il 45% in pi\u00f9 \u00e8 doveroso da parte di tutti, rendere lo sguardo verso i pi\u00f9 bisognosi e dare seguito alle parole di Papa Francesco: \u201cIn questo tempo difficile, anzich\u00e9 lamentarci di quello che la pandemia ci impedisce di fare, facciamo qualcosa per chi ha di meno\u201d.<\/p>\n<p>La scelta di offrire un contributo economico a questa causa, da parte della Uiltec di Brindisi, rientra nella promozione della coscienza associativa per rafforzare la coesione sociale e l\u2019integrazione civile tra i propri Iscritti e gli inoccupati, gli immigrati, i pi\u00f9 sfortunati in generale, e per contrastare il disagio sociale e l\u2019emarginazione dei pi\u00f9 deboli, cos\u00ec come previsto anche dal nostro Statuto.<\/p>\n<p>Diversi sono stati gli interventi effettuati sia dalla Struttura di Brindisi, ma in particolare dalla Uiltec Nazionale, come i progetti finanziati di un serbatoio d\u2019acqua potabile e della costruzione di un\u2019aula scolastica in Africa, ma anche l\u2019acquisto di attrezzatura medica per un Laboratorio in Argentina. Il nostro intento \u00e8 quello di venire incontro, seppur nel nostro piccolo, a quelle situazioni di assoluta povert\u00e0 che nella nostra Provincia sono sempre pi\u00f9 evidenti.<\/p>\n<p>Da qui parte anche il nostro Grazie a tutte quelle Associazioni civili e religiose formate da Volontari generosi che mettono a disposizione il loro tempo e il loro servizio disinteressato per aiutare chi \u00e8 pi\u00f9 in difficolt\u00e0 e vive una condizione insostenibile di disagio morale prima ancora che materiale.<\/p>\n<p>Una goccia in mezzo all\u2019oceano, che ci fa volgere lo sguardo verso i pi\u00f9 sfortunati e i pi\u00f9 bisognosi, per questo, un Grazie v\u00e0 certamente ai nostri Iscritti, che ci consentono, con la loro contribuzione, a promuovere questi gesti di carit\u00e0 sinceri e benigni.<\/p>\n<p>&nbsp;<\/p>\n<p><em><strong>La Segretaria Territoriale Uiltec di Brindisi<\/strong><\/em><\/p>\n","protected":false},"excerpt":{"rendered":"<p>Nell\u2019ambito delle iniziative sociali, la Segreteria Territoriale della Uiltec di Brindisi, ha deliberato di devolvere un Contributo Straordinario per le prime necessit\u00e0 della Caritas della Parrocchia Sant\u2019Angeli Custodi di San Pietro Vernotico. Nella giornata di oggi, vigilia dell\u2019ultimo dell\u2019anno, il Segretario Generale della Uiltec Carlo Perrucci, accompagnato dal Componente della Segreteria Cosimo Zimmari, a nome di tutta la Struttura hanno consegnato un assegno al Parroco Don Vincenzo Martella, come segno di carit\u00e0 per il sostentamento alle diverse esigenze della Caritas Parrocchiale. In questo anno particolare, con una Pandemia ancora in corso, durante la quale i cosiddetti \u201cnuovi poveri\u201d sfiorano il 45% in pi\u00f9 \u00e8 doveroso da parte di tutti, rendere lo sguardo verso i pi\u00f9 bisognosi e dare seguito alle parole di Papa Francesco: \u201cIn questo tempo difficile, anzich\u00e9 lamentarci di quello che la pandemia ci impedisce di fare, facciamo qualcosa per chi ha di meno\u201d. La scelta di offrire un contributo economico a questa causa, da parte della Uiltec di Brindisi, rientra nella promozione della coscienza associativa per rafforzare&#8230;<\/p>\n","protected":false},"author":2,"featured_media":180977,"comment_status":"open","ping_status":"closed","sticky":false,"template":"","format":"standard","meta":{"footnotes":""},"categories":[7],"tags":[],"class_list":["post-180974","post","type-post","status-publish","format-standard","has-post-thumbnail","hentry","category-news"],"_links":{"self":[{"href":"https:\/\/www.brundisium.net\/index.php\/wp-json\/wp\/v2\/posts\/180974","targetHints":{"allow":["GET"]}}],"collection":[{"href":"https:\/\/www.brundisium.net\/index.php\/wp-json\/wp\/v2\/posts"}],"about":[{"href":"https:\/\/www.brundisium.net\/index.php\/wp-json\/wp\/v2\/types\/post"}],"author":[{"embeddable":true,"href":"https:\/\/www.brundisium.net\/index.php\/wp-json\/wp\/v2\/users\/2"}],"replies":[{"embeddable":true,"href":"https:\/\/www.brundisium.net\/index.php\/wp-json\/wp\/v2\/comments?post=180974"}],"version-history":[{"count":1,"href":"https:\/\/www.brundisium.net\/index.php\/wp-json\/wp\/v2\/posts\/180974\/revisions"}],"predecessor-version":[{"id":180978,"href":"https:\/\/www.brundisium.net\/index.php\/wp-json\/wp\/v2\/posts\/180974\/revisions\/180978"}],"wp:featuredmedia":[{"embeddable":true,"href":"https:\/\/www.brundisium.net\/index.php\/wp-json\/wp\/v2\/media\/180977"}],"wp:attachment":[{"href":"https:\/\/www.brundisium.net\/index.php\/wp-json\/wp\/v2\/media?parent=180974"}],"wp:term":[{"taxonomy":"category","embeddable":true,"href":"https:\/\/www.brundisium.net\/index.php\/wp-json\/wp\/v2\/categories?post=180974"},{"taxonomy":"post_tag","embeddable":true,"href":"https:\/\/www.brundisium.net\/index.php\/wp-json\/wp\/v2\/tags?post=180974"}],"curies":[{"name":"wp","href":"https:\/\/api.w.org\/{rel}","templated":true}]}}