{"id":181123,"date":"2021-01-03T22:18:02","date_gmt":"2021-01-03T21:18:02","guid":{"rendered":"https:\/\/www.brundisium.net\/?p=181123"},"modified":"2021-01-03T22:01:52","modified_gmt":"2021-01-03T21:01:52","slug":"via-del-bali-bando-di-gara-per-limmobile-di-proprieta-comunale","status":"publish","type":"post","link":"https:\/\/www.brundisium.net\/index.php\/via-del-bali-bando-di-gara-per-limmobile-di-proprieta-comunale\/","title":{"rendered":"Via del Bal\u00ec: bando di gara per l\u2019immobile di propriet\u00e0 comunale"},"content":{"rendered":"<p><a href=\"https:\/\/www.brundisium.net\/brun\/wp-content\/uploads\/2021\/01\/viadelbali2-scaled.jpg\"><img loading=\"lazy\" decoding=\"async\" class=\"alignleft size-medium wp-image-181125\" src=\"https:\/\/www.brundisium.net\/brun\/wp-content\/uploads\/2021\/01\/viadelbali2-300x200.jpg\" alt=\"\" width=\"300\" height=\"200\" srcset=\"https:\/\/www.brundisium.net\/brun\/wp-content\/uploads\/2021\/01\/viadelbali2-300x200.jpg 300w, https:\/\/www.brundisium.net\/brun\/wp-content\/uploads\/2021\/01\/viadelbali2-1024x683.jpg 1024w, https:\/\/www.brundisium.net\/brun\/wp-content\/uploads\/2021\/01\/viadelbali2-768x512.jpg 768w, https:\/\/www.brundisium.net\/brun\/wp-content\/uploads\/2021\/01\/viadelbali2-1536x1024.jpg 1536w, https:\/\/www.brundisium.net\/brun\/wp-content\/uploads\/2021\/01\/viadelbali2-2048x1365.jpg 2048w\" sizes=\"auto, (max-width: 300px) 100vw, 300px\" \/><\/a><br \/>\nUn bando di gara per la locazione dell\u2019immobile di propriet\u00e0 comunale di via del Bal\u00ec con l\u2019obiettivo di riqualificare l\u2019antica residenza di una delle strade nevralgiche della parte antica, nell\u2019ottica del recupero e valorizzazione del centro storico che \u00e8 punto imprescindibile dell\u2019amministrazione Zaccaria.<\/p>\n<p>La giunta comunale ha approvato il 30 dicembre l\u2019atto di indirizzo che porter\u00e0 alla pubblicazione di un bando di gara per la cessione in locazione dei locali al piano terra dell\u2019antica residenza del Bal\u00ec, dei Cavalieri di Malta (da cui deriva la denominazione dell\u2019edificio e della strada).<br \/>\nI locali potranno ospitare un ristorante, un caff\u00e8 o altra \u00abattivit\u00e0 di economico-commerciale del tipo somministrazione di alimenti e bevande\u00bb, come si legge nella delibera, e quindi potranno rendere ancora pi\u00f9 attrattivo da un punto di vista commerciale il centro storico di Fasano.<br \/>\nVia del Bal\u00ec, infatti, \u00e8 una via storica, la strada che conduce alla Chiesa Madre, punto nevralgico dell\u2019intera zona in quanto unica strada di accesso alla citt\u00e0 vecchia dalla prospiciente Piazza Ciaia, dove ha sede il palazzo comunale.<\/p>\n<p>Il bando prevede la cessione dei locali in locazione per 9 anni (rinnovabili). L\u2019appalto sar\u00e0 aggiudicato mediante procedura aperta con il criterio dell\u2019offerta economicamente pi\u00f9 vantaggiosa. L\u2019aggiudicatario si impegner\u00e0 a recuperare i locali con la manutenzione straordinaria degli stessi. Inoltre \u00e8 previsto dovr\u00e0 il restauro conservativo del cortile del Bal\u00ec con lavori di messa in sicurezza dell\u2019 impianto elettrico, pitturazione in calce delle facciate, dei portoni, delle inferriate e finestre prospicienti il cortile stesso, livellamento delle antiche chianche. Il cortile potr\u00e0 essere usato per la propria attivit\u00e0, fermo restando gli impegni connessi all\u2019attivit\u00e0 istituzionale (matrimoni, conferenze, visite scolastiche).<\/p>\n<p>\u00abIl bando di gara ci consentir\u00e0 di far rivivere locali in stato di abbandono e realizzare finalmente gli interventi di manutenzione del cortile per renderlo ancora pi\u00f9 bello e fruibile \u2013 spiega l\u2019assessore al Patrimonio, Giuseppe Galeota \u2013 con l\u2019attenzione costante verso i beni di propriet\u00e0 comunale che in questi anni ha contraddistinto la nostra azione amministrativa\u00bb.<\/p>\n<p>\u00abIl nostro impegno \u00e8 quello di valorizzare il centro storico riqualificando le bellezze del cuore centrale di Fasano \u2013 dice il sindaco, Francesco Zaccaria \u2013 per restituire alla Comunit\u00e0 un centro antico attrattivo e finalmente rivalutato. La chiave di volta per una nuova visione del centro cittadino passa attraverso il recupero dei nostri beni artistici, nell\u2019ottica di una visione di insieme che abbraccia tutto il centro storico e che si colloca in continuit\u00e0 con le altre iniziative di riqualificazione gi\u00e0 approvate, come, ad esempio, il recupero dell\u2019Ala dei Portici delle Teresiane dove si sta realizzando la Biblioteca di Comunit\u00e0 (grazie al finanziamento regionale di 2 milioni di euro del programma SMARTin Puglia \u2013 Community library), il rifacimento di piazza Mercato Vecchio e di via Fogazzaro che diventeranno pedonali e la manutenzione di via Forcella, dove sar\u00f2 interdetto il parcheggio e sar\u00e0 creata una fascia pedonale che consentir\u00e0 di passeggiare in sicurezza durante lo shopping. Vogliamo che il cuore antico di Fasano torni a battere, nell\u2019ottica di una nuova modernit\u00e0 che si attua nel recupero della tradizione: pedonalizzazione, fruibilit\u00e0, maggiore attrattivit\u00e0 commerciale, nel rispetto del valore artistico dei nostri beni. La rivalutazione dell\u2019antico con gli strumenti del presente, affinch\u00e9 tutti, fasanesi e non, possano apprezzare la bellezza di cui la nostra citt\u00e0 \u00e8 ricca, in un contesto sempre pi\u00f9 accogliente e vivibile\u00bb.<\/p>\n<p>&nbsp;<\/p>\n<p>&nbsp;<\/p>\n<p><em><strong>Ufficio Stampa<\/strong><\/em><br \/>\n<em><strong>Citt\u00e0 di Fasano<\/strong><\/em><\/p>\n","protected":false},"excerpt":{"rendered":"<p>Un bando di gara per la locazione dell\u2019immobile di propriet\u00e0 comunale di via del Bal\u00ec con l\u2019obiettivo di riqualificare l\u2019antica residenza di una delle strade nevralgiche della parte antica, nell\u2019ottica del recupero e valorizzazione del centro storico che \u00e8 punto imprescindibile dell\u2019amministrazione Zaccaria. La giunta comunale ha approvato il 30 dicembre l\u2019atto di indirizzo che porter\u00e0 alla pubblicazione di un bando di gara per la cessione in locazione dei locali al piano terra dell\u2019antica residenza del Bal\u00ec, dei Cavalieri di Malta (da cui deriva la denominazione dell\u2019edificio e della strada). I locali potranno ospitare un ristorante, un caff\u00e8 o altra \u00abattivit\u00e0 di economico-commerciale del tipo somministrazione di alimenti e bevande\u00bb, come si legge nella delibera, e quindi potranno rendere ancora pi\u00f9 attrattivo da un punto di vista commerciale il centro storico di Fasano. Via del Bal\u00ec, infatti, \u00e8 una via storica, la strada che conduce alla Chiesa Madre, punto nevralgico dell\u2019intera zona in quanto unica strada di accesso alla citt\u00e0 vecchia dalla prospiciente Piazza Ciaia, dove ha sede il palazzo&#8230;<\/p>\n","protected":false},"author":2,"featured_media":181124,"comment_status":"open","ping_status":"closed","sticky":false,"template":"","format":"standard","meta":{"footnotes":""},"categories":[7],"tags":[],"class_list":["post-181123","post","type-post","status-publish","format-standard","has-post-thumbnail","hentry","category-news"],"_links":{"self":[{"href":"https:\/\/www.brundisium.net\/index.php\/wp-json\/wp\/v2\/posts\/181123","targetHints":{"allow":["GET"]}}],"collection":[{"href":"https:\/\/www.brundisium.net\/index.php\/wp-json\/wp\/v2\/posts"}],"about":[{"href":"https:\/\/www.brundisium.net\/index.php\/wp-json\/wp\/v2\/types\/post"}],"author":[{"embeddable":true,"href":"https:\/\/www.brundisium.net\/index.php\/wp-json\/wp\/v2\/users\/2"}],"replies":[{"embeddable":true,"href":"https:\/\/www.brundisium.net\/index.php\/wp-json\/wp\/v2\/comments?post=181123"}],"version-history":[{"count":1,"href":"https:\/\/www.brundisium.net\/index.php\/wp-json\/wp\/v2\/posts\/181123\/revisions"}],"predecessor-version":[{"id":181126,"href":"https:\/\/www.brundisium.net\/index.php\/wp-json\/wp\/v2\/posts\/181123\/revisions\/181126"}],"wp:featuredmedia":[{"embeddable":true,"href":"https:\/\/www.brundisium.net\/index.php\/wp-json\/wp\/v2\/media\/181124"}],"wp:attachment":[{"href":"https:\/\/www.brundisium.net\/index.php\/wp-json\/wp\/v2\/media?parent=181123"}],"wp:term":[{"taxonomy":"category","embeddable":true,"href":"https:\/\/www.brundisium.net\/index.php\/wp-json\/wp\/v2\/categories?post=181123"},{"taxonomy":"post_tag","embeddable":true,"href":"https:\/\/www.brundisium.net\/index.php\/wp-json\/wp\/v2\/tags?post=181123"}],"curies":[{"name":"wp","href":"https:\/\/api.w.org\/{rel}","templated":true}]}}