{"id":181275,"date":"2021-01-07T15:50:36","date_gmt":"2021-01-07T14:50:36","guid":{"rendered":"https:\/\/www.brundisium.net\/?p=181275"},"modified":"2021-01-07T18:27:03","modified_gmt":"2021-01-07T17:27:03","slug":"porto-di-savelletri-al-via-i-lavori-per-la-riqualificazione","status":"publish","type":"post","link":"https:\/\/www.brundisium.net\/index.php\/porto-di-savelletri-al-via-i-lavori-per-la-riqualificazione\/","title":{"rendered":"Porto di Savelletri, al via i lavori per la riqualificazione"},"content":{"rendered":"<p>Un nuovo porto per una nuova Savelletri che consentir\u00e0 la riqualificazione di tutta la zona e il rilancio della pesca, uno dei settori pi\u00f9 importanti dell\u2019economia di Fasano, strategico anche per il turismo.<\/p>\n<p>Ieri mattina \u00e8 stato consegnato alla ditta vincitrice dell\u2019appalto, il cantiere per la riqualificazione del porto di Savelletri per cui il Comune di Fasano ha ottenuto un finanziamento di circa 400mila euro dal Gal (Gruppo di azione locale).<\/p>\n<p>I lavori si concluderanno entro maggio. Ad effettuarli sar\u00e0 la Edi Pro di Brindisi che si \u00e8 aggiudicata la gara offrendo un ribasso d\u2019asta del 32,55% sul prezzo a base d\u2019asta.<\/p>\n<p>\u00abIl finanziamento ottenuto \u00e8 il frutto di una scelta politica lungimirante fatta dalla nostra amministrazione immediatamente dopo l\u2019insediamento \u2013 sottolinea il sindaco, Francesco Zaccaria \u2013 e cio\u00e8 la scelta di cambiare Gal e di passare dal Gal \u201cAlto Salento\u201d al Gal \u201cValle d\u2019Itria\u201d in cui Fasano \u00e8 l\u2019unica citt\u00e0 con lo sbocco a mare. Questa scelta ci ha consentito di attingere interamente ai fondi Feamp e quindi di ottenere questo importante e cospicuo finanziamento. Ringrazio quanti hanno consentito questo risultato a partire dalla struttura dei Lavori pubblici del Comune e tutti gli enti coinvolti\u00bb.<\/p>\n<p>Gli interventi cambieranno completamente il volto del porto con la riqualificazione del braccio di Levante del porto di Savelletri.<\/p>\n<p>Saranno installati due pergolati con sei banchi coperti, serviti di ogni servizio, dove sar\u00e0 possibile sviluppare attivit\u00e0 commerciali vendita diretta del pesce sui moli e un nuovo allaccio alla rete fognaria.<\/p>\n<p>\u00c8 previsto anche il rifacimento della pavimentazione in pietra, nuova illuminazione, nuove panchine, fioriere, cestini portarifiuti e quattro rastrelliere per il parcheggio delle biciclette.<\/p>\n<p>\u00abGli spazi sono stati pensati come spazi da vivere \u2013 spiega l\u2019ing. Giuseppe Marangi, tecnico progettista insieme all\u2019arch. Claudio Convertino \u2013. Potranno essere utilizzati per attivit\u00e0 legate alla pesca, ma anche usati durante il giorno da chiunque anche solo per leggere un libro sulle panchine. Ci saranno inoltre attrezzature per allacci di eventuali bancarelle per promuovere eventi, come festival ad esempio, per rilanciare il territorio\u00bb.<\/p>\n<p>Saranno inoltre ristrutturati e riaperti i bagni pubblici, aggiungendo quelli per i disabili.<\/p>\n<p>\u00abL\u2019avvio di un cantiere rappresenta un momento sempre importante per una comunit\u00e0: i cantieri rappresentano progettualit\u00e0, lavoro, benessere, futuro e ci consentono di procedere sulla strada giusta di una Fasano sempre pi\u00f9 riqualificata e vivibile. Inoltre, finalmente sar\u00e0 risolto il problema dei bagni pubblici \u2013 dice il sindaco Zaccaria \u2013 che \u00e8 un annoso problema di questa frazione si porta dietro da anni.<br \/>\nA giorni inoltre speriamo di poter ottenere il finanziamento di 3milioni e mezzo di euro per il dragaggio del porto. Un finanziamento che seguiamo dal 2017 e di cui ora attendiamo solo la nota ufficiale. La macchina, anzi la barca \u00e8 partita, e sta finalmente arrivando in porto\u00bb.<\/p>\n<p>L\u2019area che ospita i bagni pubblici sar\u00e0 interamente riqualificata con la creazione di una piazza, spiega la dirigente dei Lavori Pubblici del Comune di Fasano, l\u2019ing. Rosa Belfiore.<\/p>\n<p>\u00abIl cantiere coniugher\u00e0 le due anime di questa frazione \u2013 dice l\u2019assessore al Demanio e Porti, Giuseppe Galeota, che ha curato tutta l\u2019istruttoria del progetto insieme al sindaco \u2013. L\u2019anima della tradizione che \u00e8 costituita dalle famiglie laboriose e operose di questa frazione e l\u2019anima della vocazione turistica che questo luogo ha assunto in maniera sempre pi\u00f9 netta negli ultimi anni\u00bb.<\/p>\n<p>\u00abQuesti lavori hanno un valore inestimabile \u2013 dice il comandante della Capitaneria di Porto Fabrizio Coke che ha presenziato alla consegna del cantiere insieme al comandante della delegazione spiaggia di Savelletri, Francesco Cristella \u2013 perch\u00e9 i pescatori potranno operare in sicurezza e in condizioni igienico sanitarie ideali\u00bb.<\/p>\n<p>&nbsp;<\/p>\n<p><em><strong>Ufficio Stampa<\/strong><\/em><br \/>\n<em><strong>Citt\u00e0 di Fasano<\/strong><\/em><\/p>\n","protected":false},"excerpt":{"rendered":"<p>Un nuovo porto per una nuova Savelletri che consentir\u00e0 la riqualificazione di tutta la zona e il rilancio della pesca, uno dei settori pi\u00f9 importanti dell\u2019economia di Fasano, strategico anche per il turismo. Ieri mattina \u00e8 stato consegnato alla ditta vincitrice dell\u2019appalto, il cantiere per la riqualificazione del porto di Savelletri per cui il Comune di Fasano ha ottenuto un finanziamento di circa 400mila euro dal Gal (Gruppo di azione locale). I lavori si concluderanno entro maggio. Ad effettuarli sar\u00e0 la Edi Pro di Brindisi che si \u00e8 aggiudicata la gara offrendo un ribasso d\u2019asta del 32,55% sul prezzo a base d\u2019asta. \u00abIl finanziamento ottenuto \u00e8 il frutto di una scelta politica lungimirante fatta dalla nostra amministrazione immediatamente dopo l\u2019insediamento \u2013 sottolinea il sindaco, Francesco Zaccaria \u2013 e cio\u00e8 la scelta di cambiare Gal e di passare dal Gal \u201cAlto Salento\u201d al Gal \u201cValle d\u2019Itria\u201d in cui Fasano \u00e8 l\u2019unica citt\u00e0 con lo sbocco a mare. Questa scelta ci ha consentito di attingere interamente ai fondi Feamp e quindi di&#8230;<\/p>\n","protected":false},"author":2,"featured_media":181276,"comment_status":"open","ping_status":"closed","sticky":false,"template":"","format":"standard","meta":{"footnotes":""},"categories":[7],"tags":[],"class_list":["post-181275","post","type-post","status-publish","format-standard","has-post-thumbnail","hentry","category-news"],"_links":{"self":[{"href":"https:\/\/www.brundisium.net\/index.php\/wp-json\/wp\/v2\/posts\/181275","targetHints":{"allow":["GET"]}}],"collection":[{"href":"https:\/\/www.brundisium.net\/index.php\/wp-json\/wp\/v2\/posts"}],"about":[{"href":"https:\/\/www.brundisium.net\/index.php\/wp-json\/wp\/v2\/types\/post"}],"author":[{"embeddable":true,"href":"https:\/\/www.brundisium.net\/index.php\/wp-json\/wp\/v2\/users\/2"}],"replies":[{"embeddable":true,"href":"https:\/\/www.brundisium.net\/index.php\/wp-json\/wp\/v2\/comments?post=181275"}],"version-history":[{"count":1,"href":"https:\/\/www.brundisium.net\/index.php\/wp-json\/wp\/v2\/posts\/181275\/revisions"}],"predecessor-version":[{"id":181277,"href":"https:\/\/www.brundisium.net\/index.php\/wp-json\/wp\/v2\/posts\/181275\/revisions\/181277"}],"wp:featuredmedia":[{"embeddable":true,"href":"https:\/\/www.brundisium.net\/index.php\/wp-json\/wp\/v2\/media\/181276"}],"wp:attachment":[{"href":"https:\/\/www.brundisium.net\/index.php\/wp-json\/wp\/v2\/media?parent=181275"}],"wp:term":[{"taxonomy":"category","embeddable":true,"href":"https:\/\/www.brundisium.net\/index.php\/wp-json\/wp\/v2\/categories?post=181275"},{"taxonomy":"post_tag","embeddable":true,"href":"https:\/\/www.brundisium.net\/index.php\/wp-json\/wp\/v2\/tags?post=181275"}],"curies":[{"name":"wp","href":"https:\/\/api.w.org\/{rel}","templated":true}]}}