{"id":181286,"date":"2021-01-07T15:36:49","date_gmt":"2021-01-07T14:36:49","guid":{"rendered":"https:\/\/www.brundisium.net\/?p=181286"},"modified":"2021-01-07T18:38:55","modified_gmt":"2021-01-07T17:38:55","slug":"i-lavoratori-del-centro-immigrati-di-restinco-scendono-in-piazza-stipendi-da-fame-e-cattiva-accoglienza","status":"publish","type":"post","link":"https:\/\/www.brundisium.net\/index.php\/i-lavoratori-del-centro-immigrati-di-restinco-scendono-in-piazza-stipendi-da-fame-e-cattiva-accoglienza\/","title":{"rendered":"I lavoratori del centro immigrati di Restinco scendono in piazza: &#8220;stipendi da fame e cattiva accoglienza"},"content":{"rendered":"<p>In attuazione delle politiche di Salviniana memoria, il bando a suo tempo prodotto dalla Prefettura di Brindisi, per la gestione del Centro di accoglienza \u201cRestinco\u201d (CARA e CPR), ha determinato una serie di gravi criticit\u00e0: tagli radicali sul personale e sulle ore contrattualizzate allo stesso; provocato un duro colpo per l\u2019occupazione e per tutte quelle persone messe alla porta da un giorno all\u2019altro, indipendentemente dalla propria professionalit\u00e0 e dedizione; condizionato un progetto volto a promuovere una reale inclusione e integrazione verso le persone accolte; determinato gravi implicazioni di carattere sociale.<br \/>\nIn maniera pi\u00f9 esplicita, pare evidente che non si siano ancora superate le precedenti politiche tese a creare marginalit\u00e0 di soggetti gi\u00e0 fragili, esponendoli ulteriormente a condizioni di privazioni, ma soprattutto i Lavoratori che da pi\u00f9 di un lustro operano nei centri di accoglienza sono stati \u201csconfinati\u201d improvvisamente in una condizione di grave disagio, vedendosi, tra l\u2019altro, falcidiati drasticamente i loro stipendi, ovvero il numero delle ore di lavoro dedicate ai servizi. In sostanza, il loro contratto di lavoro \u00e8 passato da 38 ore settimanali a 15 e nella maggior parte dei casi, in ragione del numero degli ospiti presenti in struttura, a sole sei ore settimanali, per un corrispettivo stipendio di circa 200 euro.<br \/>\nDunque, siamo in presenza di quella che pi\u00f9 semplicemente, e senza giri di parole, si definisce: \u201cmacelleria sociale\u201d di cui il Ministero preposto dovrebbe immediatamente occuparsene, anche per non sembrare incurante della realt\u00e0 che si vive da tempo nelle strutture di accoglienza, in particolare nel nostro territorio che presenta gi\u00e0 di per s\u00e9 gravi indicatori sociali in termini di povert\u00e0 assoluta e relativa, con un numero esponenziale di disoccupati e inoccupati.<br \/>\nNon basta, infatti, aver opportunamente approvato il nuovo Decreto Sicurezza &#8211; ora diventato Legge &#8211; che elimina le dure misure restrittive sull\u2019immigrazione e sull\u2019integrazione, volute &#8211; come gi\u00e0 sottolineato &#8211; dall\u2019ex ministro dell\u2019Interno Matteo Salvini, ripristinando di fatto la \u201cprotezione umanitaria\u201d, se non vengono rivisitati e\/o rimodulati gli anacronistici bandi che disciplinano la gestione dei Centri di Accoglienza per Immigrati.<br \/>\nPer rimettere al centro dell\u2019azione politica i Diritti Umani, anche come obbligo Costituzionale ed Internazionale, occorre intervenire con immediatezza, per correggere le storture prodotte dai precedenti Decreti Sicurezza, applicando modifiche sostanziali ai capitolati, nella fattispecie il bando di gara per la gestione della struttura di Restinco, per dare centralit\u00e0 ad una accoglienza che metta al centro il benessere dei beneficiari e delle comunit\u00e0 che scelgono di accogliere, con riferimento soprattutto ai tanti Lavoratori interessati, Donne e Uomini, che vedono calpestati alcuni loro diritti inalienabili nonostante abbiano da sempre gestito con dedizione e responsabilit\u00e0 il Centro di Accoglienza in questione, cos\u00ec come la Prefettura di Brindisi, in qualit\u00e0 di Ente committente, pu\u00f2 darne testimonianza.<br \/>\nPERTANTO,<br \/>\npreso atto che il Ministero non ha provveduto a rendere esigibile il nuovo Decreto Sicurezza, dimostrando anche una scarsa sinergia tra i vari livelli di governo in termini di individuazione e risoluzione della vertenza in argomento;<br \/>\nrilevato che nonostante le reiterate iniziative sindacali ancora non si \u00e8 provveduto ad esperire ogni utile iniziativa atta almeno a mitigare le criticit\u00e0 rappresentate;<br \/>\natteso che le politiche di accoglienza devono vedere garantito un trattamento di inclusione sociale ed integrazione cos\u00ec come previsto dalle convenzioni internazionali e dalla normativa Europea, in primis una serie di interventi finalizzati che favoriscano il positivo inserimento dei Cittadini immigrati nei Territori tra cui l\u2019apprendimento della lingua italiana;<br \/>\ntenuto conto che la complessit\u00e0 di gestire in maniera efficace ed efficiente un fenomeno cos\u00ec rilevante, nel pieno e dovuto rispetto dei DIRITTI UMANI, impone un cambio di paradigma delle strategia di accoglienza;<br \/>\nacclarato soprattutto che il trattamento che stanno subendo i Lavoratori addetti all\u2019accoglienza \u00e8 grave, non degno di un paese civile e moderno, certamente causato dal precedente decreto sicurezza, ma che ora \u00e8 necessario risolvere con l\u2019impegno e il contributo delle istituzioni preposte, soprattutto da parte del Governo;<br \/>\nSI comunica &#8211; cos\u00ec come formalmente gi\u00e0 comunicato agli Organi Preposti &#8211; che domani (8 gennaio 2021) FP CGIL e CGIL Brindisi hanno indetto in rappresentanza delle legittime istanze dei LAVORATORI interessati, dalle ore 10,00 in poi, presso Piazza S.Teresa a Brindisi, in modalit\u00e0 statica con distanziamento sociale di cui al DPCM vigente, una manifestazione pubblica con presidio permanente fino alla risoluzione della vertenza in atto.<\/p>\n<p>&nbsp;<\/p>\n<p><strong>COMUNICATO STAMPA CONGIUNTO A FIRMA DI\u00a0<\/strong><br \/>\n<strong>Antonio Macchia (Segretario Generale CGIL)<\/strong><br \/>\n<strong>Pancrazio Tedesco (Segretario Generale FP CGIL)<\/strong><\/p>\n","protected":false},"excerpt":{"rendered":"<p>In attuazione delle politiche di Salviniana memoria, il bando a suo tempo prodotto dalla Prefettura di Brindisi, per la gestione del Centro di accoglienza \u201cRestinco\u201d (CARA e CPR), ha determinato una serie di gravi criticit\u00e0: tagli radicali sul personale e sulle ore contrattualizzate allo stesso; provocato un duro colpo per l\u2019occupazione e per tutte quelle persone messe alla porta da un giorno all\u2019altro, indipendentemente dalla propria professionalit\u00e0 e dedizione; condizionato un progetto volto a promuovere una reale inclusione e integrazione verso le persone accolte; determinato gravi implicazioni di carattere sociale. In maniera pi\u00f9 esplicita, pare evidente che non si siano ancora superate le precedenti politiche tese a creare marginalit\u00e0 di soggetti gi\u00e0 fragili, esponendoli ulteriormente a condizioni di privazioni, ma soprattutto i Lavoratori che da pi\u00f9 di un lustro operano nei centri di accoglienza sono stati \u201csconfinati\u201d improvvisamente in una condizione di grave disagio, vedendosi, tra l\u2019altro, falcidiati drasticamente i loro stipendi, ovvero il numero delle ore di lavoro dedicate ai servizi. In sostanza, il loro contratto di lavoro \u00e8&#8230;<\/p>\n","protected":false},"author":2,"featured_media":6108,"comment_status":"open","ping_status":"closed","sticky":false,"template":"","format":"standard","meta":{"footnotes":""},"categories":[7],"tags":[],"class_list":["post-181286","post","type-post","status-publish","format-standard","has-post-thumbnail","hentry","category-news"],"_links":{"self":[{"href":"https:\/\/www.brundisium.net\/index.php\/wp-json\/wp\/v2\/posts\/181286","targetHints":{"allow":["GET"]}}],"collection":[{"href":"https:\/\/www.brundisium.net\/index.php\/wp-json\/wp\/v2\/posts"}],"about":[{"href":"https:\/\/www.brundisium.net\/index.php\/wp-json\/wp\/v2\/types\/post"}],"author":[{"embeddable":true,"href":"https:\/\/www.brundisium.net\/index.php\/wp-json\/wp\/v2\/users\/2"}],"replies":[{"embeddable":true,"href":"https:\/\/www.brundisium.net\/index.php\/wp-json\/wp\/v2\/comments?post=181286"}],"version-history":[{"count":1,"href":"https:\/\/www.brundisium.net\/index.php\/wp-json\/wp\/v2\/posts\/181286\/revisions"}],"predecessor-version":[{"id":181287,"href":"https:\/\/www.brundisium.net\/index.php\/wp-json\/wp\/v2\/posts\/181286\/revisions\/181287"}],"wp:featuredmedia":[{"embeddable":true,"href":"https:\/\/www.brundisium.net\/index.php\/wp-json\/wp\/v2\/media\/6108"}],"wp:attachment":[{"href":"https:\/\/www.brundisium.net\/index.php\/wp-json\/wp\/v2\/media?parent=181286"}],"wp:term":[{"taxonomy":"category","embeddable":true,"href":"https:\/\/www.brundisium.net\/index.php\/wp-json\/wp\/v2\/categories?post=181286"},{"taxonomy":"post_tag","embeddable":true,"href":"https:\/\/www.brundisium.net\/index.php\/wp-json\/wp\/v2\/tags?post=181286"}],"curies":[{"name":"wp","href":"https:\/\/api.w.org\/{rel}","templated":true}]}}