{"id":181796,"date":"2021-01-18T19:11:21","date_gmt":"2021-01-18T18:11:21","guid":{"rendered":"https:\/\/www.brundisium.net\/?p=181796"},"modified":"2021-01-19T15:06:39","modified_gmt":"2021-01-19T14:06:39","slug":"sanita-in-regione-spiragli-per-lassunzione-degli-oss-passa-la-legge-amati-sulla-vaccinazione-agli-operatori-sanitari","status":"publish","type":"post","link":"https:\/\/www.brundisium.net\/index.php\/sanita-in-regione-spiragli-per-lassunzione-degli-oss-passa-la-legge-amati-sulla-vaccinazione-agli-operatori-sanitari\/","title":{"rendered":"Sanit\u00e0 in Regione: spiragli per l&#8217;assunzione degli OSS. Passa la legge Amati sulla vaccinazione agli operatori sanitari"},"content":{"rendered":"<p>\u201c\u00c8 un tema molto sentito, sul quale stiamo concentrando la nostra attenzione\u201d \u2013 cos\u00ec l\u2019assessore alla sanit\u00e0 Luigi Lopalco, avvia la discussione nel corso dell\u2019audizione nella III Commissione presieduta da Mauro Vizzino.<\/p>\n<p>La richiesta di confronto su iniziativa del presidente del Gruppo PD, Filippo Caracciolo, in particolare si riferisce alle \u201cindicazioni operative su eventuale proroga per gli incarichi a tempo determinato degli OSS in scadenza 31.1.2021.<\/p>\n<p>La questione \u201ccammina su due binari\u201d, ha spiegato l\u2019assessore.<\/p>\n<p>Da una parte ci sono gli 804 operatori socio sanitari assunti a tempo determinato, di questi 512 sono stati assunti prima del 31 dicembre 2019, prima dell\u2019inizio della pandemia e invece 292, nel 2020 dopo l\u2019inizio della pandemia.<\/p>\n<p>Questo significa che 804 lavoratori potrebbero aver maturato il diritto del rinnovo del contratto a tempo determinato alla scadenza del 31 gennaio 2021 e fra questi al 31 dicembre del 2021, 512 potrebbero aver maturato il diritto alla stabilizzazione secondo le norme vigenti.<\/p>\n<p>Ma non dobbiamo dimentica l\u2019altro binario. Quello che riguarda il concorso degli Oss di Foggia, dal quale risultano 13.000 idonei di cui 2.300 vincitori di concorso.<\/p>\n<p>\u00c8 necessario verificare la possibilit\u00e0 di estendere i contratti a tempo determinato e contemporaneamente non dimenticare il diritto di scorrere la graduatoria. Anche perch\u00e9 se non fossero rinnovati i contratti si verificherebbe un grave disagio organizzativo.<\/p>\n<p>\u201cUna vicenda molto complessa dal punto di vista legislativo e contrattuale \u2013 ha spiegato l\u2019assessore Lopalco \u2013 che ci sta a cuore soprattutto perch\u00e9 coinvolge lavoratori che hanno svolto un ruolo centrale in questa fase particolare, figure professionali necessarie da mantenere all\u2019interno del sistema, anche perch\u00e9 gi\u00e0 formate\u201d.<\/p>\n<p>La Regione attende il Piano dei fabbisogni che ciascuna delle Asl deve predisporre e nel frattempo sta procedendo alla ricognizione generale.<\/p>\n<p>Poi c\u2019\u00e8 una terza questione, la possibilit\u00e0 della professionalizzazione degli OSS con la terza S super specializzati, per far svolgere loro alcune delle funzioni infermieristiche. Ma per questo \u00e8 necessario un confronto con i sindacati.<\/p>\n<p>Il presidente Vizzino ha chiesto un aggiornamento della seduta su questi temi, sollecitando i Piani dei fabbisogni che le direzioni strategiche delle Asl avrebbero dovuto gi\u00e0 predisporre, trattandosi di Piani triennali 2020\/2022.<\/p>\n<p>\u201cIl problema degli OSS assunti a tempo determinato nelle Asl pugliesi e quindi il loro destino \u00e8 stato l\u2019argomento che abbiamo affrontato nel corso dei lavori della III Commissione che presiedo\u201d.<\/p>\n<p>Cos\u00ec Mauro Vizzino a conclusione dei lavori della Commissione sanit\u00e0.<\/p>\n<p>\u201cL\u2019assessore alla Sanit\u00e0 Pierluigi Lopalco ed il Direttore del Dipartimento Salute e Benessere Vito Montanaro, hanno illustrato lo stato dell\u2019arte \u2013 ha continuato il presidente \u2013 spiegando che la situazione, come gi\u00e0 evidenziato in pi\u00f9 occasioni, appare molto complessa. In via prioritaria sar\u00e0 necessario effettuare una verifica del fabbisogno in ogni singola Asl della Regione. Montanaro, si \u00e8 impegnato a sollecitare le aziende sanitarie affinch\u00e9 completino in tempi rapidi l\u2019analisi dei fabbisogni fino al 2022\u201d.<\/p>\n<p>Sulla base dei dati ad oggi disponibili, gli Oss assunti a tempo determinato sono 804, di cui 512 assunti prima del 2019 2020 e i restanti 292 durante la fase pandemica del 2020. Il requisito essenziale perch\u00e9 possano essere stabilizzati (come previsto per legge) \u00e8 che entro il 31 dicembre 2021 raggiungano i 36 mesi di attivit\u00e0.<\/p>\n<p>\u201cE\u2019 evidente \u2013 ha continuato Vizzino &#8211; che tali stabilizzazioni potranno essere effettuate prima di dar corso allo scorrimento degli idonei del bando di Foggia. \u201cL\u2019argomento, in ogni caso, torner\u00e0 ad essere discusso in Commissione Sanit\u00e0 nel corso della prossima settimana e comunque non prima che lo stesso organismo disponga dei dati relativi al fabbisogno di personale (sulla base dei dati forniti dalle Asl). Nei prossimi giorni sar\u00e0 necessario anche un confronto con le Organizzazioni Sindacali\u201d.<\/p>\n<p>**************************<\/p>\n<p>Approvata a maggioranza con la sola astensione del presidente della Commissione, la legge Amati, che prevede l\u2019estensione dell\u2019obbligo vaccinale agli operatori sanitari anche relativamente al vaccino per i Covid, integrando cos\u00ec una legge gi\u00e0 esistente nella nostra Regione.<\/p>\n<p>Si tratta di un articolo unico che recita \u201cLe disposizioni di sicurezza previste, dalla Legge regionale 19 giugno 2018, n. 27 e dal successivo regolamento attuativo, a carico degli operatori sanitari per prevenire e controllare la trasmissione delle infezioni occupazionali e degli agenti infettivi ai pazienti, ai loro familiari, agli altri operatori e alla collettivit\u00e0, si applicano anche per la vaccinazione anti-Coronavirus-19, purch\u00e9 la pratica di prevenzione sia prescritta in forma di obbligo o raccomandazione dalla legislazione statale, ovvero qualora la sua raccomandabilit\u00e0 possa intendersi derivata in coerenza con la legislazione statale eccezionale e d\u2019emergenza, oppure sia prevista da atti amministrativi nazionali, comunque denominati, diretti a favorire la massima copertura vaccinale della popolazione e per questo aventi efficacia integrativa del Piano Nazionale di Prevenzione Vaccinale\u201d.<\/p>\n<p>L\u2019assessore Lopalco ha espresso il suo favore nei confronti dell\u2019iniziativa legislativa, sottolineando tuttavia che, ad oggi, l\u2019adesione degli operatori sanitari alla campagna vaccinale per il Covid \u00e8 massiccia.<\/p>\n<p>\u201cSulle vaccinazioni obbligatorie agli operatori sanitari il Consiglio regionale della Puglia, per ora in Commissione, si mantiene accordato con la prova scientifica, estendendo l\u2019obbligo vaccinale contenuto nella legge vigente alla vaccinazione anti Coronavirus-19. Ringrazio i colleghi e l\u2019assessore Lopalco per il sostegno alla proposta di legge\u201d. Lo dichiara il presidente della Commissione regionale bilancio e programmazione Fabiano Amati, all\u2019esito dell\u2019approvazione in terza Commissione della proposta di legge \u2018Operatori sanitari e vaccinazione anti Coronavirus-19\u2019.<br \/>\n\u201cNella materia dell\u2019obbligo vaccinale a carico degli operatori sanitari c\u2019\u00e8 una storia di originalit\u00e0 tutta pugliese, avviata nella scorsa legislatura con la proposta di legge avanzata dalla collega Francesca Franzoso e approvata dal Consiglio regionale.<br \/>\nUn\u2019idea che scatur\u00ec dai suggerimenti della c.d. Carta di Pisa, redatta tra gli altri dall\u2019attuale assessore alla sanit\u00e0 Pierluigi Lopalco e fortemente sostenuta dai dirigenti dei dipartimenti di prevenzione, a cominciare da Michele Conversano del dipartimento di Taranto.<br \/>\nCon la mia proposta di legge, approvata ieri all\u2019unanimit\u00e0 dalla terza Commissione, continuiamo su quel percorso nella speranza che sia fatto proprio dall\u2019intero Consiglio regionale\u201d.<\/p>\n<p>**************************<\/p>\n<p>Riguardo le vaccinazioni si registra la seguente nota del consigliere regionale di Fratelli d\u2019Italia, Luigi Caroli.<br \/>\n\u201cCirca 100 brindisini si sono vaccinati contro il covid pur non avendone diritto in questa prima Fase, vale a dire quella che \u00e8 partita il 30 dicembre scorso e che in questi giorni vede medici, operatori sanitari, ospiti RSA richiamati per la seconda dose.<br \/>\nNon puntiamo il dito contro nessuno, n\u00e9 consideriamo i 100 che hanno beneficiato della somministrazione dei \u2018furbetti\u2019, anche perch\u00e9 di fatto qualche operatore sanitario l\u2019ha consentita. Ma non possiamo non chiederci se sia giusto che persone che per disposizioni ministeriali non rientravano in questa prima fascia siano stati vaccinati a discapito di tanti anziani o altre figure professionali decisamente pi\u00f9 a rischio.<br \/>\nNon andiamo a caccia di colpevoli, ma non possiamo non chiederci \u2013 e lo facciamo con un\u2019interrogazione &#8211; se ci\u00f2 che \u00e8 accaduto a Brindisi \u00e8 a conoscenza dell\u2019assessore alla sanit\u00e0, Pierluigi Lopalco, visto che quanto da noi sostenuto \u00e8 stato ampiamente denunciato anche dalla stampa locale, regionale e nazionale. Da Lopalco vogliamo sapere, inoltre, se esiste presso al ASL di Brindisi un calendario delle vaccinazioni per la Fase 1 e, nella certezza che esista, come \u00e8 possibile che non una o dieci dosi, ma bens\u00ec un centinaio siano state somministrate a persone non incluse in quell\u2019elenco?\u201d.<\/p>\n","protected":false},"excerpt":{"rendered":"<p>\u201c\u00c8 un tema molto sentito, sul quale stiamo concentrando la nostra attenzione\u201d \u2013 cos\u00ec l\u2019assessore alla sanit\u00e0 Luigi Lopalco, avvia la discussione nel corso dell\u2019audizione nella III Commissione presieduta da Mauro Vizzino. La richiesta di confronto su iniziativa del presidente del Gruppo PD, Filippo Caracciolo, in particolare si riferisce alle \u201cindicazioni operative su eventuale proroga per gli incarichi a tempo determinato degli OSS in scadenza 31.1.2021. La questione \u201ccammina su due binari\u201d, ha spiegato l\u2019assessore. Da una parte ci sono gli 804 operatori socio sanitari assunti a tempo determinato, di questi 512 sono stati assunti prima del 31 dicembre 2019, prima dell\u2019inizio della pandemia e invece 292, nel 2020 dopo l\u2019inizio della pandemia. Questo significa che 804 lavoratori potrebbero aver maturato il diritto del rinnovo del contratto a tempo determinato alla scadenza del 31 gennaio 2021 e fra questi al 31 dicembre del 2021, 512 potrebbero aver maturato il diritto alla stabilizzazione secondo le norme vigenti. Ma non dobbiamo dimentica l\u2019altro binario. Quello che riguarda il concorso degli Oss di&#8230;<\/p>\n","protected":false},"author":2,"featured_media":32636,"comment_status":"open","ping_status":"closed","sticky":false,"template":"","format":"standard","meta":{"footnotes":""},"categories":[7],"tags":[],"class_list":["post-181796","post","type-post","status-publish","format-standard","has-post-thumbnail","hentry","category-news"],"_links":{"self":[{"href":"https:\/\/www.brundisium.net\/index.php\/wp-json\/wp\/v2\/posts\/181796","targetHints":{"allow":["GET"]}}],"collection":[{"href":"https:\/\/www.brundisium.net\/index.php\/wp-json\/wp\/v2\/posts"}],"about":[{"href":"https:\/\/www.brundisium.net\/index.php\/wp-json\/wp\/v2\/types\/post"}],"author":[{"embeddable":true,"href":"https:\/\/www.brundisium.net\/index.php\/wp-json\/wp\/v2\/users\/2"}],"replies":[{"embeddable":true,"href":"https:\/\/www.brundisium.net\/index.php\/wp-json\/wp\/v2\/comments?post=181796"}],"version-history":[{"count":2,"href":"https:\/\/www.brundisium.net\/index.php\/wp-json\/wp\/v2\/posts\/181796\/revisions"}],"predecessor-version":[{"id":181825,"href":"https:\/\/www.brundisium.net\/index.php\/wp-json\/wp\/v2\/posts\/181796\/revisions\/181825"}],"wp:featuredmedia":[{"embeddable":true,"href":"https:\/\/www.brundisium.net\/index.php\/wp-json\/wp\/v2\/media\/32636"}],"wp:attachment":[{"href":"https:\/\/www.brundisium.net\/index.php\/wp-json\/wp\/v2\/media?parent=181796"}],"wp:term":[{"taxonomy":"category","embeddable":true,"href":"https:\/\/www.brundisium.net\/index.php\/wp-json\/wp\/v2\/categories?post=181796"},{"taxonomy":"post_tag","embeddable":true,"href":"https:\/\/www.brundisium.net\/index.php\/wp-json\/wp\/v2\/tags?post=181796"}],"curies":[{"name":"wp","href":"https:\/\/api.w.org\/{rel}","templated":true}]}}