{"id":181877,"date":"2021-01-20T17:33:21","date_gmt":"2021-01-20T16:33:21","guid":{"rendered":"https:\/\/www.brundisium.net\/?p=181877"},"modified":"2021-01-20T17:33:21","modified_gmt":"2021-01-20T16:33:21","slug":"presentato-il-progetto-fasano-citta-smart-in-blu","status":"publish","type":"post","link":"https:\/\/www.brundisium.net\/index.php\/presentato-il-progetto-fasano-citta-smart-in-blu\/","title":{"rendered":"Presentato il progetto Fasano \u201cCitt\u00e0 Smart in Blu\u201d"},"content":{"rendered":"<p>Stamane, nella Sala Consiliare di Palazzo di Citt\u00e0, si \u00e8 svolta la conferenza stampa di presentazione del progetto \u201cCitt\u00e0 Smart in Blu\u201d, promosso dall\u2019Assessorato alle Pari Opportunit\u00e0 del Comune di Fasano, dalla Confesercenti e dell\u2019associazione \u201cil Bene che ti Voglio\u201d.<\/p>\n<p>\u00abOggi siamo qui a presentare un importante progetto \u2013 ha esordito l\u2019assessore Caroli \u2013 che come Amministrazione Comunale, come assessorato alle Pari Opportunit\u00e0 e assessorato alle Attivit\u00e0 Produttive abbiamo subito appoggiato e fatto nostro. Il progetto \u201cCitt\u00e0 Smart in Blu\u201d \u00e8 un progetto di sensibilizzazione e formazione sui disturbi dello spettro autistico.<\/p>\n<p>\u00ab\u201dCitt\u00e0 Smart in Blu\u201d ha come finalit\u00e0 l\u2019aiuto delle famiglie dei bambini che hanno disturbi dello spettro autistico &#8211; ha spiegato il coordinatore Confesercenti Fasano Sante Cofano \u2013. L\u2019idea \u00e8 quella di creare una corsia preferenziale che permetta, grazie al \u201cPASS DI CORTESIA\u201d, di bypassare le code nelle attivit\u00e0 commerciali che aderiscono all\u2019iniziativa. Questo perch\u00e9 per un bambino con disturbi dello spettro autistico, l\u2019attesa in coda pu\u00f2 comportare una serie di frustrazioni e agitazioni tali da scatenare una crisi, non permettendo al genitore di portare a termine l\u2019acquisto.\u00bb<\/p>\n<p>\u00abDevo ringraziare la Pubblica Amministrazione di Fasano per aver aderito al nostro progetto \u2013 ha commentato il presidente dell\u2019associazione \u201cil Bene che ti Voglio\u201d Alessandro Cazzato \u2013 e la Confesercenti di Brindisi in primis, e di Fasano per averci aiutato. Le attivit\u00e0 che aderiranno , esporranno un adesivo che permetter\u00e0 ai possessori del PASS DI CORTESIA di poter usufruire di quest\u2019agevolazione, che per una mamma di bambino autistico pu\u00f2 significare molto. Per richiedere il PASS DI CORTESIA, bisogner\u00e0 farne richiesta al \u201cCAT \u2013 Centro Autismo Territoriale\u201d di Brindisi, o ai Servizi Sociali del Comune. Noi dell\u2019associazione \u201cil Bene che ti Voglio\u201d crediamo che sia fondamentale informare e formare sui disturbi dello spettro autistico, per cercare di aiutare quanto pi\u00f9 possibile le famiglie dei bambini che ne sono affetti.\u00bb<\/p>\n<p>\u00abQuesto progetto mette in evidenza \u2013 ha chiuso l\u2019assessore Caroli \u2013 quanto sia importante il fare rete: collegare la Pubblica Amministrazione alle ASL, alle scuole, ai commercianti, al mondo dell\u2019associazionismo. Solo cos\u00ec si riuscir\u00e0 a compiere un percorso realmente incisivo che permetter\u00e0 di dare risposte concrete\u00bb.<\/p>\n<p>&nbsp;<\/p>\n<p>Ufficio Stampa Citt\u00e0 di Fasano<\/p>\n","protected":false},"excerpt":{"rendered":"<p>Stamane, nella Sala Consiliare di Palazzo di Citt\u00e0, si \u00e8 svolta la conferenza stampa di presentazione del progetto \u201cCitt\u00e0 Smart in Blu\u201d, promosso dall\u2019Assessorato alle Pari Opportunit\u00e0 del Comune di Fasano, dalla Confesercenti e dell\u2019associazione \u201cil Bene che ti Voglio\u201d. \u00abOggi siamo qui a presentare un importante progetto \u2013 ha esordito l\u2019assessore Caroli \u2013 che come Amministrazione Comunale, come assessorato alle Pari Opportunit\u00e0 e assessorato alle Attivit\u00e0 Produttive abbiamo subito appoggiato e fatto nostro. Il progetto \u201cCitt\u00e0 Smart in Blu\u201d \u00e8 un progetto di sensibilizzazione e formazione sui disturbi dello spettro autistico. \u00ab\u201dCitt\u00e0 Smart in Blu\u201d ha come finalit\u00e0 l\u2019aiuto delle famiglie dei bambini che hanno disturbi dello spettro autistico &#8211; ha spiegato il coordinatore Confesercenti Fasano Sante Cofano \u2013. L\u2019idea \u00e8 quella di creare una corsia preferenziale che permetta, grazie al \u201cPASS DI CORTESIA\u201d, di bypassare le code nelle attivit\u00e0 commerciali che aderiscono all\u2019iniziativa. Questo perch\u00e9 per un bambino con disturbi dello spettro autistico, l\u2019attesa in coda pu\u00f2 comportare una serie di frustrazioni e agitazioni tali da scatenare una&#8230;<\/p>\n","protected":false},"author":2,"featured_media":181880,"comment_status":"open","ping_status":"closed","sticky":false,"template":"","format":"standard","meta":{"footnotes":""},"categories":[7],"tags":[],"class_list":["post-181877","post","type-post","status-publish","format-standard","has-post-thumbnail","hentry","category-news"],"_links":{"self":[{"href":"https:\/\/www.brundisium.net\/index.php\/wp-json\/wp\/v2\/posts\/181877","targetHints":{"allow":["GET"]}}],"collection":[{"href":"https:\/\/www.brundisium.net\/index.php\/wp-json\/wp\/v2\/posts"}],"about":[{"href":"https:\/\/www.brundisium.net\/index.php\/wp-json\/wp\/v2\/types\/post"}],"author":[{"embeddable":true,"href":"https:\/\/www.brundisium.net\/index.php\/wp-json\/wp\/v2\/users\/2"}],"replies":[{"embeddable":true,"href":"https:\/\/www.brundisium.net\/index.php\/wp-json\/wp\/v2\/comments?post=181877"}],"version-history":[{"count":1,"href":"https:\/\/www.brundisium.net\/index.php\/wp-json\/wp\/v2\/posts\/181877\/revisions"}],"predecessor-version":[{"id":181881,"href":"https:\/\/www.brundisium.net\/index.php\/wp-json\/wp\/v2\/posts\/181877\/revisions\/181881"}],"wp:featuredmedia":[{"embeddable":true,"href":"https:\/\/www.brundisium.net\/index.php\/wp-json\/wp\/v2\/media\/181880"}],"wp:attachment":[{"href":"https:\/\/www.brundisium.net\/index.php\/wp-json\/wp\/v2\/media?parent=181877"}],"wp:term":[{"taxonomy":"category","embeddable":true,"href":"https:\/\/www.brundisium.net\/index.php\/wp-json\/wp\/v2\/categories?post=181877"},{"taxonomy":"post_tag","embeddable":true,"href":"https:\/\/www.brundisium.net\/index.php\/wp-json\/wp\/v2\/tags?post=181877"}],"curies":[{"name":"wp","href":"https:\/\/api.w.org\/{rel}","templated":true}]}}