{"id":182189,"date":"2021-01-26T13:58:53","date_gmt":"2021-01-26T12:58:53","guid":{"rendered":"https:\/\/www.brundisium.net\/?p=182189"},"modified":"2021-01-26T13:58:53","modified_gmt":"2021-01-26T12:58:53","slug":"fasano-celebrera-la-giornata-della-memoria","status":"publish","type":"post","link":"https:\/\/www.brundisium.net\/index.php\/fasano-celebrera-la-giornata-della-memoria\/","title":{"rendered":"Fasano celebrer\u00e0 la Giornata della Memoria"},"content":{"rendered":"<p>Un incontro virtuale con la storia attraverso il racconto di testimoni dell\u2019Olocausto e uno spettacolo per gli studenti delle scuole. Per non dimenticare quello che \u00e8 stato e fare del ricordo non una semplice rievocazione, ma prezioso strumento di discernimento fra bene e il male per il presente e per il futuro. <\/p>\n<p>Fasano celebrer\u00e0 la Giornata della Memoria mercoled\u00ec (ore 10.00) in collaborazione con il Teatro Pubblico pugliese con Visioni, Dialogo con la memoria. Un incontro virtuale in diretta social ( https:\/\/www.youtube.com\/watch?v=gFCzvFbYS34 e pagina Facebook del Comune di Fasano) con Aida e Dario Fo\u00e0, testimoni della Shoah. Con loro dialogheranno Roberta Ferrara, direttrice della Compagnia  Equilibrio Dinamico, Francesco Tammacco, attore &#8211; drammaturgo. Interverranno: il sindaco Francesco Zaccaria e l\u2019assessore alla Cultura, Cinzia Caroli. Modera Ileana Sapone, responsabile dell\u2019ufficio stampa del teatro Pubblico Pugliese. <\/p>\n<p>Durante la diretta online le scuole, ma anche la cittadinanza potr\u00e0 porre domande agli ospiti e avr\u00e0 la possibilit\u00e0 di intervenire \u00ablive\u00bb sulla chat. <\/p>\n<p>L&#8217;incontro \u00e8 collegato alla diffusione, in anteprima per le scuole aderenti al progetto, dello spettacolo \u00abOnce upon the time when pigs were swine\u00bb (C\u2019era una volta quando i maiali erano porci), realizzato dalla Compagnia Equilibrio Dinamico nell&#8217;ambito della rassegna &#8220;La scena dei ragazzi 2020-2021&#8221; del Comune di Fasano, a cura dal Teatro Pubblico Pugliese. Lo spettacolo porta in scena una storia d\u2019amore immaginaria ambientata nella Polonia dell\u2019Olocausto, durante la seconda guerra mondiale. <\/p>\n<p>Presentata in una forma narrativa, la coreografia mira ad evidenziare la diversit\u00e0 culturale della comunit\u00e0 ebrea rispetto alle autorit\u00e0 SS, a volte utilizzando una sottile vena satirica.<br \/>\nUna storia coreografica che impegna diverse tematiche, combinando dinamica e intrattenimento, alterna momenti molto cupi a momenti molto poetici, ma allo stesso tempo crudeli.<br \/>\nLa regia video \u00e8 affidata a Nicola Ieva e Nicola Martinelli  che gi\u00e0 hanno lavorato con la Compagnia per il progetto de \u00abLo schiaccianoci e il sogno di Clara\u00bb (uno degli eventi clou del programma del Natale di Fasano\u00bb.<\/p>\n<p>Entrambi gli eventi saranno trasmessi in TV, mercoled\u00ec 27 alle 21:30 su Canale 7 (canale 74 del digitale terrestre) <\/p>\n<p>\u00abRiprendendo le parole di Liliana Segre, la memoria \u00e8 l\u2019unico vaccino contro l\u2019indifferenza \u2013 commenta il sindaco Francesco Zaccaria \u2013. Un vaccino per\u00f2 che necessita di continui richiami affinch\u00e9 sia efficace e che deve essere somministrato nel tempo, di generazione in generazione. Perch\u00e9 il male lungo i secoli ha solo cambiato volto, ma conserva sempre lo stesso nome. Ricordare, quindi, \u00e8 necessario non solo per non dimenticare quello che \u00e8 stato, in memoria di quanti nella Shoah hanno perso la vita e sofferto, ma \u00e8 indispensabile per fare esercizio quotidiano di riflessione su quello che ogni giorno accade nella nostra societ\u00e0 e condannare in modo fermo e assoluto ogni forma di razzismo e di indifferenza verso le ragioni dell\u2019altro\u00bb.<\/p>\n<p>L\u2019Olocausto spiegato ai pi\u00f9 piccoli attraverso i libri della Memoria. I racconti dei giorni tremendi nei campi di sterminio con le parole di chi quei momenti li ha vissuti, come Liliana Segre e gli altri testimoni della Shoah: affinch\u00e9 tutte le nuove generazioni, soprattutto i bambini, possano fare tesoro di quello che \u00e8 stato per non ripetere gli errori e gli orrori della storia. <\/p>\n<p>Anche quest\u2019anno, in occasione della Giornata della Memoria di domani, l\u2019amministrazione comunale ha provveduto all\u2019acquisto di testi sul tema della Shoah da donare alle scuole fasanesi di ogni ordine e grado. I libri sono gi\u00e0 stati distribuiti agli istituti e, tra i racconti scelti, ci sono storie dedicate in particolar modo ai piccolissimi \u00abperch\u00e9 anche a loro possono e devono essere raccontate queste cose con il giusto linguaggio e nella giusta maniera\u00bb, dice l\u2019assessore alla Cultura e alla Pubblica Istruzione, Cinzia Caroli.  Oltre ai libri di Liliana Segre, sono stati acquistati testi scritti dalle sorelle Andra e Tatiana Bucci, da Palumbo e altri autori che hanno pubblicato  eccezionali versioni per i pi\u00f9 piccoli.<\/p>\n<p>\u00abIl mio pensiero va ai bambini \u2013 continua l\u2019assessore \u2013 specie a quei tanti bambini che furono perseguitati e rinchiusi nei campi di sterminio. Tutti noi abbiamo il dovere di raccontare, leggere e far leggere di questo orrore, dobbiamo fare in modo che si sviluppi un pensiero critico\u00bb. <\/p>\n<p>\u00abRingrazio i dirigenti scolastici per la collaborazione nel fare esercizio di Memoria attraverso la celebrazione di questa giornata \u2013 dice il sindaco Francesco Zaccaria \u2013. La lettura rende liberi e sviluppa la riflessione. Solo la conoscenza apre gli occhi e la mente sulla realt\u00e0 di quello che \u00e8 stato e affranca dalla schiavit\u00f9 dell\u2019indifferenza. Vogliamo che le nuove generazioni possano diventare cittadini coscienziosi perch\u00e9 solo un bambino che legge pu\u00f2 maturare in un adulto consapevole\u00bb.<\/p>\n","protected":false},"excerpt":{"rendered":"<p>Un incontro virtuale con la storia attraverso il racconto di testimoni dell\u2019Olocausto e uno spettacolo per gli studenti delle scuole. Per non dimenticare quello che \u00e8 stato e fare del ricordo non una semplice rievocazione, ma prezioso strumento di discernimento fra bene e il male per il presente e per il futuro. Fasano celebrer\u00e0 la Giornata della Memoria mercoled\u00ec (ore 10.00) in collaborazione con il Teatro Pubblico pugliese con Visioni, Dialogo con la memoria. Un incontro virtuale in diretta social ( https:\/\/www.youtube.com\/watch?v=gFCzvFbYS34 e pagina Facebook del Comune di Fasano) con Aida e Dario Fo\u00e0, testimoni della Shoah. Con loro dialogheranno Roberta Ferrara, direttrice della Compagnia Equilibrio Dinamico, Francesco Tammacco, attore &#8211; drammaturgo. Interverranno: il sindaco Francesco Zaccaria e l\u2019assessore alla Cultura, Cinzia Caroli. Modera Ileana Sapone, responsabile dell\u2019ufficio stampa del teatro Pubblico Pugliese. Durante la diretta online le scuole, ma anche la cittadinanza potr\u00e0 porre domande agli ospiti e avr\u00e0 la possibilit\u00e0 di intervenire \u00ablive\u00bb sulla chat. L&#8217;incontro \u00e8 collegato alla diffusione, in anteprima per le scuole aderenti al progetto,&#8230;<\/p>\n","protected":false},"author":2,"featured_media":167289,"comment_status":"open","ping_status":"closed","sticky":false,"template":"","format":"standard","meta":{"footnotes":""},"categories":[7],"tags":[],"class_list":["post-182189","post","type-post","status-publish","format-standard","has-post-thumbnail","hentry","category-news"],"_links":{"self":[{"href":"https:\/\/www.brundisium.net\/index.php\/wp-json\/wp\/v2\/posts\/182189","targetHints":{"allow":["GET"]}}],"collection":[{"href":"https:\/\/www.brundisium.net\/index.php\/wp-json\/wp\/v2\/posts"}],"about":[{"href":"https:\/\/www.brundisium.net\/index.php\/wp-json\/wp\/v2\/types\/post"}],"author":[{"embeddable":true,"href":"https:\/\/www.brundisium.net\/index.php\/wp-json\/wp\/v2\/users\/2"}],"replies":[{"embeddable":true,"href":"https:\/\/www.brundisium.net\/index.php\/wp-json\/wp\/v2\/comments?post=182189"}],"version-history":[{"count":1,"href":"https:\/\/www.brundisium.net\/index.php\/wp-json\/wp\/v2\/posts\/182189\/revisions"}],"predecessor-version":[{"id":182190,"href":"https:\/\/www.brundisium.net\/index.php\/wp-json\/wp\/v2\/posts\/182189\/revisions\/182190"}],"wp:featuredmedia":[{"embeddable":true,"href":"https:\/\/www.brundisium.net\/index.php\/wp-json\/wp\/v2\/media\/167289"}],"wp:attachment":[{"href":"https:\/\/www.brundisium.net\/index.php\/wp-json\/wp\/v2\/media?parent=182189"}],"wp:term":[{"taxonomy":"category","embeddable":true,"href":"https:\/\/www.brundisium.net\/index.php\/wp-json\/wp\/v2\/categories?post=182189"},{"taxonomy":"post_tag","embeddable":true,"href":"https:\/\/www.brundisium.net\/index.php\/wp-json\/wp\/v2\/tags?post=182189"}],"curies":[{"name":"wp","href":"https:\/\/api.w.org\/{rel}","templated":true}]}}