{"id":182678,"date":"2021-02-03T18:30:14","date_gmt":"2021-02-03T17:30:14","guid":{"rendered":"https:\/\/www.brundisium.net\/?p=182678"},"modified":"2021-02-04T09:36:42","modified_gmt":"2021-02-04T08:36:42","slug":"crisi-economica-svolto-incontro-in-prefettura","status":"publish","type":"post","link":"https:\/\/www.brundisium.net\/index.php\/crisi-economica-svolto-incontro-in-prefettura\/","title":{"rendered":"Crisi economica: svolto incontro in Prefettura"},"content":{"rendered":"<p>Si \u00e8 tenuta, nella mattinata odierna, in modalit\u00e0 videoconferenza, la riunione della II sezione della Conferenza Provinciale Permanente, presieduta dal Prefetto, anche in adesione della richiesta da parte delle Organizzazioni sindacali (CGIL \u2013 CISL \u2013 UIL), per un monitoraggio dell\u2019andamento economico-produttivo nel territorio della provincia di Brindisi, alla luce dell\u2019emergenza economica in atto e delle prospettive di sviluppo future.<\/p>\n<p>L\u2019incontro ha visto la partecipazione, tra gli altri, delle rappresentanze territoriali di Banca d\u2019Italia, di Confindustria, della Camera di Commercio e dell\u2019Agenzia delle Dogane. Presenti, assieme ai rappresentanti delle principali Associazioni di Categoria del settore del commercio e delle piccole e medie imprese, anche i Sindaci ed il Presidente della Provincia di Brindisi, oltre al Presidente dell\u2019Autorit\u00e0 di Sistema Portuale del Mare Adriatico Meridionale.<\/p>\n<p>Nel corso della riunione sono state affrontate le principali problematiche economico-produttive di un territorio che soffre la crisi derivante dall\u2019attuale congiuntura economica negativa, connessa con l\u2019emergenza pandemica in atto, che rischia di avere ripercussioni anche sull\u2019andamento del mercato del lavoro.<\/p>\n<p>Sono state delineate le principali, numerose criticit\u00e0 che interessano i diversi settori economico-produttivi, in particolare quelli del commercio e del terziario, nonch\u00e9 le problematiche connesse alla liquidit\u00e0 delle piccole e medie imprese locali ed all\u2019accesso al credito, che saranno oggetto di ulteriore approfondimento nel corso di prossimi tavoli di confronto monotematici.<\/p>\n<p>Il dibattito si \u00e8 soffermato, inoltre, sulle potenziali opportunit\u00e0 di crescita economica del territorio, alla luce delle risorse del \u201cRecovery Fund\u201d che saranno destinate alla provincia di Brindisi, che vedono nello sviluppo delle attivit\u00e0 portuali il principale volano di sviluppo.<\/p>\n<p>A tal riguardo, una importante prospettiva di espansione economica potr\u00e0 essere rappresentata dall\u2019approvazione da parte dell\u2019Agenzia delle Dogane e del Territorio della perimetrazione della Zona Franca Doganale Interclusa (Zfd) all\u2019interno dell\u2019area portuale di Brindisi, denominata \u201cCapobianco\u201d, di cui ha dato notizia il Presidente dell\u2019Autorit\u00e0 Portuale.<\/p>\n<p>Nell\u2019ottica di stimolare una maggiore coesione istituzionale tra Enti locali, Uffici periferici dell\u2019Amministrazione statale e parti sociali, \u00e8 stata prospettata l\u2019opportunit\u00e0 di definire una piattaforma programmatica comune per delineare le principali linee d\u2019azione e gli investimenti infrastrutturali strategici su cui fondare lo sviluppo futuro della provincia brindisina.<\/p>\n<p>A tal riguardo, gli attori istituzionali locali sono stati invitati a mettere a fattor comune una compiuta analisi delle specifiche criticit\u00e0 e potenzialit\u00e0 di crescita dei vari segmenti produttivi, nonch\u00e9 le soluzioni proposte, al fine di giungere ad una relazione unitaria, in grado di rappresentare in maniera univoca le istanze della provincia di Brindisi nelle sedi istituzionali competenti, integrando il lavoro in corso gi\u00e0 avviato da Confindustria Brindisi e dalle organizzazioni sindacali confederali.<\/p>\n<p>&nbsp;<\/p>\n<p>&nbsp;<\/p>\n<p><em><strong>COMUNICATO STAMPA PREFETTURA DI BRINDISI<\/strong><\/em><\/p>\n","protected":false},"excerpt":{"rendered":"<p>Si \u00e8 tenuta, nella mattinata odierna, in modalit\u00e0 videoconferenza, la riunione della II sezione della Conferenza Provinciale Permanente, presieduta dal Prefetto, anche in adesione della richiesta da parte delle Organizzazioni sindacali (CGIL \u2013 CISL \u2013 UIL), per un monitoraggio dell\u2019andamento economico-produttivo nel territorio della provincia di Brindisi, alla luce dell\u2019emergenza economica in atto e delle prospettive di sviluppo future. L\u2019incontro ha visto la partecipazione, tra gli altri, delle rappresentanze territoriali di Banca d\u2019Italia, di Confindustria, della Camera di Commercio e dell\u2019Agenzia delle Dogane. Presenti, assieme ai rappresentanti delle principali Associazioni di Categoria del settore del commercio e delle piccole e medie imprese, anche i Sindaci ed il Presidente della Provincia di Brindisi, oltre al Presidente dell\u2019Autorit\u00e0 di Sistema Portuale del Mare Adriatico Meridionale. Nel corso della riunione sono state affrontate le principali problematiche economico-produttive di un territorio che soffre la crisi derivante dall\u2019attuale congiuntura economica negativa, connessa con l\u2019emergenza pandemica in atto, che rischia di avere ripercussioni anche sull\u2019andamento del mercato del lavoro. Sono state delineate le principali, numerose criticit\u00e0&#8230;<\/p>\n","protected":false},"author":2,"featured_media":25014,"comment_status":"open","ping_status":"closed","sticky":false,"template":"","format":"standard","meta":{"footnotes":""},"categories":[7],"tags":[],"class_list":["post-182678","post","type-post","status-publish","format-standard","has-post-thumbnail","hentry","category-news"],"_links":{"self":[{"href":"https:\/\/www.brundisium.net\/index.php\/wp-json\/wp\/v2\/posts\/182678","targetHints":{"allow":["GET"]}}],"collection":[{"href":"https:\/\/www.brundisium.net\/index.php\/wp-json\/wp\/v2\/posts"}],"about":[{"href":"https:\/\/www.brundisium.net\/index.php\/wp-json\/wp\/v2\/types\/post"}],"author":[{"embeddable":true,"href":"https:\/\/www.brundisium.net\/index.php\/wp-json\/wp\/v2\/users\/2"}],"replies":[{"embeddable":true,"href":"https:\/\/www.brundisium.net\/index.php\/wp-json\/wp\/v2\/comments?post=182678"}],"version-history":[{"count":1,"href":"https:\/\/www.brundisium.net\/index.php\/wp-json\/wp\/v2\/posts\/182678\/revisions"}],"predecessor-version":[{"id":182680,"href":"https:\/\/www.brundisium.net\/index.php\/wp-json\/wp\/v2\/posts\/182678\/revisions\/182680"}],"wp:featuredmedia":[{"embeddable":true,"href":"https:\/\/www.brundisium.net\/index.php\/wp-json\/wp\/v2\/media\/25014"}],"wp:attachment":[{"href":"https:\/\/www.brundisium.net\/index.php\/wp-json\/wp\/v2\/media?parent=182678"}],"wp:term":[{"taxonomy":"category","embeddable":true,"href":"https:\/\/www.brundisium.net\/index.php\/wp-json\/wp\/v2\/categories?post=182678"},{"taxonomy":"post_tag","embeddable":true,"href":"https:\/\/www.brundisium.net\/index.php\/wp-json\/wp\/v2\/tags?post=182678"}],"curies":[{"name":"wp","href":"https:\/\/api.w.org\/{rel}","templated":true}]}}