{"id":183028,"date":"2021-02-09T22:16:15","date_gmt":"2021-02-09T21:16:15","guid":{"rendered":"https:\/\/www.brundisium.net\/?p=183028"},"modified":"2021-02-12T23:40:13","modified_gmt":"2021-02-12T22:40:13","slug":"ciccio-riccio-celebra-il-world-radio-day","status":"publish","type":"post","link":"https:\/\/www.brundisium.net\/index.php\/ciccio-riccio-celebra-il-world-radio-day\/","title":{"rendered":"Ciccio Riccio celebra il World Radio Day"},"content":{"rendered":"<p><a href=\"https:\/\/www.brundisium.net\/brun\/wp-content\/uploads\/2021\/02\/wrd-ciccioriccio.jpg\"><img loading=\"lazy\" decoding=\"async\" class=\"alignleft size-medium wp-image-183034\" src=\"https:\/\/www.brundisium.net\/brun\/wp-content\/uploads\/2021\/02\/wrd-ciccioriccio-212x300.jpg\" alt=\"\" width=\"212\" height=\"300\" srcset=\"https:\/\/www.brundisium.net\/brun\/wp-content\/uploads\/2021\/02\/wrd-ciccioriccio-212x300.jpg 212w, https:\/\/www.brundisium.net\/brun\/wp-content\/uploads\/2021\/02\/wrd-ciccioriccio-724x1024.jpg 724w, https:\/\/www.brundisium.net\/brun\/wp-content\/uploads\/2021\/02\/wrd-ciccioriccio-768x1086.jpg 768w, https:\/\/www.brundisium.net\/brun\/wp-content\/uploads\/2021\/02\/wrd-ciccioriccio-1086x1536.jpg 1086w, https:\/\/www.brundisium.net\/brun\/wp-content\/uploads\/2021\/02\/wrd-ciccioriccio.jpg 1131w\" sizes=\"auto, (max-width: 212px) 100vw, 212px\" \/><\/a>Il 13 febbraio si celebra il 10\u00b0 anniversario del World Radio Day, un evento internazionale organizzato dall&#8217;UNESCU e adottato nel 2012 dall&#8217;Assemblea Generale delle Nazioni Unite.<\/p>\n<p>Tutte le stazioni radio del mondo sono invitate a partecipare per contribuire alle celebrazioni del mezzo di comunicazione pi\u00f9 utilizzato al mondo. Una forma di libera espressione per onorare l&#8217;umanit\u00e0 nella sua diversit\u00e0 culturale e la conversazione democratica.<\/p>\n<p>La radio gode di ottima salute. E&#8217; sopravvissuta all&#8217;arrivo della televisione commerciale e all&#8217;avvento di internet.<\/p>\n<p>Le voci e la musica scandiscono le nostre vite come compagne di viaggio.<\/p>\n<p>La radio rispecchia l&#8217;evoluzione della societ\u00e0 e il progresso tecnologico.<\/p>\n<p>La scelta del 13 febbraio \u00e8 dovuta al fatto che in quella data c&#8217;\u00e8 stata la prima trasmissione della radio delle Nazioni Unite.<\/p>\n<p>L&#8217;UNESCU per il 2021 ha scelto tre temi da affrontare nel World Radio Day: Evolution, Innovation e Connection.<\/p>\n<p>&nbsp;<\/p>\n<p>Ciccio Riccio sosterr\u00e0 la decima edizione di World Radio Day con la trasmissione &#8220;W la radio&#8221; in onda venerdi 12 febbraio alle ore 11.00 e in replica il giorno dopo, allo stesso orario, sulle frequenze di Disco Box.<\/p>\n<p>&nbsp;<\/p>\n<p>Interverranno Mimmo Tardio, responsabile culturale Club per UNESCU Brindisi, Mino Molfetta editore e storica voce di Ciccio Riccio e Marco Greco, speaker radiofonico di Radiazioni- Ciccio Riccio.<\/p>\n","protected":false},"excerpt":{"rendered":"<p>Il 13 febbraio si celebra il 10\u00b0 anniversario del World Radio Day, un evento internazionale organizzato dall&#8217;UNESCU e adottato nel 2012 dall&#8217;Assemblea Generale delle Nazioni Unite. Tutte le stazioni radio del mondo sono invitate a partecipare per contribuire alle celebrazioni del mezzo di comunicazione pi\u00f9 utilizzato al mondo. Una forma di libera espressione per onorare l&#8217;umanit\u00e0 nella sua diversit\u00e0 culturale e la conversazione democratica. La radio gode di ottima salute. E&#8217; sopravvissuta all&#8217;arrivo della televisione commerciale e all&#8217;avvento di internet. Le voci e la musica scandiscono le nostre vite come compagne di viaggio. La radio rispecchia l&#8217;evoluzione della societ\u00e0 e il progresso tecnologico. La scelta del 13 febbraio \u00e8 dovuta al fatto che in quella data c&#8217;\u00e8 stata la prima trasmissione della radio delle Nazioni Unite. L&#8217;UNESCU per il 2021 ha scelto tre temi da affrontare nel World Radio Day: Evolution, Innovation e Connection. &nbsp; Ciccio Riccio sosterr\u00e0 la decima edizione di World Radio Day con la trasmissione &#8220;W la radio&#8221; in onda venerdi 12 febbraio alle ore 11.00 e&#8230;<\/p>\n","protected":false},"author":2,"featured_media":183036,"comment_status":"open","ping_status":"closed","sticky":false,"template":"","format":"standard","meta":{"footnotes":""},"categories":[189,7],"tags":[],"class_list":["post-183028","post","type-post","status-publish","format-standard","has-post-thumbnail","hentry","category-musica-2","category-news"],"_links":{"self":[{"href":"https:\/\/www.brundisium.net\/index.php\/wp-json\/wp\/v2\/posts\/183028","targetHints":{"allow":["GET"]}}],"collection":[{"href":"https:\/\/www.brundisium.net\/index.php\/wp-json\/wp\/v2\/posts"}],"about":[{"href":"https:\/\/www.brundisium.net\/index.php\/wp-json\/wp\/v2\/types\/post"}],"author":[{"embeddable":true,"href":"https:\/\/www.brundisium.net\/index.php\/wp-json\/wp\/v2\/users\/2"}],"replies":[{"embeddable":true,"href":"https:\/\/www.brundisium.net\/index.php\/wp-json\/wp\/v2\/comments?post=183028"}],"version-history":[{"count":2,"href":"https:\/\/www.brundisium.net\/index.php\/wp-json\/wp\/v2\/posts\/183028\/revisions"}],"predecessor-version":[{"id":183038,"href":"https:\/\/www.brundisium.net\/index.php\/wp-json\/wp\/v2\/posts\/183028\/revisions\/183038"}],"wp:featuredmedia":[{"embeddable":true,"href":"https:\/\/www.brundisium.net\/index.php\/wp-json\/wp\/v2\/media\/183036"}],"wp:attachment":[{"href":"https:\/\/www.brundisium.net\/index.php\/wp-json\/wp\/v2\/media?parent=183028"}],"wp:term":[{"taxonomy":"category","embeddable":true,"href":"https:\/\/www.brundisium.net\/index.php\/wp-json\/wp\/v2\/categories?post=183028"},{"taxonomy":"post_tag","embeddable":true,"href":"https:\/\/www.brundisium.net\/index.php\/wp-json\/wp\/v2\/tags?post=183028"}],"curies":[{"name":"wp","href":"https:\/\/api.w.org\/{rel}","templated":true}]}}